{"id":85562,"date":"2025-05-09T15:57:22","date_gmt":"2025-05-09T18:57:22","guid":{"rendered":"https:\/\/noticiasbahia360.com.br\/?p=85562"},"modified":"2025-05-09T15:57:22","modified_gmt":"2025-05-09T18:57:22","slug":"missa-de-posse-do-papa-leao-xiv-ocorrera-em-18-de-maio","status":"publish","type":"post","link":"https:\/\/noticiasbahia360.com.br\/?p=85562","title":{"rendered":"Missa de posse do papa Le\u00e3o XIV ocorrer\u00e1 em 18 de maio"},"content":{"rendered":"<div>\n<div>\n<figure><img decoding=\"async\" src=\"http:\/\/noticiasbahia360.com.br\/wp-content\/uploads\/2025\/05\/Papa-Leao-XIV-foto-reproducao-vatican-news.jpg\" alt=\"Papa Le\u00e3o XIV\"><figcaption>Foto: Reprodu\u00e7\u00e3o\/Vatican News<\/figcaption><\/figure>\n<\/div>\n<p>O papa rec\u00e9m-eleito Le\u00e3o XIV ser\u00e1 formalmente empossado em cerim\u00f4nia marcada para as 10h (hor\u00e1rio local, 5h em Bras\u00edlia) do pr\u00f3ximo dia 18, na Pra\u00e7a de S\u00e3o Pedro.<\/p>\n<p>A data, divulgada nesta sexta-feira (9) pelo Vaticano, marca o in\u00edcio do pontificado do l\u00edder da Igreja Cat\u00f3lica, que congrega 1,4 bilh\u00e3o de fi\u00e9is em todo o mundo.<\/p>\n<p>Ainda de acordo com a Santa S\u00e9, neste s\u00e1bado (10), o papa se re\u00fane com os cardeais. No domingo (11), marcando sua primeira apari\u00e7\u00e3o p\u00fablica ap\u00f3s a elei\u00e7\u00e3o, est\u00e3o previstas uma ora\u00e7\u00e3o e uma sauda\u00e7\u00e3o a partir da sacada da Bas\u00edlica de S\u00e3o Pedro.<\/p>\n<h2 class=\"wp-block-heading\" id=\"h-conclave\">Conclave<\/h2>\n<p>O cardeal norte-americano Robert Francis Prevost, de 69 anos, foi apresentado nesta quinta-feira (8) ao mundo como o 267\u00ba papa da Igreja.<\/p>\n<p>O nome escolhido pelo novo pont\u00edfice \u00e9 Le\u00e3o XIV. Ele sucede o papa Francisco, falecido no \u00faltimo dia 21.<\/p>\n<p>O lema episcopal de Le\u00e3o XIV \u00e9 In Illo uno unum (Em um s\u00f3 somos um), palavras que Santo Agostinho pronunciou em um serm\u00e3o sobre o Salmo 127, para explicar que, \u201cembora n\u00f3s, crist\u00e3os, sejamos muitos, no \u00fanico Cristo, somos um\u201d.<\/p>\n<p><em>Siga o Acorda Cidade no<\/em><a href=\"https:\/\/news.google.com\/search?q=acorda%20cidade&amp;hl=pt-BR&amp;gl=BR&amp;ceid=BR%3Apt-419\"><strong><em>\u00a0Google Not\u00edcias<\/em><\/strong><\/a><em>\u00a0e receba os principais destaques do dia. Participe tamb\u00e9m dos nossos canais no\u00a0<\/em><a href=\"https:\/\/www.whatsapp.com\/channel\/0029Va6Rb4v3WHTNnsh8WI3N\"><strong><em>WhatsApp<\/em><\/strong><\/a><em>\u00a0e\u00a0<\/em><a href=\"https:\/\/www.youtube.com\/@acordacidadenoticias\/videos\"><strong>Youtube<\/strong><\/a><em>\u00a0e grupo de\u00a0<\/em><a href=\"https:\/\/t.me\/+sSz0khrgARA0ZmRh\"><strong><em>Telegram<\/em><\/strong><\/a><em>.<\/em><\/p>\n<\/div>\n","protected":false},"excerpt":{"rendered":"<div>\n<div>\n<figure><img decoding=\"async\" src=\"https:\/\/uploads.acordacidade.com.br\/2025\/05\/Papa-Leao-XIV-foto-reproducao-vatican-news.jpg\" alt=\"Papa Le\u00e3o XIV\"><figcaption>Foto: Reprodu\u00e7\u00e3o\/Vatican News<\/figcaption><\/figure>\n<\/div>\n<p>A data,marca o in\u00edcio do pontificado do l\u00edder da Igreja Cat\u00f3lica, que congrega 1,4 bilh\u00e3o de fi\u00e9is em todo o mundo.<\/p><\/div>\n","protected":false},"author":1,"featured_media":85563,"comment_status":"closed","ping_status":"closed","sticky":false,"template":"","format":"gallery","meta":{"footnotes":""},"categories":[8,9,6,57,56,10],"tags":[],"class_list":["post-85562","post","type-post","status-publish","format-gallery","has-post-thumbnail","hentry","category-bahia","category-brasil","category-feira-de-santana","category-mundo","category-policia","category-politica","post_format-post-format-gallery"],"featured_image_urls":{"full":["https:\/\/noticiasbahia360.com.br\/wp-content\/uploads\/2025\/05\/Papa-Leao-XIV-foto-reproducao-vatican-news.jpg",1200,729,false],"thumbnail":["https:\/\/noticiasbahia360.com.br\/wp-content\/uploads\/2025\/05\/Papa-Leao-XIV-foto-reproducao-vatican-news-150x150.jpg",150,150,true],"medium":["https:\/\/noticiasbahia360.com.br\/wp-content\/uploads\/2025\/05\/Papa-Leao-XIV-foto-reproducao-vatican-news-300x182.jpg",300,182,true],"medium_large":["https:\/\/noticiasbahia360.com.br\/wp-content\/uploads\/2025\/05\/Papa-Leao-XIV-foto-reproducao-vatican-news-768x467.jpg",640,389,true],"large":["https:\/\/noticiasbahia360.com.br\/wp-content\/uploads\/2025\/05\/Papa-Leao-XIV-foto-reproducao-vatican-news-1024x622.jpg",640,389,true],"1536x1536":["https:\/\/noticiasbahia360.com.br\/wp-content\/uploads\/2025\/05\/Papa-Leao-XIV-foto-reproducao-vatican-news.jpg",1200,729,false],"2048x2048":["https:\/\/noticiasbahia360.com.br\/wp-content\/uploads\/2025\/05\/Papa-Leao-XIV-foto-reproducao-vatican-news.jpg",1200,729,false],"chromenews-featured":["https:\/\/noticiasbahia360.com.br\/wp-content\/uploads\/2025\/05\/Papa-Leao-XIV-foto-reproducao-vatican-news-1024x622.jpg",1024,622,true],"chromenews-large":["https:\/\/noticiasbahia360.com.br\/wp-content\/uploads\/2025\/05\/Papa-Leao-XIV-foto-reproducao-vatican-news-825x575.jpg",825,575,true],"chromenews-medium":["https:\/\/noticiasbahia360.com.br\/wp-content\/uploads\/2025\/05\/Papa-Leao-XIV-foto-reproducao-vatican-news-590x410.jpg",590,410,true]},"author_info":{"display_name":"noticiasbahia360.com.br","author_link":"https:\/\/noticiasbahia360.com.br\/?author=1"},"category_info":"<a href=\"https:\/\/noticiasbahia360.com.br\/?cat=8\" rel=\"category\">Bahia<\/a> <a href=\"https:\/\/noticiasbahia360.com.br\/?cat=9\" rel=\"category\">Brasil<\/a> <a href=\"https:\/\/noticiasbahia360.com.br\/?cat=6\" rel=\"category\">Feira de Santana<\/a> <a href=\"https:\/\/noticiasbahia360.com.br\/?cat=57\" rel=\"category\">Mundo<\/a> <a href=\"https:\/\/noticiasbahia360.com.br\/?cat=56\" rel=\"category\">Pol\u00edcia<\/a> <a href=\"https:\/\/noticiasbahia360.com.br\/?cat=10\" rel=\"category\">Pol\u00edtica<\/a>","tag_info":"Pol\u00edtica","comment_count":"0","_links":{"self":[{"href":"https:\/\/noticiasbahia360.com.br\/index.php?rest_route=\/wp\/v2\/posts\/85562","targetHints":{"allow":["GET"]}}],"collection":[{"href":"https:\/\/noticiasbahia360.com.br\/index.php?rest_route=\/wp\/v2\/posts"}],"about":[{"href":"https:\/\/noticiasbahia360.com.br\/index.php?rest_route=\/wp\/v2\/types\/post"}],"author":[{"embeddable":true,"href":"https:\/\/noticiasbahia360.com.br\/index.php?rest_route=\/wp\/v2\/users\/1"}],"replies":[{"embeddable":true,"href":"https:\/\/noticiasbahia360.com.br\/index.php?rest_route=%2Fwp%2Fv2%2Fcomments&post=85562"}],"version-history":[{"count":0,"href":"https:\/\/noticiasbahia360.com.br\/index.php?rest_route=\/wp\/v2\/posts\/85562\/revisions"}],"wp:featuredmedia":[{"embeddable":true,"href":"https:\/\/noticiasbahia360.com.br\/index.php?rest_route=\/wp\/v2\/media\/85563"}],"wp:attachment":[{"href":"https:\/\/noticiasbahia360.com.br\/index.php?rest_route=%2Fwp%2Fv2%2Fmedia&parent=85562"}],"wp:term":[{"taxonomy":"category","embeddable":true,"href":"https:\/\/noticiasbahia360.com.br\/index.php?rest_route=%2Fwp%2Fv2%2Fcategories&post=85562"},{"taxonomy":"post_tag","embeddable":true,"href":"https:\/\/noticiasbahia360.com.br\/index.php?rest_route=%2Fwp%2Fv2%2Ftags&post=85562"}],"curies":[{"name":"wp","href":"https:\/\/api.w.org\/{rel}","templated":true}]}}