{"id":85564,"date":"2025-05-09T16:12:35","date_gmt":"2025-05-09T19:12:35","guid":{"rendered":"https:\/\/noticiasbahia360.com.br\/?p=85564"},"modified":"2025-05-09T16:12:35","modified_gmt":"2025-05-09T19:12:35","slug":"inss-vai-devolver-r-292-milhoes-a-aposentados-com-descontos-ilegais","status":"publish","type":"post","link":"https:\/\/noticiasbahia360.com.br\/?p=85564","title":{"rendered":"INSS vai devolver R$ 292 milh\u00f5es a aposentados com descontos ilegais"},"content":{"rendered":"<div>\n<div>\n<figure><img decoding=\"async\" src=\"http:\/\/noticiasbahia360.com.br\/wp-content\/uploads\/2025\/05\/inss_previdencia_social-foto-marcello-casal-jr-agencia-Brasil.jpg\" alt=\"INSS\"><figcaption>Foto: Marcello Casal Jr.\/Ag\u00eancia Brasil | Instituto Nacional do Seguro Social (INSS)<\/figcaption><\/figure>\n<\/div>\n<p>Ag\u00eancia Brasil \u2013 O Instituto Nacional do Seguro Social (INSS) anunciou que, a partir do pr\u00f3ximo dia 26, vai come\u00e7ar a restituir cerca de R$ 292,7 milh\u00f5es a aposentados e pensionistas lesados por descontos n\u00e3o autorizados de mensalidades associativas.<\/p>\n<p>De acordo com o INSS, todos os aposentados e pensionistas que sofreram descontos em abril, independentemente destes terem sido autorizados ou n\u00e3o, receber\u00e3o os valores de volta at\u00e9 6 de junho, junto com seus benef\u00edcios.<\/p>\n<p>A quantia diz respeito apenas \u00e0s mensalidades deduzidas dos benef\u00edcios previdenci\u00e1rios pagos entre o fim de abril e o in\u00edcio de maio \u2013 ap\u00f3s a Pol\u00edcia Federal (PF) e a Controladoria-Geral da Uni\u00e3o (CGU) deflagrarem uma megaopera\u00e7\u00e3o para aprofundar as investiga\u00e7\u00f5es sobre um esquema nacional de descontos ilegais, motivando o INSS a suspender todos os descontos.<\/p>\n<p>\u201cEsse valor \u00e9 referente \u00e0s mensalidades de abril que, mesmo ap\u00f3s o bloqueio, foram descontadas [em favor de] sindicatos e associa\u00e7\u00f5es porque a folha do m\u00eas j\u00e1 tinha sido rodado\u201d, informou a autarquia, explicando que o dinheiro descontado foi quase que integralmente bloqueado, n\u00e3o tendo sido repassado para as entidades.<\/p>\n<p>O governo federal j\u00e1 tinha se comprometido a devolver rapidamente os valores descontados em abril e maio, embora sem mencionar valores.<\/p>\n<p>\u201cOs recursos descontados dos aposentados j\u00e1 n\u00e3o v\u00e3o para as associa\u00e7\u00f5es em maio. V\u00e3o ser retidos e, na pr\u00f3xima folha de pagamento, ser\u00e3o restitu\u00eddos aos aposentados\u201d, garantiu o ministro da Controladoria-Geral da Uni\u00e3o (CGU), Vinicius Marques de Carvalho, um dia ap\u00f3s a PF e a CGU realizarem a Opera\u00e7\u00e3o Sem Desconto.<\/p>\n<p>Nesta quinta-feira (8), o presidente do INSS, Gilberto Waller J\u00fanior, anunciou que os aposentados e pensionistas v\u00edtimas de descontos n\u00e3o autorizados de mensalidades associativas ser\u00e3o ressarcidos pelos preju\u00edzos sofridos a partir de mar\u00e7o de 2020 e at\u00e9 mar\u00e7o de 2025.<\/p>\n<h2 class=\"wp-block-heading\" id=\"h-notificacao\">Notifica\u00e7\u00e3o<\/h2>\n<p>Na pr\u00f3xima ter\u00e7a-feira (14), o instituto come\u00e7ar\u00e1 a notificar cerca de 9 milh\u00f5es de benefici\u00e1rios que tiveram dedu\u00e7\u00f5es relativas a mensalidades de filia\u00e7\u00e3o a associa\u00e7\u00f5es, sindicatos e outras entidades sociais.<\/p>\n<p>As notifica\u00e7\u00f5es ser\u00e3o feitas exclusivamente por meio do aplicativo Meu INSS e pela Central de Atendimento telef\u00f4nico da autarquia, no n\u00famero 135.<\/p>\n<p>\u201c[O cidad\u00e3o] vai abrir estes canais e [verificar que] teve um desconto pela associa\u00e7\u00e3o X e que o valor descontado \u00e9 tal. Olhando esse dado, ele pode falar: \u2018realmente, eu fui associado\u2019. Ou, \u2018eu n\u00e3o fui associado. Eu n\u00e3o reconhe\u00e7o este v\u00ednculo associativo e n\u00e3o concordo com este desconto\u2019\u201d, explicou Waller, durante coletiva de imprensa no Pal\u00e1cio do Planalto, em Bras\u00edlia.<\/p>\n<p>Se a pessoa informar ao INSS que n\u00e3o autorizou os descontos, o instituto notificar\u00e1 a entidade para a qual repassou a quantia cobrada e esta ter\u00e1 15 dias \u00fateis para comprovar que o aposentado ou pensionista se filiou e autorizou o desconto em folha.<\/p>\n<p>\u201cAs que n\u00e3o o fizerem, n\u00f3s encaminharemos para a AGU, demonstrando o d\u00e9bito para que sejam tomadas as medidas cab\u00edveis\u201d, explicou Waller, assegurando que o benefici\u00e1rio que questionar os descontos n\u00e3o vai precisar apresentar nenhum documento ao INSS.<\/p>\n<p>\u201cEle n\u00e3o vai preencher nada. Ele simplesmente vai clicar [no Meu INSS] e falar, \u201ceste desconto eu n\u00e3o reconhe\u00e7o\u201d, prosseguiu o presidente do instituto, acrescentando que caber\u00e1 \u00e0s entidades comprovarem a legalidade dos descontos questionados.<\/p>\n<p>Ainda segundo Waller, s\u00f3 ao fim deste processo de averigua\u00e7\u00e3o o INSS saber\u00e1 quantos aposentados e pensionistas foram, de fato, lesados pelo esquema, que, segundo os \u00f3rg\u00e3os de controle e o pr\u00f3prio instituto, se arrasta h\u00e1 anos.<\/p>\n<h2 class=\"wp-block-heading\" id=\"h-entenda-o-caso\">Entenda o caso<\/h2>\n<p>A cobran\u00e7a em folha da mensalidade associativa \u00e9 permitida desde 1991, quando entrou em vigor a Lei dos Benef\u00edcios da Previd\u00eancia Social. \u00c9 feita com base nos Acordos de Coopera\u00e7\u00e3o T\u00e9cnica (ACTs) que o INSS assina com as entidades para as quais, posteriormente, repassa o valor deduzido das aposentadorias e pens\u00f5es.<\/p>\n<p>Dois relat\u00f3rios que a CGU divulgou nos \u00faltimos dias demonstram que o caso j\u00e1 vinha sendo apurado tamb\u00e9m no \u00e2mbito administrativo pelo menos desde o primeiro semestre de 2024.<\/p>\n<p>A Opera\u00e7\u00e3o Sem Desconto, deflagrada no \u00faltimo dia 23, resultou, de imediato, na exonera\u00e7\u00e3o do ent\u00e3o presidente do INSS Alessandro Stefanutto, que foi substitu\u00eddo por Waller.<\/p>\n<p>Quatro dirigentes da autarquia e um policial federal lotado em S\u00e3o Paulo tamb\u00e9m foram cautelarmente afastados de suas fun\u00e7\u00f5es.<\/p>\n<p>Poucos dias depois, o pedetista Carlos Lupi deixou o comando do Minist\u00e9rio da Previd\u00eancia Social, ao qual o INSS est\u00e1 subordinado.<\/p>\n<p>No rastro da Opera\u00e7\u00e3o Sem Desconto, o INSS suspendeu os acordos de coopera\u00e7\u00e3o com todas as associa\u00e7\u00f5es, sindicatos e entidades e, consequentemente, os descontos autom\u00e1ticos de milh\u00f5es de benefici\u00e1rios.<\/p>\n<p>A AGU criou um grupo especial para propor medidas judiciais e administrativas para tentar recuperar o preju\u00edzo, ressarcir os benefici\u00e1rios do INSS prejudicados e propor novas medidas contra fraudes.<\/p>\n<p>Por decis\u00e3o judicial, mais de R$ 1 bilh\u00e3o em bens patrimoniais dos investigados j\u00e1 est\u00e3o bloqueados para, eventualmente, reparar parte dos danos. Nesta quinta-feira, a AGU pediu \u00e0 Justi\u00e7a Federal que bloqueie R$ 2,56 bilh\u00f5es em bens de 12 entidades associativas.<\/p>\n<p>Dados do instituto e da CGU apontam para o \u201cs\u00fabito aumento no montante dos descontos de mensalidades associativas realizados na folha de pagamento dos benefici\u00e1rios do INSS\u201d a partir de 2016, quando os descontos associativos somaram R$ 413 milh\u00f5es.<\/p>\n<p>Em 2017, o montante subiu para R$ 460 milh\u00f5es. J\u00e1 em 2018, foram descontados R$ 617 milh\u00f5es. Em 2019, R$ 604 milh\u00f5es. Em 2020, em meio \u00e0 pandemia da covid-19, o valor caiu para R$ 510 milh\u00f5es. Em 2021, o total voltou a subir, atingindo R$ 536 milh\u00f5es. Em 2022, foram R$ 706 milh\u00f5es. Em 2023, R$ 1,2 bilh\u00e3o. E, no ano passado, R$ 2,8 bilh\u00f5es.<\/p>\n<p>As reclama\u00e7\u00f5es ao INSS cresceram quase que no mesmo ritmo dos descontos. S\u00f3 entre janeiro de 2023 e maio de 2024, o instituto recebeu mais de 1,163 milh\u00e3o de pedidos de cancelamento de cobran\u00e7as. A maioria, com a justificativa de que n\u00e3o tinha sido autorizada pelos benefici\u00e1rios ou seus representantes legais.<\/p>\n<p>Ontem, a ministra do Planejamento e Or\u00e7amento, Simone Tebet, afirmou que o governo federal vai ressarcir todas as v\u00edtimas de descontos ilegais, usando, para isso, bens patrimoniais das pessoas e empresas que participavam do esquema criminoso.<\/p>\n<p>\u201cNingu\u00e9m vai ficar prejudicado nessa conta. Todos ser\u00e3o ressarcidos\u201d, declarou Tebet.<\/p>\n<p>\u201cA \u00fanica coisa que temos que ponderar \u00e9 que o dinheiro que ir\u00e1 ressarcir \u00e9 n\u00e3o s\u00f3 fruto da apreens\u00e3o de bens, porque isso pode ser insuficiente. Se precisar a Uni\u00e3o complementar, n\u00f3s iremos complementar, mas vamos complementar com dinheiro p\u00fablico. Ent\u00e3o temos que ter a responsabilidade de s\u00f3 restituir para quem deve [ser restitu\u00eddo]\u201d, acrescentou.<\/p>\n<p><em>Siga o Acorda Cidade no<\/em><a href=\"https:\/\/news.google.com\/search?q=acorda%20cidade&amp;hl=pt-BR&amp;gl=BR&amp;ceid=BR%3Apt-419\"><strong><em>\u00a0Google Not\u00edcias<\/em><\/strong><\/a><em>\u00a0e receba os principais destaques do dia. Participe tamb\u00e9m dos nossos canais no\u00a0<\/em><a href=\"https:\/\/www.whatsapp.com\/channel\/0029Va6Rb4v3WHTNnsh8WI3N\"><strong><em>WhatsApp<\/em><\/strong><\/a><em>\u00a0e\u00a0<\/em><a href=\"https:\/\/www.youtube.com\/@acordacidadenoticias\/videos\"><strong>Youtube<\/strong><\/a><em>\u00a0e grupo de\u00a0<\/em><a href=\"https:\/\/t.me\/+sSz0khrgARA0ZmRh\"><strong><em>Telegram<\/em><\/strong><\/a><em>.<\/em><\/p>\n<\/div>\n","protected":false},"excerpt":{"rendered":"<div>\n<div>\n<figure><img decoding=\"async\" src=\"https:\/\/uploads.acordacidade.com.br\/wp-content\/uploads\/2022\/05\/21225134\/inss_previdencia_social-foto-marcello-casal-jr-agencia-Brasil.jpg\" alt=\"INSS\"><figcaption>Foto: Marcello Casal Jr.\/Ag\u00eancia Brasil | Instituto Nacional do Seguro Social (INSS)<\/figcaption><\/figure>\n<\/div>\n<p>Devolu\u00e7\u00e3o de abril \u00e9 primeira etapa de plano de ressarcimento<\/p><\/div>\n","protected":false},"author":1,"featured_media":85565,"comment_status":"closed","ping_status":"closed","sticky":false,"template":"","format":"gallery","meta":{"footnotes":""},"categories":[8,9,6,57,56,10],"tags":[],"class_list":["post-85564","post","type-post","status-publish","format-gallery","has-post-thumbnail","hentry","category-bahia","category-brasil","category-feira-de-santana","category-mundo","category-policia","category-politica","post_format-post-format-gallery"],"featured_image_urls":{"full":["https:\/\/noticiasbahia360.com.br\/wp-content\/uploads\/2025\/05\/inss_previdencia_social-foto-marcello-casal-jr-agencia-Brasil.jpg",640,326,false],"thumbnail":["https:\/\/noticiasbahia360.com.br\/wp-content\/uploads\/2025\/05\/inss_previdencia_social-foto-marcello-casal-jr-agencia-Brasil-150x150.jpg",150,150,true],"medium":["https:\/\/noticiasbahia360.com.br\/wp-content\/uploads\/2025\/05\/inss_previdencia_social-foto-marcello-casal-jr-agencia-Brasil-300x153.jpg",300,153,true],"medium_large":["https:\/\/noticiasbahia360.com.br\/wp-content\/uploads\/2025\/05\/inss_previdencia_social-foto-marcello-casal-jr-agencia-Brasil.jpg",640,326,false],"large":["https:\/\/noticiasbahia360.com.br\/wp-content\/uploads\/2025\/05\/inss_previdencia_social-foto-marcello-casal-jr-agencia-Brasil.jpg",640,326,false],"1536x1536":["https:\/\/noticiasbahia360.com.br\/wp-content\/uploads\/2025\/05\/inss_previdencia_social-foto-marcello-casal-jr-agencia-Brasil.jpg",640,326,false],"2048x2048":["https:\/\/noticiasbahia360.com.br\/wp-content\/uploads\/2025\/05\/inss_previdencia_social-foto-marcello-casal-jr-agencia-Brasil.jpg",640,326,false],"chromenews-featured":["https:\/\/noticiasbahia360.com.br\/wp-content\/uploads\/2025\/05\/inss_previdencia_social-foto-marcello-casal-jr-agencia-Brasil.jpg",640,326,false],"chromenews-large":["https:\/\/noticiasbahia360.com.br\/wp-content\/uploads\/2025\/05\/inss_previdencia_social-foto-marcello-casal-jr-agencia-Brasil.jpg",640,326,false],"chromenews-medium":["https:\/\/noticiasbahia360.com.br\/wp-content\/uploads\/2025\/05\/inss_previdencia_social-foto-marcello-casal-jr-agencia-Brasil-590x326.jpg",590,326,true]},"author_info":{"display_name":"noticiasbahia360.com.br","author_link":"https:\/\/noticiasbahia360.com.br\/?author=1"},"category_info":"<a href=\"https:\/\/noticiasbahia360.com.br\/?cat=8\" rel=\"category\">Bahia<\/a> <a href=\"https:\/\/noticiasbahia360.com.br\/?cat=9\" rel=\"category\">Brasil<\/a> <a href=\"https:\/\/noticiasbahia360.com.br\/?cat=6\" rel=\"category\">Feira de Santana<\/a> <a href=\"https:\/\/noticiasbahia360.com.br\/?cat=57\" rel=\"category\">Mundo<\/a> <a href=\"https:\/\/noticiasbahia360.com.br\/?cat=56\" rel=\"category\">Pol\u00edcia<\/a> <a href=\"https:\/\/noticiasbahia360.com.br\/?cat=10\" rel=\"category\">Pol\u00edtica<\/a>","tag_info":"Pol\u00edtica","comment_count":"0","_links":{"self":[{"href":"https:\/\/noticiasbahia360.com.br\/index.php?rest_route=\/wp\/v2\/posts\/85564","targetHints":{"allow":["GET"]}}],"collection":[{"href":"https:\/\/noticiasbahia360.com.br\/index.php?rest_route=\/wp\/v2\/posts"}],"about":[{"href":"https:\/\/noticiasbahia360.com.br\/index.php?rest_route=\/wp\/v2\/types\/post"}],"author":[{"embeddable":true,"href":"https:\/\/noticiasbahia360.com.br\/index.php?rest_route=\/wp\/v2\/users\/1"}],"replies":[{"embeddable":true,"href":"https:\/\/noticiasbahia360.com.br\/index.php?rest_route=%2Fwp%2Fv2%2Fcomments&post=85564"}],"version-history":[{"count":0,"href":"https:\/\/noticiasbahia360.com.br\/index.php?rest_route=\/wp\/v2\/posts\/85564\/revisions"}],"wp:featuredmedia":[{"embeddable":true,"href":"https:\/\/noticiasbahia360.com.br\/index.php?rest_route=\/wp\/v2\/media\/85565"}],"wp:attachment":[{"href":"https:\/\/noticiasbahia360.com.br\/index.php?rest_route=%2Fwp%2Fv2%2Fmedia&parent=85564"}],"wp:term":[{"taxonomy":"category","embeddable":true,"href":"https:\/\/noticiasbahia360.com.br\/index.php?rest_route=%2Fwp%2Fv2%2Fcategories&post=85564"},{"taxonomy":"post_tag","embeddable":true,"href":"https:\/\/noticiasbahia360.com.br\/index.php?rest_route=%2Fwp%2Fv2%2Ftags&post=85564"}],"curies":[{"name":"wp","href":"https:\/\/api.w.org\/{rel}","templated":true}]}}