{"id":85568,"date":"2025-05-09T17:02:21","date_gmt":"2025-05-09T20:02:21","guid":{"rendered":"https:\/\/noticiasbahia360.com.br\/?p=85568"},"modified":"2025-05-09T17:02:21","modified_gmt":"2025-05-09T20:02:21","slug":"mais-de-mil-agricultores-estao-aptos-para-receber-o-garantia-safra-em-feira-de-santana","status":"publish","type":"post","link":"https:\/\/noticiasbahia360.com.br\/?p=85568","title":{"rendered":"Mais de mil agricultores est\u00e3o aptos para receber o Garantia-Safra em Feira de Santana"},"content":{"rendered":"<div>\n<div>\n<figure><img decoding=\"async\" src=\"http:\/\/noticiasbahia360.com.br\/wp-content\/uploads\/2025\/05\/safra_aquivopessoal-2.jpeg\" alt=\"Agricultura de Feira de Santana\"><figcaption>Foto: Arquivo Pessoal<\/figcaption><\/figure>\n<\/div>\n<p>Teve in\u00edcio no \u00faltimo dia 18 de mar\u00e7o, o pagamento do Seguro Safra 2023\/2024 para mais de 214 mil agricultores familiares da Bahia que aderiram ao programa e sofreram perdas na produ\u00e7\u00e3o por conta da estiagem ou excesso de chuvas. A iniciativa garante um benef\u00edcio de R$ 1.200,00 por fam\u00edlia, totalizando cerca de R$ 257 milh\u00f5es em recursos.<\/p>\n<p>Em entrevista ao Acorda Cidade, o secret\u00e1rio de Agricultura e Recursos H\u00eddricos, Silvaney Ara\u00fajo, destacou o compromisso da gest\u00e3o municipal em garantir o benef\u00edcio aos agricultores familiares.<\/p>\n<figure class=\"wp-block-image size-large\"><img fetchpriority=\"high\" data-dominant-color=\"948c8b\" data-has-transparency=\"false\" style=\"--dominant-color: #948c8b;\" fetchpriority=\"high\" decoding=\"async\" width=\"1024\" height=\"473\" sizes=\"(max-width: 1024px) 100vw, 1024px\" src=\"http:\/\/noticiasbahia360.com.br\/wp-content\/uploads\/2025\/05\/1heDU0XM-silvaneyaraujo_pj_acordacidade-1024x473-1.webp\" alt=\"Silvaney Ara\u00fajo\" class=\"wp-image-551638 not-transparent\" srcset=\"https:\/\/uploads.acordacidade.com.br\/2025\/05\/1heDU0XM-silvaneyaraujo_pj_acordacidade-300x139.webp 300w, http:\/\/noticiasbahia360.com.br\/wp-content\/uploads\/2025\/05\/1heDU0XM-silvaneyaraujo_pj_acordacidade-1024x473-1.webp 1024w, https:\/\/uploads.acordacidade.com.br\/2025\/05\/1heDU0XM-silvaneyaraujo_pj_acordacidade-768x355.webp 768w, https:\/\/uploads.acordacidade.com.br\/2025\/05\/1heDU0XM-silvaneyaraujo_pj_acordacidade-150x69.webp 150w, https:\/\/uploads.acordacidade.com.br\/2025\/05\/1heDU0XM-silvaneyaraujo_pj_acordacidade.webp 1200w\"><figcaption class=\"wp-element-caption\">Foto: Paulo Jos\u00e9\/Acorda Cidade<\/figcaption><\/figure>\n<p>\u201cJ\u00e1 iniciamos o processo de pagamento e, ainda hoje, ser\u00e3o impressos os boletos que ser\u00e3o entregues aos produtores. Estamos com tudo pronto para garantir esse direito aos agricultores, conforme determina\u00e7\u00e3o do prefeito Jos\u00e9 Ronaldo\u201d, afirmou o secret\u00e1rio.<\/p>\n<p>O recurso contribui significativamente para o fortalecimento da economia rural e urbana, segundo o gestor.<\/p>\n<p>\u201c\u00c9 um dinheiro que circula no campo, chega \u00e0 cidade e movimenta a economia local. A gest\u00e3o est\u00e1 empenhada em atender ao produtor rural, garantindo que ningu\u00e9m fique desassistido\u201d, acrescentou.<\/p>\n<p>Silvaney Ara\u00fajo estima que mais de mil agricultores estejam aptos a receber o benef\u00edcio no munic\u00edpio nesta edi\u00e7\u00e3o. Ele ressalta que a meta da secretaria \u00e9 ampliar o n\u00famero de beneficiados nas pr\u00f3ximas campanhas.<\/p>\n<p>\u201cNossa expectativa \u00e9 de ampliar ainda mais essa cobertura em 2026, aumentando o n\u00famero de agricultores inclu\u00eddos no programa e fortalecendo a economia da zona rural\u201d, pontuou.<\/p>\n<p>Outro ponto destacado pelo secret\u00e1rio foi o protagonismo das mulheres na agricultura familiar. Segundo ele, a maioria dos benefici\u00e1rios do programa s\u00e3o mulheres, o que reflete a crescente atua\u00e7\u00e3o feminina no campo.<\/p>\n<p>\u201cA presen\u00e7a feminina \u00e9 marcante nas feiras e nos espa\u00e7os de agricultura familiar. Em parceria com outras secretarias, como a de Pol\u00edticas para as Mulheres, estamos elaborando a\u00e7\u00f5es para fomentar o protagonismo das mulheres no campo, garantindo renda, qualidade de vida e empoderamento\u201d, afirmou.<\/p>\n<p>Para os agricultores que ainda n\u00e3o receberam os boletos ou t\u00eam d\u00favidas sobre o benef\u00edcio, o secret\u00e1rio orienta que procurem diretamente a Secretaria de Agricultura.<\/p>\n<p>\u201cEstamos organizando a entrega dos boletos por meio das associa\u00e7\u00f5es. Quem tiver d\u00favidas pode procurar diretamente a secretaria, onde nossa equipe est\u00e1 preparada para prestar todas as orienta\u00e7\u00f5es necess\u00e1rias\u201d, finalizou.<\/p>\n<p><em>Com informa\u00e7\u00f5es do rep\u00f3rter Paulo Jos\u00e9 do Acorda Cidade<\/em><\/p>\n<p><em>Siga o Acorda Cidade no<\/em><a href=\"https:\/\/news.google.com\/search?q=acorda%20cidade&amp;hl=pt-BR&amp;gl=BR&amp;ceid=BR%3Apt-419\"><strong><em> Google Not\u00edcias<\/em><\/strong><\/a><em> e receba os principais destaques do dia. Participe tamb\u00e9m dos nossos canais no <\/em><a href=\"https:\/\/whatsapp.com\/channel\/0029Va6Rb4v3WHTNnsh8WI3N\"><strong><em>WhatsApp<\/em><\/strong><\/a><em> e <\/em><a href=\"https:\/\/www.youtube.com\/@acordacidadenoticias\/videos\"><strong>Youtube<\/strong><\/a><em> e grupo de <\/em><a href=\"https:\/\/t.me\/+sSz0khrgARA0ZmRh\"><strong><em>Telegram<\/em><\/strong><\/a><em>.<\/em><\/p>\n<\/div>\n","protected":false},"excerpt":{"rendered":"<div>\n<div>\n<figure><img decoding=\"async\" src=\"https:\/\/uploads.acordacidade.com.br\/wp-content\/uploads\/2023\/01\/08223029\/safra_aquivopessoal-2.jpeg\" alt=\"Agricultura de Feira de Santana\"><figcaption>Foto: Arquivo Pessoal<\/figcaption><\/figure>\n<\/div>\n<p>Para os agricultores que ainda n\u00e3o receberam os boletos ou t\u00eam d\u00favidas sobre o benef\u00edcio, o secret\u00e1rio orienta que procurem diretamente a Secretaria de Agricultura.<\/p><\/div>\n","protected":false},"author":1,"featured_media":85569,"comment_status":"closed","ping_status":"closed","sticky":false,"template":"","format":"gallery","meta":{"footnotes":""},"categories":[8,9,6,57,56,10],"tags":[],"class_list":["post-85568","post","type-post","status-publish","format-gallery","has-post-thumbnail","hentry","category-bahia","category-brasil","category-feira-de-santana","category-mundo","category-policia","category-politica","post_format-post-format-gallery"],"featured_image_urls":{"full":["https:\/\/noticiasbahia360.com.br\/wp-content\/uploads\/2025\/05\/safra_aquivopessoal-2.jpeg",640,430,false],"thumbnail":["https:\/\/noticiasbahia360.com.br\/wp-content\/uploads\/2025\/05\/safra_aquivopessoal-2-150x150.jpeg",150,150,true],"medium":["https:\/\/noticiasbahia360.com.br\/wp-content\/uploads\/2025\/05\/safra_aquivopessoal-2-300x202.jpeg",300,202,true],"medium_large":["https:\/\/noticiasbahia360.com.br\/wp-content\/uploads\/2025\/05\/safra_aquivopessoal-2.jpeg",640,430,false],"large":["https:\/\/noticiasbahia360.com.br\/wp-content\/uploads\/2025\/05\/safra_aquivopessoal-2.jpeg",640,430,false],"1536x1536":["https:\/\/noticiasbahia360.com.br\/wp-content\/uploads\/2025\/05\/safra_aquivopessoal-2.jpeg",640,430,false],"2048x2048":["https:\/\/noticiasbahia360.com.br\/wp-content\/uploads\/2025\/05\/safra_aquivopessoal-2.jpeg",640,430,false],"chromenews-featured":["https:\/\/noticiasbahia360.com.br\/wp-content\/uploads\/2025\/05\/safra_aquivopessoal-2.jpeg",640,430,false],"chromenews-large":["https:\/\/noticiasbahia360.com.br\/wp-content\/uploads\/2025\/05\/safra_aquivopessoal-2.jpeg",640,430,false],"chromenews-medium":["https:\/\/noticiasbahia360.com.br\/wp-content\/uploads\/2025\/05\/safra_aquivopessoal-2-590x410.jpeg",590,410,true]},"author_info":{"display_name":"noticiasbahia360.com.br","author_link":"https:\/\/noticiasbahia360.com.br\/?author=1"},"category_info":"<a href=\"https:\/\/noticiasbahia360.com.br\/?cat=8\" rel=\"category\">Bahia<\/a> <a href=\"https:\/\/noticiasbahia360.com.br\/?cat=9\" rel=\"category\">Brasil<\/a> <a href=\"https:\/\/noticiasbahia360.com.br\/?cat=6\" rel=\"category\">Feira de Santana<\/a> <a href=\"https:\/\/noticiasbahia360.com.br\/?cat=57\" rel=\"category\">Mundo<\/a> <a href=\"https:\/\/noticiasbahia360.com.br\/?cat=56\" rel=\"category\">Pol\u00edcia<\/a> <a href=\"https:\/\/noticiasbahia360.com.br\/?cat=10\" rel=\"category\">Pol\u00edtica<\/a>","tag_info":"Pol\u00edtica","comment_count":"0","_links":{"self":[{"href":"https:\/\/noticiasbahia360.com.br\/index.php?rest_route=\/wp\/v2\/posts\/85568","targetHints":{"allow":["GET"]}}],"collection":[{"href":"https:\/\/noticiasbahia360.com.br\/index.php?rest_route=\/wp\/v2\/posts"}],"about":[{"href":"https:\/\/noticiasbahia360.com.br\/index.php?rest_route=\/wp\/v2\/types\/post"}],"author":[{"embeddable":true,"href":"https:\/\/noticiasbahia360.com.br\/index.php?rest_route=\/wp\/v2\/users\/1"}],"replies":[{"embeddable":true,"href":"https:\/\/noticiasbahia360.com.br\/index.php?rest_route=%2Fwp%2Fv2%2Fcomments&post=85568"}],"version-history":[{"count":0,"href":"https:\/\/noticiasbahia360.com.br\/index.php?rest_route=\/wp\/v2\/posts\/85568\/revisions"}],"wp:featuredmedia":[{"embeddable":true,"href":"https:\/\/noticiasbahia360.com.br\/index.php?rest_route=\/wp\/v2\/media\/85569"}],"wp:attachment":[{"href":"https:\/\/noticiasbahia360.com.br\/index.php?rest_route=%2Fwp%2Fv2%2Fmedia&parent=85568"}],"wp:term":[{"taxonomy":"category","embeddable":true,"href":"https:\/\/noticiasbahia360.com.br\/index.php?rest_route=%2Fwp%2Fv2%2Fcategories&post=85568"},{"taxonomy":"post_tag","embeddable":true,"href":"https:\/\/noticiasbahia360.com.br\/index.php?rest_route=%2Fwp%2Fv2%2Ftags&post=85568"}],"curies":[{"name":"wp","href":"https:\/\/api.w.org\/{rel}","templated":true}]}} 