{"id":85573,"date":"2025-05-09T17:25:23","date_gmt":"2025-05-09T20:25:23","guid":{"rendered":"https:\/\/noticiasbahia360.com.br\/?p=85573"},"modified":"2025-05-09T17:25:23","modified_gmt":"2025-05-09T20:25:23","slug":"ana-paula-arosio-volta-a-tv-globo-apos-15-anos","status":"publish","type":"post","link":"https:\/\/noticiasbahia360.com.br\/?p=85573","title":{"rendered":"Ana Paula Ar\u00f3sio volta \u00e0 TV Globo ap\u00f3s 15 anos"},"content":{"rendered":"<div>\n<div>\n<figure><img decoding=\"async\" src=\"http:\/\/noticiasbahia360.com.br\/wp-content\/uploads\/2025\/05\/Ana-Paula-Arosio-1.jpg\" alt=\"Ana Paula Ar\u00f3sio volta \u00e0 TV Globo ap\u00f3s 15 anos\"><figcaption>Foto: Reprodu\u00e7\u00e3o\/ TV Globo<\/figcaption><\/figure>\n<\/div>\n<p>Ana Paula Ar\u00f3sio, volta \u00e0 TV Globo 15 anos depois de estar afastada das telinhas e afastada dos holofotes. Ela participar\u00e1 da estreia de um novo projeto do dominical Fant\u00e1stico, um videocast que se chamar\u00e1 \u201cO Futuro J\u00e1 Come\u00e7ou\u201d, em celebra\u00e7\u00e3o dos 100 anos do Grupo Globo.<\/p>\n<p>A atriz que atualmente vive em Londres, na Inglaterra, fez sucesso atuando em novelas, e est\u00e1 longe da TV Globo desde 2010, quando pediu para sair da emissora.<\/p>\n<h2 class=\"wp-block-heading\" id=\"h-participacao-no-fantastico\">Participa\u00e7\u00e3o no Fant\u00e1stico<\/h2>\n<figure class=\"wp-block-image size-full is-resized\"><img fetchpriority=\"high\" data-dominant-color=\"717b8c\" data-has-transparency=\"false\" fetchpriority=\"high\" decoding=\"async\" width=\"638\" height=\"354\" sizes=\"(max-width: 638px) 100vw, 638px\" src=\"http:\/\/noticiasbahia360.com.br\/wp-content\/uploads\/2025\/05\/bJsvNtaX-Fantastico-.webp\" alt=\"Ana Paula Ar\u00f3sio volta \u00e0 TV Globo ap\u00f3s 15 anos\" class=\"wp-image-551651 not-transparent\" style=\"--dominant-color: #717b8c; width:814px;height:auto\" srcset=\"https:\/\/uploads.acordacidade.com.br\/2025\/05\/bJsvNtaX-Fantastico--300x166.webp 300w, https:\/\/uploads.acordacidade.com.br\/2025\/05\/bJsvNtaX-Fantastico--150x83.webp 150w, http:\/\/noticiasbahia360.com.br\/wp-content\/uploads\/2025\/05\/bJsvNtaX-Fantastico-.webp 638w\"><figcaption class=\"wp-element-caption\">Foto: Reprodu\u00e7\u00e3o\/ TV Globo<\/figcaption><\/figure>\n<p>No projeto \u201cO Futuro J\u00e1 Come\u00e7ou\u201d, Ana Paula Ar\u00f3sio vai relembrar suas experi\u00eancias nas novelas, como em \u201cTerra Nostra\u201d, novela de 1999.<\/p>\n<p>\u201cEm novela de \u00e9poca a gente sempre usa cavalos. E os meninos respons\u00e1veis pelos cavalos me deixavam montar o quebra-coco, que era um cavalo super mansinho\u201d, lembrou a atriz em um trecho do novo projeto divulgado pela TV Globo.<\/p>\n<figure class=\"wp-block-image size-full\"><img data-dominant-color=\"a9948d\" data-has-transparency=\"false\" style=\"--dominant-color: #a9948d;\" decoding=\"async\" width=\"984\" height=\"783\" sizes=\"(max-width: 984px) 100vw, 984px\" src=\"http:\/\/noticiasbahia360.com.br\/wp-content\/uploads\/2025\/05\/W32Ol07Z-Ana-Paula-Arosio-em-Terra-Nostra.webp\" alt=\"Ana Paula Ar\u00f3sio \" class=\"wp-image-551652 not-transparent\" srcset=\"https:\/\/uploads.acordacidade.com.br\/2025\/05\/W32Ol07Z-Ana-Paula-Arosio-em-Terra-Nostra-300x239.webp 300w, https:\/\/uploads.acordacidade.com.br\/2025\/05\/W32Ol07Z-Ana-Paula-Arosio-em-Terra-Nostra-768x611.webp 768w, https:\/\/uploads.acordacidade.com.br\/2025\/05\/W32Ol07Z-Ana-Paula-Arosio-em-Terra-Nostra-150x119.webp 150w, http:\/\/noticiasbahia360.com.br\/wp-content\/uploads\/2025\/05\/W32Ol07Z-Ana-Paula-Arosio-em-Terra-Nostra.webp 984w\"><figcaption class=\"wp-element-caption\">Giuliana (Ana Paula Ar\u00f3sio) e Matteo (Thiago Lacerda) em \u201cTerra Nostra\u201d | Foto: Acervo\/TV Globo<\/figcaption><\/figure>\n<p>A atriz participou ainda de outras tramas globais, como \u201cEsperan\u00e7a\u201d (2002), \u201cCelebridade\u201d (2003), \u201cP\u00e1ginas da Vida\u201d (2006) e \u201cCiranda de Pedra\u201d (remake, 2008).<\/p>\n<p><em>Siga o Acorda Cidade no<\/em><a href=\"https:\/\/news.google.com\/search?q=acorda%20cidade&amp;hl=pt-BR&amp;gl=BR&amp;ceid=BR%3Apt-419\"><strong><em>\u00a0Google Not\u00edcias<\/em><\/strong><\/a><em>\u00a0e receba os principais destaques do dia. Participe tamb\u00e9m dos nossos canais no\u00a0<\/em><a href=\"https:\/\/whatsapp.com\/channel\/0029Va6Rb4v3WHTNnsh8WI3N\"><strong><em>WhatsApp<\/em><\/strong><\/a><em>\u00a0e\u00a0<\/em><a href=\"https:\/\/www.youtube.com\/@acordacidadenoticias\/videos\"><strong>Youtube<\/strong><\/a><em>\u00a0e grupo de\u00a0<\/em><a href=\"https:\/\/t.me\/+sSz0khrgARA0ZmRh\"><strong><em>Telegram<\/em><\/strong><\/a><em>.<\/em><\/p>\n<\/div>\n","protected":false},"excerpt":{"rendered":"<div>\n<div>\n<figure><img decoding=\"async\" src=\"https:\/\/uploads.acordacidade.com.br\/2025\/05\/Ana-Paula-Arosio-1.jpg\" alt=\"Ana Paula Ar\u00f3sio volta \u00e0 TV Globo ap\u00f3s 15 anos\"><figcaption>Foto: Reprodu\u00e7\u00e3o\/ TV Globo<\/figcaption><\/figure>\n<\/div>\n<p>A atriz que atualmente vive em Londres, na Inglaterra, fez sucesso atuando em novelas, e est\u00e1 longe da TV Globo desde 2010.<\/p><\/div>\n","protected":false},"author":1,"featured_media":85574,"comment_status":"closed","ping_status":"closed","sticky":false,"template":"","format":"gallery","meta":{"footnotes":""},"categories":[8,9,6,57,56,10],"tags":[],"class_list":["post-85573","post","type-post","status-publish","format-gallery","has-post-thumbnail","hentry","category-bahia","category-brasil","category-feira-de-santana","category-mundo","category-policia","category-politica","post_format-post-format-gallery"],"featured_image_urls":{"full":["https:\/\/noticiasbahia360.com.br\/wp-content\/uploads\/2025\/05\/Ana-Paula-Arosio-1.jpg",629,347,false],"thumbnail":["https:\/\/noticiasbahia360.com.br\/wp-content\/uploads\/2025\/05\/Ana-Paula-Arosio-1-150x150.jpg",150,150,true],"medium":["https:\/\/noticiasbahia360.com.br\/wp-content\/uploads\/2025\/05\/Ana-Paula-Arosio-1-300x166.jpg",300,166,true],"medium_large":["https:\/\/noticiasbahia360.com.br\/wp-content\/uploads\/2025\/05\/Ana-Paula-Arosio-1.jpg",629,347,false],"large":["https:\/\/noticiasbahia360.com.br\/wp-content\/uploads\/2025\/05\/Ana-Paula-Arosio-1.jpg",629,347,false],"1536x1536":["https:\/\/noticiasbahia360.com.br\/wp-content\/uploads\/2025\/05\/Ana-Paula-Arosio-1.jpg",629,347,false],"2048x2048":["https:\/\/noticiasbahia360.com.br\/wp-content\/uploads\/2025\/05\/Ana-Paula-Arosio-1.jpg",629,347,false],"chromenews-featured":["https:\/\/noticiasbahia360.com.br\/wp-content\/uploads\/2025\/05\/Ana-Paula-Arosio-1.jpg",629,347,false],"chromenews-large":["https:\/\/noticiasbahia360.com.br\/wp-content\/uploads\/2025\/05\/Ana-Paula-Arosio-1.jpg",629,347,false],"chromenews-medium":["https:\/\/noticiasbahia360.com.br\/wp-content\/uploads\/2025\/05\/Ana-Paula-Arosio-1-590x347.jpg",590,347,true]},"author_info":{"display_name":"noticiasbahia360.com.br","author_link":"https:\/\/noticiasbahia360.com.br\/?author=1"},"category_info":"<a href=\"https:\/\/noticiasbahia360.com.br\/?cat=8\" rel=\"category\">Bahia<\/a> <a href=\"https:\/\/noticiasbahia360.com.br\/?cat=9\" rel=\"category\">Brasil<\/a> <a href=\"https:\/\/noticiasbahia360.com.br\/?cat=6\" rel=\"category\">Feira de Santana<\/a> <a href=\"https:\/\/noticiasbahia360.com.br\/?cat=57\" rel=\"category\">Mundo<\/a> <a href=\"https:\/\/noticiasbahia360.com.br\/?cat=56\" rel=\"category\">Pol\u00edcia<\/a> <a href=\"https:\/\/noticiasbahia360.com.br\/?cat=10\" rel=\"category\">Pol\u00edtica<\/a>","tag_info":"Pol\u00edtica","comment_count":"0","_links":{"self":[{"href":"https:\/\/noticiasbahia360.com.br\/index.php?rest_route=\/wp\/v2\/posts\/85573","targetHints":{"allow":["GET"]}}],"collection":[{"href":"https:\/\/noticiasbahia360.com.br\/index.php?rest_route=\/wp\/v2\/posts"}],"about":[{"href":"https:\/\/noticiasbahia360.com.br\/index.php?rest_route=\/wp\/v2\/types\/post"}],"author":[{"embeddable":true,"href":"https:\/\/noticiasbahia360.com.br\/index.php?rest_route=\/wp\/v2\/users\/1"}],"replies":[{"embeddable":true,"href":"https:\/\/noticiasbahia360.com.br\/index.php?rest_route=%2Fwp%2Fv2%2Fcomments&post=85573"}],"version-history":[{"count":0,"href":"https:\/\/noticiasbahia360.com.br\/index.php?rest_route=\/wp\/v2\/posts\/85573\/revisions"}],"wp:featuredmedia":[{"embeddable":true,"href":"https:\/\/noticiasbahia360.com.br\/index.php?rest_route=\/wp\/v2\/media\/85574"}],"wp:attachment":[{"href":"https:\/\/noticiasbahia360.com.br\/index.php?rest_route=%2Fwp%2Fv2%2Fmedia&parent=85573"}],"wp:term":[{"taxonomy":"category","embeddable":true,"href":"https:\/\/noticiasbahia360.com.br\/index.php?rest_route=%2Fwp%2Fv2%2Fcategories&post=85573"},{"taxonomy":"post_tag","embeddable":true,"href":"https:\/\/noticiasbahia360.com.br\/index.php?rest_route=%2Fwp%2Fv2%2Ftags&post=85573"}],"curies":[{"name":"wp","href":"https:\/\/api.w.org\/{rel}","templated":true}]}}