{"id":85577,"date":"2025-05-09T17:50:44","date_gmt":"2025-05-09T20:50:44","guid":{"rendered":"https:\/\/noticiasbahia360.com.br\/?p=85577"},"modified":"2025-05-09T17:50:44","modified_gmt":"2025-05-09T20:50:44","slug":"secult-e-funceb-realizam-dialogo-setorial-de-musica-em-feira-de-santana","status":"publish","type":"post","link":"https:\/\/noticiasbahia360.com.br\/?p=85577","title":{"rendered":"Secult e Funceb realizam Di\u00e1logo Setorial de M\u00fasica em Feira de Santana"},"content":{"rendered":"<div>\n<div>\n<figure><img decoding=\"async\" src=\"http:\/\/noticiasbahia360.com.br\/wp-content\/uploads\/2025\/05\/Secult-e-Funceb-realizam-Dialogo-Setorial-de-Musica-em-Feira-de-Santana.jpg\" alt=\"Secult e Funceb realizam Di\u00e1logo Setorial de M\u00fasica em Feira de Santana\"><figcaption>Foto: Lucas Malkut \/ Ascom Funceb<\/figcaption><\/figure>\n<\/div>\n<p>Os Di\u00e1logos Setoriais das Artes seguem acontecendo no interior do estado, ap\u00f3s come\u00e7ar com a linguagem de Circo, no Cap\u00e3o, de Artes Visuais, em Cachoeira, passar pela capital baiana com a linguagem de Teatro e voltar ao interior em Ipia\u00fa, com Audiovisual. Realizados pela Secretaria de Cultura do Estado (SecultBa), por meio da Funda\u00e7\u00e3o Cultural do Estado (Funceb), os Di\u00e1logos acontecem em formato h\u00edbrido (virtual e presencial), com participa\u00e7\u00e3o aberta aos interessados em debater pol\u00edticas para as Artes.<\/p>\n<p>No dia 13 de maio (ter\u00e7a-feira) haver\u00e1 o Di\u00e1logo Setorial de M\u00fasica, 14h, presencial no Centro de Cultura Am\u00e9lio Amorim, em Feira de Santana, e virtualmente na Plataforma Teams.<\/p>\n<p>Os encontros tem o intuito de manter di\u00e1logo permanente com a sociedade na articula\u00e7\u00e3o e planejamento de a\u00e7\u00f5es e projetos, reunir artistas, t\u00e9cnicos, produtores, gestores, pesquisadores, professores, mestres, estudantes, grupos, companhias, trupes, coletivos, f\u00f3runs, redes, associa\u00e7\u00f5es, escolas, universidades, espa\u00e7os, organiza\u00e7\u00f5es e empresas do campo das Artes que atuam nos munic\u00edpios e territ\u00f3rios.<\/p>\n<p>Os Di\u00e1logos tamb\u00e9m s\u00e3o instrumentos de divulga\u00e7\u00e3o e mobiliza\u00e7\u00e3o dos setores art\u00edsticos para o Processo Eleitoral de escolha dos membros dos Colegiados Setoriais das Artes da Bahia (Gest\u00e3o 2026 \u2013 2027). No encontro, estar\u00e3o presentes dirigentes e coordenadores\/as da Funda\u00e7\u00e3o Cultural, que tratar\u00e3o de a\u00e7\u00f5es de 2025 nas linguagens, al\u00e9m de demandas dos setores.<\/p>\n<p>Ap\u00f3s este Di\u00e1logo, ser\u00e1 realizado ainda um encontro para o setor art\u00edstico de Literatura, com a mesma metodologia. Confira aqui a programa\u00e7\u00e3o.<\/p>\n<h2 class=\"wp-block-heading\" id=\"h-participacao\">Participa\u00e7\u00e3o<\/h2>\n<p>Em todas as reuni\u00f5es ser\u00e1 garantida a participa\u00e7\u00e3o virtual atrav\u00e9s da plataforma Teams. D\u00favidas podem encaminhadas para o e-mail dialogos.setoriais@funceb.ba.gov.br.<\/p>\n<p>No dia e hor\u00e1rio, acesse a sala <a href=\"https:\/\/teams.microsoft.com\/dl\/launcher\/launcher.html?url=%2F_%23%2Fl%2Fmeetup-join%2F19%3Ameeting_NzlkZjkzNmQtZTVlOS00YTc3LThiY2YtZGRiYjI5M2I0Mjhl%40thread.v2%2F0%3Fcontext%3D%257b%2522Tid%2522%253a%25224cd835f4-5440-408f-93a3-975fc17c384a%2522%252c%2522Oid%2522%253a%2522c4096874-b951-44a3-a391-5073a786da92%2522%257d%26anon%3Dtrue&amp;type=meetup-join&amp;deeplinkId=1d537088-72e2-4927-b96c-c4c0e696eb45&amp;directDl=true&amp;msLaunch=true&amp;enableMobilePage=true&amp;suppressPrompt=true\" target=\"_blank\" rel=\"noreferrer noopener\">AQUI<\/a><\/p>\n<p><strong>SERVI\u00c7O<br \/><\/strong>Di\u00e1logo Setorial de M\u00fasica<br \/>Quando: 13 de maio (ter\u00e7a-feira), 14h<br \/>Onde: Centro de Cultura Am\u00e9lio Amorim, em Feira de Santana | Virtual na Plataforma Teams<\/p>\n<ul class=\"wp-block-list\">\n<li>info: <a href=\"https:\/\/www.acordacidade.com.br\/cultura\/secult-e-funceb-realizam-dialogo-setorial-de-musica-em-feira-de-santana\/dialogos.setoriais@funceb.ba.gov.br\">www.ba.gov.br\/fundacaocultural<\/a><\/li>\n<\/ul>\n<p><em>Siga o Acorda Cidade no<\/em><a href=\"https:\/\/news.google.com\/search?q=acorda%20cidade&amp;hl=pt-BR&amp;gl=BR&amp;ceid=BR%3Apt-419\"><strong><em>\u00a0Google Not\u00edcias<\/em><\/strong><\/a><em>\u00a0e receba os principais destaques do dia. Participe tamb\u00e9m dos nossos canais no\u00a0<\/em><a href=\"https:\/\/whatsapp.com\/channel\/0029Va6Rb4v3WHTNnsh8WI3N\"><strong><em>WhatsApp<\/em><\/strong><\/a><em>\u00a0e\u00a0<\/em><a href=\"https:\/\/www.youtube.com\/@acordacidadenoticias\/videos\"><strong>Youtube<\/strong><\/a><em>\u00a0e grupo de\u00a0<\/em><a href=\"https:\/\/t.me\/+sSz0khrgARA0ZmRh\"><strong><em>Telegram<\/em><\/strong><\/a><em>.<\/em><\/p>\n<\/div>\n","protected":false},"excerpt":{"rendered":"<div>\n<div>\n<figure><img decoding=\"async\" src=\"https:\/\/uploads.acordacidade.com.br\/2025\/05\/Secult-e-Funceb-realizam-Dialogo-Setorial-de-Musica-em-Feira-de-Santana.jpg\" alt=\"Secult e Funceb realizam Di\u00e1logo Setorial de M\u00fasica em Feira de Santana\"><figcaption>Foto: Lucas Malkut \/ Ascom Funceb<\/figcaption><\/figure>\n<\/div>\n<p>No dia 13 de maio haver\u00e1 o Di\u00e1logo Setorial de M\u00fasica, 14h, presencial no Centro de Cultura Am\u00e9lio Amorim, em Feira de Santana<\/p><\/div>\n","protected":false},"author":1,"featured_media":85578,"comment_status":"closed","ping_status":"closed","sticky":false,"template":"","format":"gallery","meta":{"footnotes":""},"categories":[8,9,6,57,56,10],"tags":[],"class_list":["post-85577","post","type-post","status-publish","format-gallery","has-post-thumbnail","hentry","category-bahia","category-brasil","category-feira-de-santana","category-mundo","category-policia","category-politica","post_format-post-format-gallery"],"featured_image_urls":{"full":["https:\/\/noticiasbahia360.com.br\/wp-content\/uploads\/2025\/05\/Secult-e-Funceb-realizam-Dialogo-Setorial-de-Musica-em-Feira-de-Santana.jpg",1200,800,false],"thumbnail":["https:\/\/noticiasbahia360.com.br\/wp-content\/uploads\/2025\/05\/Secult-e-Funceb-realizam-Dialogo-Setorial-de-Musica-em-Feira-de-Santana-150x150.jpg",150,150,true],"medium":["https:\/\/noticiasbahia360.com.br\/wp-content\/uploads\/2025\/05\/Secult-e-Funceb-realizam-Dialogo-Setorial-de-Musica-em-Feira-de-Santana-300x200.jpg",300,200,true],"medium_large":["https:\/\/noticiasbahia360.com.br\/wp-content\/uploads\/2025\/05\/Secult-e-Funceb-realizam-Dialogo-Setorial-de-Musica-em-Feira-de-Santana-768x512.jpg",640,427,true],"large":["https:\/\/noticiasbahia360.com.br\/wp-content\/uploads\/2025\/05\/Secult-e-Funceb-realizam-Dialogo-Setorial-de-Musica-em-Feira-de-Santana-1024x683.jpg",640,427,true],"1536x1536":["https:\/\/noticiasbahia360.com.br\/wp-content\/uploads\/2025\/05\/Secult-e-Funceb-realizam-Dialogo-Setorial-de-Musica-em-Feira-de-Santana.jpg",1200,800,false],"2048x2048":["https:\/\/noticiasbahia360.com.br\/wp-content\/uploads\/2025\/05\/Secult-e-Funceb-realizam-Dialogo-Setorial-de-Musica-em-Feira-de-Santana.jpg",1200,800,false],"chromenews-featured":["https:\/\/noticiasbahia360.com.br\/wp-content\/uploads\/2025\/05\/Secult-e-Funceb-realizam-Dialogo-Setorial-de-Musica-em-Feira-de-Santana-1024x683.jpg",1024,683,true],"chromenews-large":["https:\/\/noticiasbahia360.com.br\/wp-content\/uploads\/2025\/05\/Secult-e-Funceb-realizam-Dialogo-Setorial-de-Musica-em-Feira-de-Santana-825x575.jpg",825,575,true],"chromenews-medium":["https:\/\/noticiasbahia360.com.br\/wp-content\/uploads\/2025\/05\/Secult-e-Funceb-realizam-Dialogo-Setorial-de-Musica-em-Feira-de-Santana-590x410.jpg",590,410,true]},"author_info":{"display_name":"noticiasbahia360.com.br","author_link":"https:\/\/noticiasbahia360.com.br\/?author=1"},"category_info":"<a href=\"https:\/\/noticiasbahia360.com.br\/?cat=8\" rel=\"category\">Bahia<\/a> <a href=\"https:\/\/noticiasbahia360.com.br\/?cat=9\" rel=\"category\">Brasil<\/a> <a href=\"https:\/\/noticiasbahia360.com.br\/?cat=6\" rel=\"category\">Feira de Santana<\/a> <a href=\"https:\/\/noticiasbahia360.com.br\/?cat=57\" rel=\"category\">Mundo<\/a> <a href=\"https:\/\/noticiasbahia360.com.br\/?cat=56\" rel=\"category\">Pol\u00edcia<\/a> <a href=\"https:\/\/noticiasbahia360.com.br\/?cat=10\" rel=\"category\">Pol\u00edtica<\/a>","tag_info":"Pol\u00edtica","comment_count":"0","_links":{"self":[{"href":"https:\/\/noticiasbahia360.com.br\/index.php?rest_route=\/wp\/v2\/posts\/85577","targetHints":{"allow":["GET"]}}],"collection":[{"href":"https:\/\/noticiasbahia360.com.br\/index.php?rest_route=\/wp\/v2\/posts"}],"about":[{"href":"https:\/\/noticiasbahia360.com.br\/index.php?rest_route=\/wp\/v2\/types\/post"}],"author":[{"embeddable":true,"href":"https:\/\/noticiasbahia360.com.br\/index.php?rest_route=\/wp\/v2\/users\/1"}],"replies":[{"embeddable":true,"href":"https:\/\/noticiasbahia360.com.br\/index.php?rest_route=%2Fwp%2Fv2%2Fcomments&post=85577"}],"version-history":[{"count":0,"href":"https:\/\/noticiasbahia360.com.br\/index.php?rest_route=\/wp\/v2\/posts\/85577\/revisions"}],"wp:featuredmedia":[{"embeddable":true,"href":"https:\/\/noticiasbahia360.com.br\/index.php?rest_route=\/wp\/v2\/media\/85578"}],"wp:attachment":[{"href":"https:\/\/noticiasbahia360.com.br\/index.php?rest_route=%2Fwp%2Fv2%2Fmedia&parent=85577"}],"wp:term":[{"taxonomy":"category","embeddable":true,"href":"https:\/\/noticiasbahia360.com.br\/index.php?rest_route=%2Fwp%2Fv2%2Fcategories&post=85577"},{"taxonomy":"post_tag","embeddable":true,"href":"https:\/\/noticiasbahia360.com.br\/index.php?rest_route=%2Fwp%2Fv2%2Ftags&post=85577"}],"curies":[{"name":"wp","href":"https:\/\/api.w.org\/{rel}","templated":true}]}}