{"id":85579,"date":"2025-05-09T18:35:58","date_gmt":"2025-05-09T21:35:58","guid":{"rendered":"https:\/\/noticiasbahia360.com.br\/?p=85579"},"modified":"2025-05-09T18:35:58","modified_gmt":"2025-05-09T21:35:58","slug":"tecnica-de-arte-africana-e-apresentada-em-exposicao-por-estudantes-da-escola-vinicius-de-moraes","status":"publish","type":"post","link":"https:\/\/noticiasbahia360.com.br\/?p=85579","title":{"rendered":"T\u00e9cnica de arte africana \u00e9 apresentada em exposi\u00e7\u00e3o por estudantes da escola Vinicius de Moraes"},"content":{"rendered":"<div>\n<div>\n<figure><img decoding=\"async\" src=\"http:\/\/noticiasbahia360.com.br\/wp-content\/uploads\/2025\/05\/Tecnica-de-arte-africana-e-apresentada-em-exposicao-por-estudantes-da-escola-Vinicius-de-Moraes.jpg\" alt=\"T\u00e9cnica de arte africana \u00e9 apresentada em exposi\u00e7\u00e3o por estudantes da escola Vinicius de Moraes\"><figcaption>Foto: Ney Silva\/Acorda Cidade<\/figcaption><\/figure>\n<\/div>\n<p>A exposi\u00e7\u00e3o \u201cArte Africana atrav\u00e9s da T\u00e9cnica da Papietagem\u201d marca o resultado de uma experi\u00eancia pr\u00e1tica e te\u00f3rica desenvolvida por <a href=\"https:\/\/www.acordacidade.com.br\/tag\/alunos\/\">alunos <\/a>do ensino m\u00e9dio sob a orienta\u00e7\u00e3o do professor de artes da escola Vinicius de Moraes. Durante o ano letivo, os estudantes mergulharam no universo da arte africana, conhecendo suas origens, significados e simbologias.<\/p>\n<p>Inspirados por essa <a href=\"https:\/\/www.acordacidade.com.br\/tag\/cultura\/\">cultura <\/a>rica e ancestral, os alunos confeccionaram vasos e m\u00e1scaras africanas utilizando a t\u00e9cnica da papietagem \u2014 que consiste na modelagem com papel higi\u00eanico, cola, \u00e1gua e bexigas. A exposi\u00e7\u00e3o, ambientada com uma decora\u00e7\u00e3o intimista e tem\u00e1tica, visa valorizar o protagonismo dos estudantes e aproximar a comunidade escolar da arte e da cultura afrodescendente.<\/p>\n<p>O professor de artes da unidade escolar, Cl\u00e9sid Rangel, destacou ao Acorda Cidade que faz parte do contexto da escola trabalhar a arte africana. \u201cFaz parte do curr\u00edculo escolar e nossa escola \u00e9 muito atenta a essas quest\u00f5es\u201d.<\/p>\n<figure class=\"wp-block-image size-large\"><img fetchpriority=\"high\" data-dominant-color=\"664f66\" data-has-transparency=\"false\" style=\"--dominant-color: #664f66;\" fetchpriority=\"high\" decoding=\"async\" width=\"1024\" height=\"768\" sizes=\"(max-width: 1024px) 100vw, 1024px\" src=\"http:\/\/noticiasbahia360.com.br\/wp-content\/uploads\/2025\/05\/qWq8mdIo-professor-rangel-1024x768-1.webp\" alt=\"professor rangel\" class=\"wp-image-551672 not-transparent\" srcset=\"https:\/\/uploads.acordacidade.com.br\/2025\/05\/qWq8mdIo-professor-rangel--300x225.webp 300w, http:\/\/noticiasbahia360.com.br\/wp-content\/uploads\/2025\/05\/qWq8mdIo-professor-rangel-1024x768-1.webp 1024w, https:\/\/uploads.acordacidade.com.br\/2025\/05\/qWq8mdIo-professor-rangel--768x576.webp 768w, https:\/\/uploads.acordacidade.com.br\/2025\/05\/qWq8mdIo-professor-rangel--150x113.webp 150w, https:\/\/uploads.acordacidade.com.br\/2025\/05\/qWq8mdIo-professor-rangel-.webp 1200w\"><figcaption class=\"wp-element-caption\">Professor Rangel | Foto: Ney Silva\/Acorda Cidade<\/figcaption><\/figure>\n<p>O professor Rangel falou ainda sobre a import\u00e2ncia de os alunos entenderem na pr\u00e1tica o que \u00e9 visto durante as aulas em sala. \u201c\u00c9 sair do \u00f3bvio, gerando um aprendizado mais completo, desenvolvendo aspectos cognitivos como aprender a pensar, resolver problemas, al\u00e9m de valorar a arte dos povos africanos. Essa t\u00e9cnica \u00e9 artesanal, criativa e ajuda na coordena\u00e7\u00e3o motora, estimula a paci\u00eancia e a consci\u00eancia ambiental, uma vez que voc\u00ea pode utilizar materiais recicl\u00e1veis e reutiliz\u00e1veis\u201d.<\/p>\n<p>Ele afirmou que no in\u00edcio das atividades alguns estudantes resistiram, por conta do processo que \u00e9 trabalhoso, mas destacou que durante o caminhar, eles se sentiram mais \u00e0 vontade. \u201cOs alunos aprenderam sobre a riqueza dos detalhes que essa cultura tem, o simbolismo das roupas, suas dan\u00e7as e tradi\u00e7\u00f5es e principalmente sobre a forma\u00e7\u00e3o da identidade brasileira e as influ\u00eancias que a \u00c1frica tem sobre n\u00f3s\u201d, disse.<\/p>\n<figure class=\"wp-block-image size-large\"><img data-dominant-color=\"765464\" data-has-transparency=\"false\" style=\"--dominant-color: #765464;\" decoding=\"async\" width=\"1024\" height=\"768\" sizes=\"(max-width: 1024px) 100vw, 1024px\" src=\"http:\/\/noticiasbahia360.com.br\/wp-content\/uploads\/2025\/05\/frGXuWY9-professora-Isabela-Casaes-1024x768-1.webp\" alt=\"professora Isabela Casaes\" class=\"wp-image-551678 not-transparent\" srcset=\"https:\/\/uploads.acordacidade.com.br\/2025\/05\/frGXuWY9-professora-Isabela-Casaes-300x225.webp 300w, http:\/\/noticiasbahia360.com.br\/wp-content\/uploads\/2025\/05\/frGXuWY9-professora-Isabela-Casaes-1024x768-1.webp 1024w, https:\/\/uploads.acordacidade.com.br\/2025\/05\/frGXuWY9-professora-Isabela-Casaes-768x576.webp 768w, https:\/\/uploads.acordacidade.com.br\/2025\/05\/frGXuWY9-professora-Isabela-Casaes-150x113.webp 150w, https:\/\/uploads.acordacidade.com.br\/2025\/05\/frGXuWY9-professora-Isabela-Casaes.webp 1200w\"><figcaption class=\"wp-element-caption\">Professora Isabela Casaes | Foto: Ney Silva\/Acorda Cidade<\/figcaption><\/figure>\n<p>A professora Isabela Casaes, considera a ideia da atividade fant\u00e1stica. \u201cExiste uma lei que nos obriga a trazer esses discursos para a sala e s\u00e3o reflex\u00f5es para o crescimento intelectual dos nossos alunos. Isso \u00e9 muito importante\u201d.<\/p>\n<figure class=\"wp-block-image size-large\"><img data-dominant-color=\"a09290\" data-has-transparency=\"false\" style=\"--dominant-color: #a09290;\" decoding=\"async\" width=\"1024\" height=\"768\" sizes=\"(max-width: 1024px) 100vw, 1024px\" src=\"http:\/\/noticiasbahia360.com.br\/wp-content\/uploads\/2025\/05\/fMxfS6VZ-Pedro-Americo-1024x768-1.webp\" alt=\"Pedro Ant\u00f4nio\" class=\"wp-image-551676 not-transparent\" srcset=\"https:\/\/uploads.acordacidade.com.br\/2025\/05\/fMxfS6VZ-Pedro-Americo-300x225.webp 300w, http:\/\/noticiasbahia360.com.br\/wp-content\/uploads\/2025\/05\/fMxfS6VZ-Pedro-Americo-1024x768-1.webp 1024w, https:\/\/uploads.acordacidade.com.br\/2025\/05\/fMxfS6VZ-Pedro-Americo-768x576.webp 768w, https:\/\/uploads.acordacidade.com.br\/2025\/05\/fMxfS6VZ-Pedro-Americo-150x113.webp 150w, https:\/\/uploads.acordacidade.com.br\/2025\/05\/fMxfS6VZ-Pedro-Americo.webp 1200w\"><figcaption class=\"wp-element-caption\">Estudante Pedro Ant\u00f4nio | Foto: Ney Silva\/Acorda Cidade<\/figcaption><\/figure>\n<p>O estudante Pedro Ant\u00f4nio, que cursa o 3\u00ba ano, fez a cria\u00e7\u00e3o de duas m\u00e1scaras com objetos geom\u00e9tricos. \u201cDemorei uns dois dias para a constru\u00e7\u00e3o. A gente fez os objetos e depois foi s\u00f3 colorir. Achei a ideia muito interessante, j\u00e1 tinha visto outras artes de papietagem e gostei muito de praticar\u201d, afirmou.<\/p>\n<figure class=\"wp-block-image size-large\"><img data-dominant-color=\"7d6260\" data-has-transparency=\"false\" style=\"--dominant-color: #7d6260;\" decoding=\"async\" width=\"1024\" height=\"768\" sizes=\"(max-width: 1024px) 100vw, 1024px\" src=\"http:\/\/noticiasbahia360.com.br\/wp-content\/uploads\/2025\/05\/51OGWzh1-Shamanta-Souza-1024x768-1.webp\" alt=\"Shamanta Souza\" class=\"wp-image-551679 not-transparent\" srcset=\"https:\/\/uploads.acordacidade.com.br\/2025\/05\/51OGWzh1-Shamanta-Souza-300x225.webp 300w, http:\/\/noticiasbahia360.com.br\/wp-content\/uploads\/2025\/05\/51OGWzh1-Shamanta-Souza-1024x768-1.webp 1024w, https:\/\/uploads.acordacidade.com.br\/2025\/05\/51OGWzh1-Shamanta-Souza-768x576.webp 768w, https:\/\/uploads.acordacidade.com.br\/2025\/05\/51OGWzh1-Shamanta-Souza-150x113.webp 150w, https:\/\/uploads.acordacidade.com.br\/2025\/05\/51OGWzh1-Shamanta-Souza.webp 1200w\"><figcaption class=\"wp-element-caption\">Shamanta Souza | Foto: Ney Silva\/Acorda Cidade<\/figcaption><\/figure>\n<p>Samantha Souza, estudante do 3\u00ba ano, afirmou ao Acorda Cidade que a experi\u00eancia foi muito enriquecedora. \u201cA arte africana tem muito simbolismo, muita express\u00e3o e colocar meu estilo e meu pensamento sobre essa arte \u00e9 muito inspirador. Gostei muito da parte da pintura, foi muito relaxante\u201d.<\/p>\n<figure class=\"wp-block-image size-large\"><img loading=\"lazy\" data-dominant-color=\"7f736a\" data-has-transparency=\"false\" style=\"--dominant-color: #7f736a;\" decoding=\"async\" width=\"1024\" height=\"768\" sizes=\"(max-width: 1024px) 100vw, 1024px\" src=\"http:\/\/noticiasbahia360.com.br\/wp-content\/uploads\/2025\/05\/y9Qa3AFC-caio-vinicius-1024x768-1.webp\" alt=\"caio vinicius\" class=\"wp-image-551677 not-transparent\" srcset=\"https:\/\/uploads.acordacidade.com.br\/2025\/05\/y9Qa3AFC-caio-vinicius--300x225.webp 300w, http:\/\/noticiasbahia360.com.br\/wp-content\/uploads\/2025\/05\/y9Qa3AFC-caio-vinicius-1024x768-1.webp 1024w, https:\/\/uploads.acordacidade.com.br\/2025\/05\/y9Qa3AFC-caio-vinicius--768x576.webp 768w, https:\/\/uploads.acordacidade.com.br\/2025\/05\/y9Qa3AFC-caio-vinicius--150x113.webp 150w, https:\/\/uploads.acordacidade.com.br\/2025\/05\/y9Qa3AFC-caio-vinicius-.webp 1200w\"><figcaption class=\"wp-element-caption\">Caio Vinicius | Foto: Ney Silva\/Acorda Cidade<\/figcaption><\/figure>\n<p>O estudante Caio Vinicius tamb\u00e9m gostou da pr\u00e1tica. \u201cAchei o projeto muito interessante. O mau jarro foi um processo bem trabalhado, bem din\u00e2mico. O professor ensinou a t\u00e9cnica na sala de aula e eu pude aplicar em casa com mais calma. Foi uma atividade que me desenvolveu uma paci\u00eancia muito grande, me trouxe paz em trabalhar com papel\u201d, disse.<\/p>\n<p>A estudante Kiria Sampaio Ribeiro, do 2\u00ba ano, considera que \u00e9 muito importante incluir essas discuss\u00f5es na grade curricular. \u201cFoi uma experi\u00eancia muito imersiva, pr\u00e1tica, onde a gente colocou a m\u00e3o na massa. Isso ajuda at\u00e9 a gente a fixar melhor os assuntos\u201d.<\/p>\n<p>Kiria afirmou que desde pequena tem apre\u00e7o pela arte. Atualmente ela tem um perfil no Instagram onde divulga e comercializa seus desenhos. \u201cEu desenho desde pequena e recentemente tenho dado aula de artes para algumas crian\u00e7as. Tenho um Instagram onde posto meus trabalhos e vendo essas artes @_inksana<\/p>\n<p><em>Com informa\u00e7\u00f5es do rep\u00f3rter Ney Silva do Acorda Cidade<\/em><\/p>\n<p><em>Siga o Acorda Cidade no<\/em><a href=\"https:\/\/news.google.com\/search?q=acorda%20cidade&amp;hl=pt-BR&amp;gl=BR&amp;ceid=BR%3Apt-419\"><strong><em>\u00a0Google Not\u00edcias<\/em><\/strong><\/a><em>\u00a0e receba os principais destaques do dia. Participe tamb\u00e9m dos nossos canais no\u00a0<\/em><a href=\"https:\/\/whatsapp.com\/channel\/0029Va6Rb4v3WHTNnsh8WI3N\"><strong><em>WhatsApp<\/em><\/strong><\/a><em>\u00a0e\u00a0<\/em><a href=\"https:\/\/www.youtube.com\/@acordacidadenoticias\/videos\"><strong>Youtube<\/strong><\/a><em>\u00a0e grupo de\u00a0<\/em><a href=\"https:\/\/t.me\/+sSz0khrgARA0ZmRh\"><strong><em>Telegram<\/em><\/strong><\/a><em>.<\/em><\/p>\n<\/div>\n","protected":false},"excerpt":{"rendered":"<div>\n<div>\n<figure><img decoding=\"async\" src=\"https:\/\/uploads.acordacidade.com.br\/2025\/05\/Tecnica-de-arte-africana-e-apresentada-em-exposicao-por-estudantes-da-escola-Vinicius-de-Moraes.jpg\" alt=\"T\u00e9cnica de arte africana \u00e9 apresentada em exposi\u00e7\u00e3o por estudantes da escola Vinicius de Moraes\"><figcaption>Foto: Ney Silva\/Acorda Cidade<\/figcaption><\/figure>\n<\/div>\n<p>O professor de artes da unidade escolar, Cl\u00e9sid Rangel, destacou que faz parte do contexto da escola trabalhar a arte africana.<\/p><\/div>\n","protected":false},"author":1,"featured_media":85580,"comment_status":"closed","ping_status":"closed","sticky":false,"template":"","format":"gallery","meta":{"footnotes":""},"categories":[8,9,6,57,56,10],"tags":[],"class_list":["post-85579","post","type-post","status-publish","format-gallery","has-post-thumbnail","hentry","category-bahia","category-brasil","category-feira-de-santana","category-mundo","category-policia","category-politica","post_format-post-format-gallery"],"featured_image_urls":{"full":["https:\/\/noticiasbahia360.com.br\/wp-content\/uploads\/2025\/05\/Tecnica-de-arte-africana-e-apresentada-em-exposicao-por-estudantes-da-escola-Vinicius-de-Moraes.jpg",1200,900,false],"thumbnail":["https:\/\/noticiasbahia360.com.br\/wp-content\/uploads\/2025\/05\/Tecnica-de-arte-africana-e-apresentada-em-exposicao-por-estudantes-da-escola-Vinicius-de-Moraes-150x150.jpg",150,150,true],"medium":["https:\/\/noticiasbahia360.com.br\/wp-content\/uploads\/2025\/05\/Tecnica-de-arte-africana-e-apresentada-em-exposicao-por-estudantes-da-escola-Vinicius-de-Moraes-300x225.jpg",300,225,true],"medium_large":["https:\/\/noticiasbahia360.com.br\/wp-content\/uploads\/2025\/05\/Tecnica-de-arte-africana-e-apresentada-em-exposicao-por-estudantes-da-escola-Vinicius-de-Moraes-768x576.jpg",640,480,true],"large":["https:\/\/noticiasbahia360.com.br\/wp-content\/uploads\/2025\/05\/Tecnica-de-arte-africana-e-apresentada-em-exposicao-por-estudantes-da-escola-Vinicius-de-Moraes-1024x768.jpg",640,480,true],"1536x1536":["https:\/\/noticiasbahia360.com.br\/wp-content\/uploads\/2025\/05\/Tecnica-de-arte-africana-e-apresentada-em-exposicao-por-estudantes-da-escola-Vinicius-de-Moraes.jpg",1200,900,false],"2048x2048":["https:\/\/noticiasbahia360.com.br\/wp-content\/uploads\/2025\/05\/Tecnica-de-arte-africana-e-apresentada-em-exposicao-por-estudantes-da-escola-Vinicius-de-Moraes.jpg",1200,900,false],"chromenews-featured":["https:\/\/noticiasbahia360.com.br\/wp-content\/uploads\/2025\/05\/Tecnica-de-arte-africana-e-apresentada-em-exposicao-por-estudantes-da-escola-Vinicius-de-Moraes-1024x768.jpg",1024,768,true],"chromenews-large":["https:\/\/noticiasbahia360.com.br\/wp-content\/uploads\/2025\/05\/Tecnica-de-arte-africana-e-apresentada-em-exposicao-por-estudantes-da-escola-Vinicius-de-Moraes-825x575.jpg",825,575,true],"chromenews-medium":["https:\/\/noticiasbahia360.com.br\/wp-content\/uploads\/2025\/05\/Tecnica-de-arte-africana-e-apresentada-em-exposicao-por-estudantes-da-escola-Vinicius-de-Moraes-590x410.jpg",590,410,true]},"author_info":{"display_name":"noticiasbahia360.com.br","author_link":"https:\/\/noticiasbahia360.com.br\/?author=1"},"category_info":"<a href=\"https:\/\/noticiasbahia360.com.br\/?cat=8\" rel=\"category\">Bahia<\/a> <a href=\"https:\/\/noticiasbahia360.com.br\/?cat=9\" rel=\"category\">Brasil<\/a> <a href=\"https:\/\/noticiasbahia360.com.br\/?cat=6\" rel=\"category\">Feira de Santana<\/a> <a href=\"https:\/\/noticiasbahia360.com.br\/?cat=57\" rel=\"category\">Mundo<\/a> <a href=\"https:\/\/noticiasbahia360.com.br\/?cat=56\" rel=\"category\">Pol\u00edcia<\/a> <a href=\"https:\/\/noticiasbahia360.com.br\/?cat=10\" rel=\"category\">Pol\u00edtica<\/a>","tag_info":"Pol\u00edtica","comment_count":"0","_links":{"self":[{"href":"https:\/\/noticiasbahia360.com.br\/index.php?rest_route=\/wp\/v2\/posts\/85579","targetHints":{"allow":["GET"]}}],"collection":[{"href":"https:\/\/noticiasbahia360.com.br\/index.php?rest_route=\/wp\/v2\/posts"}],"about":[{"href":"https:\/\/noticiasbahia360.com.br\/index.php?rest_route=\/wp\/v2\/types\/post"}],"author":[{"embeddable":true,"href":"https:\/\/noticiasbahia360.com.br\/index.php?rest_route=\/wp\/v2\/users\/1"}],"replies":[{"embeddable":true,"href":"https:\/\/noticiasbahia360.com.br\/index.php?rest_route=%2Fwp%2Fv2%2Fcomments&post=85579"}],"version-history":[{"count":0,"href":"https:\/\/noticiasbahia360.com.br\/index.php?rest_route=\/wp\/v2\/posts\/85579\/revisions"}],"wp:featuredmedia":[{"embeddable":true,"href":"https:\/\/noticiasbahia360.com.br\/index.php?rest_route=\/wp\/v2\/media\/85580"}],"wp:attachment":[{"href":"https:\/\/noticiasbahia360.com.br\/index.php?rest_route=%2Fwp%2Fv2%2Fmedia&parent=85579"}],"wp:term":[{"taxonomy":"category","embeddable":true,"href":"https:\/\/noticiasbahia360.com.br\/index.php?rest_route=%2Fwp%2Fv2%2Fcategories&post=85579"},{"taxonomy":"post_tag","embeddable":true,"href":"https:\/\/noticiasbahia360.com.br\/index.php?rest_route=%2Fwp%2Fv2%2Ftags&post=85579"}],"curies":[{"name":"wp","href":"https:\/\/api.w.org\/{rel}","templated":true}]}}