{"id":85586,"date":"2025-05-09T19:24:30","date_gmt":"2025-05-09T22:24:30","guid":{"rendered":"https:\/\/noticiasbahia360.com.br\/?p=85586"},"modified":"2025-05-09T19:24:30","modified_gmt":"2025-05-09T22:24:30","slug":"apos-aprovacao-do-emprestimo-de-us-64-milhoes-para-obras-de-drenagem-prefeito-explica-proximos-passos","status":"publish","type":"post","link":"https:\/\/noticiasbahia360.com.br\/?p=85586","title":{"rendered":"Ap\u00f3s aprova\u00e7\u00e3o do empr\u00e9stimo de US$ 64 milh\u00f5es para obras de drenagem, prefeito explica pr\u00f3ximos passos"},"content":{"rendered":"<div>\n<div>\n<figure><img decoding=\"async\" src=\"http:\/\/noticiasbahia360.com.br\/wp-content\/uploads\/2025\/05\/Rua-Rio-Verde-no-bairro-Conceicao-ll-em-Feira-de-Santana-lama-esgoto-falta-de-drenagem-ft-paulo-jose-acorda-cidade2.jpg\" alt=\"Rua Rio Verde, no bairro Concei\u00e7\u00e3o ll, em Feira de Santana financiamento drenagem\"><figcaption>Foto: Paulo Jos\u00e9\/Acorda Cidade<\/figcaption><\/figure>\n<\/div>\n<p><a href=\"https:\/\/www.acordacidade.com.br\/feira-de-santana\/banco-aprova-financiamento-de-us-64-milhoes-para-projeto-de-drenagem-e-mobilidade-em-feira-de-santana\/\">Ap\u00f3s a aprova\u00e7\u00e3o do empr\u00e9stimo de US$ 64 milh\u00f5es para um projeto de drenagem urbana e mobilidade da cidade de Feira de Santana<\/a>, pelo Banco de Desenvolvimento (Fonplata) na quinta-feira (8), o <a href=\"https:\/\/www.acordacidade.com.br\/tag\/prefeito-jose-ronaldo\/\">prefeito Jos\u00e9 Ronaldo de Carvalho<\/a> explicou ao Acorda Cidade quais os pr\u00f3ximos passos a partir de agora. Segundo ele, agora ser\u00e3o duas etapas a serem cumpridas. <\/p>\n<p>\u201cUma \u00e9 mais r\u00e1pida, que \u00e9 a etapa que eles encaminham a aprova\u00e7\u00e3o ao governo. Esse empr\u00e9stimo \u00e9 com aval da Uni\u00e3o, j\u00e1 que \u00e9 com banco internacional, ent\u00e3o ap\u00f3s esse aval vai ao <a href=\"https:\/\/www.acordacidade.com.br\/tag\/senado-federal\/\">Senado Federal<\/a>, que \u00e9 praticamente a \u00faltima etapa, e depois aprova, retorna ao pr\u00f3prio banco e a\u00ed assina-se o contrato em definitivo\u201d, explicou.<\/p>\n<figure class=\"wp-block-image size-large\"><img fetchpriority=\"high\" data-dominant-color=\"9296a5\" data-has-transparency=\"false\" style=\"--dominant-color: #9296a5;\" fetchpriority=\"high\" decoding=\"async\" width=\"1024\" height=\"734\" sizes=\"(max-width: 1024px) 100vw, 1024px\" src=\"http:\/\/noticiasbahia360.com.br\/wp-content\/uploads\/2025\/05\/mM70NYWn-prefeito-Jose-Ronaldo-fala-sobre-financiamento-para-obras-de-drenagem-1024x734-1.webp\" alt=\"prefeito Jos\u00e9 Ronaldo fala sobre financiamento para obras de drenagem\" class=\"wp-image-551698 not-transparent\" srcset=\"https:\/\/uploads.acordacidade.com.br\/2025\/05\/mM70NYWn-prefeito-Jose-Ronaldo-fala-sobre-financiamento-para-obras-de-drenagem--300x215.webp 300w, http:\/\/noticiasbahia360.com.br\/wp-content\/uploads\/2025\/05\/mM70NYWn-prefeito-Jose-Ronaldo-fala-sobre-financiamento-para-obras-de-drenagem-1024x734-1.webp 1024w, https:\/\/uploads.acordacidade.com.br\/2025\/05\/mM70NYWn-prefeito-Jose-Ronaldo-fala-sobre-financiamento-para-obras-de-drenagem--768x550.webp 768w, https:\/\/uploads.acordacidade.com.br\/2025\/05\/mM70NYWn-prefeito-Jose-Ronaldo-fala-sobre-financiamento-para-obras-de-drenagem--150x108.webp 150w, https:\/\/uploads.acordacidade.com.br\/2025\/05\/mM70NYWn-prefeito-Jose-Ronaldo-fala-sobre-financiamento-para-obras-de-drenagem-.webp 1200w\"><figcaption class=\"wp-element-caption\">Prefeito Jos\u00e9 Ronaldo | Foto: Paulo Jos\u00e9\/Acorda Cidade<\/figcaption><\/figure>\n<p>De acordo com o prefeito, esses passos s\u00e3o burocr\u00e1ticos e demora algum tempo at\u00e9 a assinatura do contrato. \u201cDepois da aprova\u00e7\u00e3o ainda tem tudo isso a ser feito. A gente calcula a\u00ed, torcendo e trabalhando, que at\u00e9 90 dias esses processos estejam conclu\u00eddos\u201d, disse.<\/p>\n<p><strong>Leia tamb\u00e9m: <a href=\"https:\/\/www.acordacidade.com.br\/feira-de-santana\/banco-aprova-financiamento-de-us-64-milhoes-para-projeto-de-drenagem-e-mobilidade-em-feira-de-santana\/\">Banco aprova financiamento de 64 milh\u00f5es de d\u00f3lares para projeto de drenagem e mobilidade em Feira de Santana<\/a><\/strong><\/p>\n<p><em>Siga o Acorda Cidade no<\/em><a href=\"https:\/\/news.google.com\/search?q=acorda%20cidade&amp;hl=pt-BR&amp;gl=BR&amp;ceid=BR%3Apt-419\"><strong><em>\u00a0Google Not\u00edcias<\/em><\/strong><\/a><em>\u00a0e receba os principais destaques do dia. Participe tamb\u00e9m dos nossos canais no\u00a0<\/em><a href=\"https:\/\/www.whatsapp.com\/channel\/0029Va6Rb4v3WHTNnsh8WI3N\"><strong><em>WhatsApp<\/em><\/strong><\/a><em>\u00a0e\u00a0<\/em><a href=\"https:\/\/www.youtube.com\/@acordacidadenoticias\/videos\"><strong>YouTube<\/strong><\/a><em>\u00a0e do grupo no\u00a0<\/em><a href=\"https:\/\/t.me\/+sSz0khrgARA0ZmRh\"><strong><em>Telegram<\/em><\/strong><\/a><em>.<\/em><\/p>\n<\/div>\n","protected":false},"excerpt":{"rendered":"<div>\n<div>\n<figure><img decoding=\"async\" src=\"https:\/\/www.acordacidade.com.br\/wp-content\/uploads\/2024\/07\/Rua-Rio-Verde-no-bairro-Conceicao-ll-em-Feira-de-Santana-lama-esgoto-falta-de-drenagem-ft-paulo-jose-acorda-cidade2.jpg\" alt=\"Rua Rio Verde, no bairro Concei\u00e7\u00e3o ll, em Feira de Santana financiamento drenagem\"><figcaption>Foto: Paulo Jos\u00e9\/Acorda Cidade<\/figcaption><\/figure>\n<\/div>\n<p>Segundo ele, agora ser\u00e3o duas etapas a serem cumpridas.<\/p><\/div>\n","protected":false},"author":1,"featured_media":85587,"comment_status":"closed","ping_status":"closed","sticky":false,"template":"","format":"gallery","meta":{"footnotes":""},"categories":[8,9,6,57,56,10],"tags":[],"class_list":["post-85586","post","type-post","status-publish","format-gallery","has-post-thumbnail","hentry","category-bahia","category-brasil","category-feira-de-santana","category-mundo","category-policia","category-politica","post_format-post-format-gallery"],"featured_image_urls":{"full":["https:\/\/noticiasbahia360.com.br\/wp-content\/uploads\/2025\/05\/Rua-Rio-Verde-no-bairro-Conceicao-ll-em-Feira-de-Santana-lama-esgoto-falta-de-drenagem-ft-paulo-jose-acorda-cidade2.jpg",640,361,false],"thumbnail":["https:\/\/noticiasbahia360.com.br\/wp-content\/uploads\/2025\/05\/Rua-Rio-Verde-no-bairro-Conceicao-ll-em-Feira-de-Santana-lama-esgoto-falta-de-drenagem-ft-paulo-jose-acorda-cidade2-150x150.jpg",150,150,true],"medium":["https:\/\/noticiasbahia360.com.br\/wp-content\/uploads\/2025\/05\/Rua-Rio-Verde-no-bairro-Conceicao-ll-em-Feira-de-Santana-lama-esgoto-falta-de-drenagem-ft-paulo-jose-acorda-cidade2-300x169.jpg",300,169,true],"medium_large":["https:\/\/noticiasbahia360.com.br\/wp-content\/uploads\/2025\/05\/Rua-Rio-Verde-no-bairro-Conceicao-ll-em-Feira-de-Santana-lama-esgoto-falta-de-drenagem-ft-paulo-jose-acorda-cidade2.jpg",640,361,false],"large":["https:\/\/noticiasbahia360.com.br\/wp-content\/uploads\/2025\/05\/Rua-Rio-Verde-no-bairro-Conceicao-ll-em-Feira-de-Santana-lama-esgoto-falta-de-drenagem-ft-paulo-jose-acorda-cidade2.jpg",640,361,false],"1536x1536":["https:\/\/noticiasbahia360.com.br\/wp-content\/uploads\/2025\/05\/Rua-Rio-Verde-no-bairro-Conceicao-ll-em-Feira-de-Santana-lama-esgoto-falta-de-drenagem-ft-paulo-jose-acorda-cidade2.jpg",640,361,false],"2048x2048":["https:\/\/noticiasbahia360.com.br\/wp-content\/uploads\/2025\/05\/Rua-Rio-Verde-no-bairro-Conceicao-ll-em-Feira-de-Santana-lama-esgoto-falta-de-drenagem-ft-paulo-jose-acorda-cidade2.jpg",640,361,false],"chromenews-featured":["https:\/\/noticiasbahia360.com.br\/wp-content\/uploads\/2025\/05\/Rua-Rio-Verde-no-bairro-Conceicao-ll-em-Feira-de-Santana-lama-esgoto-falta-de-drenagem-ft-paulo-jose-acorda-cidade2.jpg",640,361,false],"chromenews-large":["https:\/\/noticiasbahia360.com.br\/wp-content\/uploads\/2025\/05\/Rua-Rio-Verde-no-bairro-Conceicao-ll-em-Feira-de-Santana-lama-esgoto-falta-de-drenagem-ft-paulo-jose-acorda-cidade2.jpg",640,361,false],"chromenews-medium":["https:\/\/noticiasbahia360.com.br\/wp-content\/uploads\/2025\/05\/Rua-Rio-Verde-no-bairro-Conceicao-ll-em-Feira-de-Santana-lama-esgoto-falta-de-drenagem-ft-paulo-jose-acorda-cidade2-590x361.jpg",590,361,true]},"author_info":{"display_name":"noticiasbahia360.com.br","author_link":"https:\/\/noticiasbahia360.com.br\/?author=1"},"category_info":"<a href=\"https:\/\/noticiasbahia360.com.br\/?cat=8\" rel=\"category\">Bahia<\/a> <a href=\"https:\/\/noticiasbahia360.com.br\/?cat=9\" rel=\"category\">Brasil<\/a> <a href=\"https:\/\/noticiasbahia360.com.br\/?cat=6\" rel=\"category\">Feira de Santana<\/a> <a href=\"https:\/\/noticiasbahia360.com.br\/?cat=57\" rel=\"category\">Mundo<\/a> <a href=\"https:\/\/noticiasbahia360.com.br\/?cat=56\" rel=\"category\">Pol\u00edcia<\/a> <a href=\"https:\/\/noticiasbahia360.com.br\/?cat=10\" rel=\"category\">Pol\u00edtica<\/a>","tag_info":"Pol\u00edtica","comment_count":"0","_links":{"self":[{"href":"https:\/\/noticiasbahia360.com.br\/index.php?rest_route=\/wp\/v2\/posts\/85586","targetHints":{"allow":["GET"]}}],"collection":[{"href":"https:\/\/noticiasbahia360.com.br\/index.php?rest_route=\/wp\/v2\/posts"}],"about":[{"href":"https:\/\/noticiasbahia360.com.br\/index.php?rest_route=\/wp\/v2\/types\/post"}],"author":[{"embeddable":true,"href":"https:\/\/noticiasbahia360.com.br\/index.php?rest_route=\/wp\/v2\/users\/1"}],"replies":[{"embeddable":true,"href":"https:\/\/noticiasbahia360.com.br\/index.php?rest_route=%2Fwp%2Fv2%2Fcomments&post=85586"}],"version-history":[{"count":0,"href":"https:\/\/noticiasbahia360.com.br\/index.php?rest_route=\/wp\/v2\/posts\/85586\/revisions"}],"wp:featuredmedia":[{"embeddable":true,"href":"https:\/\/noticiasbahia360.com.br\/index.php?rest_route=\/wp\/v2\/media\/85587"}],"wp:attachment":[{"href":"https:\/\/noticiasbahia360.com.br\/index.php?rest_route=%2Fwp%2Fv2%2Fmedia&parent=85586"}],"wp:term":[{"taxonomy":"category","embeddable":true,"href":"https:\/\/noticiasbahia360.com.br\/index.php?rest_route=%2Fwp%2Fv2%2Fcategories&post=85586"},{"taxonomy":"post_tag","embeddable":true,"href":"https:\/\/noticiasbahia360.com.br\/index.php?rest_route=%2Fwp%2Fv2%2Ftags&post=85586"}],"curies":[{"name":"wp","href":"https:\/\/api.w.org\/{rel}","templated":true}]}} 