{"id":85589,"date":"2025-05-09T20:30:05","date_gmt":"2025-05-09T23:30:05","guid":{"rendered":"https:\/\/noticiasbahia360.com.br\/?p=85589"},"modified":"2025-05-09T20:30:05","modified_gmt":"2025-05-09T23:30:05","slug":"rebanho-com-mais-de-60-cabecas-de-gado-e-resgatado-pelos-bombeiros-apos-caminhao-boiadeiro-tombar-em-bom-jesus-da-lapa","status":"publish","type":"post","link":"https:\/\/noticiasbahia360.com.br\/?p=85589","title":{"rendered":"Rebanho com mais de 60 cabe\u00e7as de gado \u00e9 resgatado pelos bombeiros ap\u00f3s caminh\u00e3o boiadeiro tombar em Bom Jesus da Lapa"},"content":{"rendered":"<div>\n<div>\n<figure><img decoding=\"async\" src=\"http:\/\/noticiasbahia360.com.br\/wp-content\/uploads\/2025\/05\/achei-sudoeste-resgate-de-bovinos-na-br349-em-bom-jesus-da-lapa.png\" alt=\"Bombeiros\"><figcaption>Foto: Reprodu\u00e7\u00e3o \/ Achei Sudoeste <\/figcaption><\/figure>\n<\/div>\n<p>Um caminh\u00e3o do tipo boiadeiro, utilizado para realizar o transporte de animais bovinos, tombou na BR-349 em <a href=\"https:\/\/www.acordacidade.com.br\/tag\/bom-jesus-da-lapa\/\">Bom Jesus da Lapa<\/a>. O fato ocorreu na quinta-feira (8) ap\u00f3s o ve\u00edculo se envolver em um acidente com uma caminhonete.<\/p>\n<p>Segundo o Achei Sudoeste, site parceiro do Acorda Cidade, tr\u00eas equipes do 20\u00ba Batalh\u00e3o de Bombeiros Militar (20\u00ba BBM) foram deslocadas para auxiliar no resgate do rebanho que tinha mais de 60 cabe\u00e7as de gado. <strong>O motorista do caminh\u00e3o teve ferimentos leves.<\/strong><\/p>\n<p>Ainda segundo o Achei Sudoeste, diante da complexidade em realizar o resgate dos animais, as equipes do 20\u00ba BBM criaram uma esp\u00e9cie de pontos de acesso na carroceria do caminh\u00e3o para facilitar a sa\u00edda dos bovinos. <\/p>\n<p>A a\u00e7\u00e3o de resgate contou com o apoio da 38\u00aa Companhia Independente de Pol\u00edcia Militar (38\u00ba CIPM) e um guindaste foi utilizado.<\/p>\n<div class=\"wp-block-group\">\n<div class=\"wp-block-group__inner-container is-layout-constrained wp-block-group-is-layout-constrained\">\n<p><em>Reportagem escrita pelo estagi\u00e1rio de jornalismo Jefferson Ara\u00fajo sob supervis\u00e3o<\/em>\u00a0<\/p>\n<p><em>Siga o Acorda Cidade no<\/em><a href=\"https:\/\/news.google.com\/search?q=acorda%20cidade&amp;hl=pt-BR&amp;gl=BR&amp;ceid=BR%3Apt-419\"><strong><em>\u00a0Google Not\u00edcias<\/em><\/strong><\/a><em>\u00a0e receba os principais destaques do dia. Participe tamb\u00e9m dos nossos canais no\u00a0<\/em><a href=\"https:\/\/www.whatsapp.com\/channel\/0029Va6Rb4v3WHTNnsh8WI3N\"><strong><em>WhatsApp<\/em><\/strong><\/a><em>\u00a0e\u00a0<\/em><a href=\"https:\/\/www.youtube.com\/@acordacidadenoticias\/videos\"><strong>YouTube<\/strong><\/a><em>\u00a0e do grupo no\u00a0<\/em><a href=\"https:\/\/t.me\/+sSz0khrgARA0ZmRh\"><strong><em>Telegram<\/em><\/strong><\/a><\/p>\n<\/div>\n<\/div>\n<\/div>\n","protected":false},"excerpt":{"rendered":"<div>\n<div>\n<figure><img decoding=\"async\" src=\"https:\/\/uploads.acordacidade.com.br\/2025\/05\/achei-sudoeste-resgate-de-bovinos-na-br349-em-bom-jesus-da-lapa.png\" alt=\"Bombeiros\"><figcaption>Foto: Reprodu\u00e7\u00e3o \/ Achei Sudoeste <\/figcaption><\/figure>\n<\/div>\n<p>Diante da complexidade em realizar o resgate dos animais, os bombeiros criaram uma esp\u00e9cie de pontos de acesso na carroceria do caminh\u00e3o.<\/p><\/div>\n","protected":false},"author":1,"featured_media":85590,"comment_status":"closed","ping_status":"closed","sticky":false,"template":"","format":"gallery","meta":{"footnotes":""},"categories":[8,9,6,57,56,10],"tags":[],"class_list":["post-85589","post","type-post","status-publish","format-gallery","has-post-thumbnail","hentry","category-bahia","category-brasil","category-feira-de-santana","category-mundo","category-policia","category-politica","post_format-post-format-gallery"],"featured_image_urls":{"full":["https:\/\/noticiasbahia360.com.br\/wp-content\/uploads\/2025\/05\/achei-sudoeste-resgate-de-bovinos-na-br349-em-bom-jesus-da-lapa.png",1200,800,false],"thumbnail":["https:\/\/noticiasbahia360.com.br\/wp-content\/uploads\/2025\/05\/achei-sudoeste-resgate-de-bovinos-na-br349-em-bom-jesus-da-lapa-150x150.png",150,150,true],"medium":["https:\/\/noticiasbahia360.com.br\/wp-content\/uploads\/2025\/05\/achei-sudoeste-resgate-de-bovinos-na-br349-em-bom-jesus-da-lapa-300x200.png",300,200,true],"medium_large":["https:\/\/noticiasbahia360.com.br\/wp-content\/uploads\/2025\/05\/achei-sudoeste-resgate-de-bovinos-na-br349-em-bom-jesus-da-lapa-768x512.png",640,427,true],"large":["https:\/\/noticiasbahia360.com.br\/wp-content\/uploads\/2025\/05\/achei-sudoeste-resgate-de-bovinos-na-br349-em-bom-jesus-da-lapa-1024x683.png",640,427,true],"1536x1536":["https:\/\/noticiasbahia360.com.br\/wp-content\/uploads\/2025\/05\/achei-sudoeste-resgate-de-bovinos-na-br349-em-bom-jesus-da-lapa.png",1200,800,false],"2048x2048":["https:\/\/noticiasbahia360.com.br\/wp-content\/uploads\/2025\/05\/achei-sudoeste-resgate-de-bovinos-na-br349-em-bom-jesus-da-lapa.png",1200,800,false],"chromenews-featured":["https:\/\/noticiasbahia360.com.br\/wp-content\/uploads\/2025\/05\/achei-sudoeste-resgate-de-bovinos-na-br349-em-bom-jesus-da-lapa-1024x683.png",1024,683,true],"chromenews-large":["https:\/\/noticiasbahia360.com.br\/wp-content\/uploads\/2025\/05\/achei-sudoeste-resgate-de-bovinos-na-br349-em-bom-jesus-da-lapa-825x575.png",825,575,true],"chromenews-medium":["https:\/\/noticiasbahia360.com.br\/wp-content\/uploads\/2025\/05\/achei-sudoeste-resgate-de-bovinos-na-br349-em-bom-jesus-da-lapa-590x410.png",590,410,true]},"author_info":{"display_name":"noticiasbahia360.com.br","author_link":"https:\/\/noticiasbahia360.com.br\/?author=1"},"category_info":"<a href=\"https:\/\/noticiasbahia360.com.br\/?cat=8\" rel=\"category\">Bahia<\/a> <a href=\"https:\/\/noticiasbahia360.com.br\/?cat=9\" rel=\"category\">Brasil<\/a> <a href=\"https:\/\/noticiasbahia360.com.br\/?cat=6\" rel=\"category\">Feira de Santana<\/a> <a href=\"https:\/\/noticiasbahia360.com.br\/?cat=57\" rel=\"category\">Mundo<\/a> <a href=\"https:\/\/noticiasbahia360.com.br\/?cat=56\" rel=\"category\">Pol\u00edcia<\/a> <a href=\"https:\/\/noticiasbahia360.com.br\/?cat=10\" rel=\"category\">Pol\u00edtica<\/a>","tag_info":"Pol\u00edtica","comment_count":"0","_links":{"self":[{"href":"https:\/\/noticiasbahia360.com.br\/index.php?rest_route=\/wp\/v2\/posts\/85589","targetHints":{"allow":["GET"]}}],"collection":[{"href":"https:\/\/noticiasbahia360.com.br\/index.php?rest_route=\/wp\/v2\/posts"}],"about":[{"href":"https:\/\/noticiasbahia360.com.br\/index.php?rest_route=\/wp\/v2\/types\/post"}],"author":[{"embeddable":true,"href":"https:\/\/noticiasbahia360.com.br\/index.php?rest_route=\/wp\/v2\/users\/1"}],"replies":[{"embeddable":true,"href":"https:\/\/noticiasbahia360.com.br\/index.php?rest_route=%2Fwp%2Fv2%2Fcomments&post=85589"}],"version-history":[{"count":0,"href":"https:\/\/noticiasbahia360.com.br\/index.php?rest_route=\/wp\/v2\/posts\/85589\/revisions"}],"wp:featuredmedia":[{"embeddable":true,"href":"https:\/\/noticiasbahia360.com.br\/index.php?rest_route=\/wp\/v2\/media\/85590"}],"wp:attachment":[{"href":"https:\/\/noticiasbahia360.com.br\/index.php?rest_route=%2Fwp%2Fv2%2Fmedia&parent=85589"}],"wp:term":[{"taxonomy":"category","embeddable":true,"href":"https:\/\/noticiasbahia360.com.br\/index.php?rest_route=%2Fwp%2Fv2%2Fcategories&post=85589"},{"taxonomy":"post_tag","embeddable":true,"href":"https:\/\/noticiasbahia360.com.br\/index.php?rest_route=%2Fwp%2Fv2%2Ftags&post=85589"}],"curies":[{"name":"wp","href":"https:\/\/api.w.org\/{rel}","templated":true}]}} 