{"id":85591,"date":"2025-05-09T20:44:44","date_gmt":"2025-05-09T23:44:44","guid":{"rendered":"https:\/\/noticiasbahia360.com.br\/?p=85591"},"modified":"2025-05-09T20:44:44","modified_gmt":"2025-05-09T23:44:44","slug":"cinema-lotado-e-emocao-marcam-a-estreia-de-o-tabareu-urbano-em-feira-de-santana","status":"publish","type":"post","link":"https:\/\/noticiasbahia360.com.br\/?p=85591","title":{"rendered":"Cinema lotado e emo\u00e7\u00e3o marcam a estreia de \u201cO Tabar\u00e9u Urbano\u201d em Feira de Santana"},"content":{"rendered":"<div>\n<div>\n<figure><img decoding=\"async\" src=\"http:\/\/noticiasbahia360.com.br\/wp-content\/uploads\/2025\/05\/estreia-do-filme-taberal-urbano-foto-divulgada-00.jpg\" alt=\"\"><figcaption>Foto:  Divulga\u00e7\u00e3o <\/figcaption><\/figure>\n<\/div>\n<p>Feira de Santana viveu uma noite hist\u00f3rica com a estreia do document\u00e1rio O Tabar\u00e9u Urbano, no Orient Cineplace, no Boulevard Shopping. A sess\u00e3o, realizada na quinta-feira (8), teve os ingressos esgotados e atraiu um grande p\u00fablico para prestigiar uma obra com forte identidade local.<\/p>\n<p>Dirigido por \u00cdcaro de Oliveira e roteirizado por Asa Filho, o filme retrata a figura do sertanejo no contexto urbano, com uma linguagem po\u00e9tica e envolvente que valoriza a cultura e a mem\u00f3ria do povo feirense. Para o diretor, a proposta foi unir a for\u00e7a dos elementos locais a uma produ\u00e7\u00e3o tecnicamente refinada, criando um filme com autenticidade regional e qualidade cinematogr\u00e1fica.<\/p>\n<figure class=\"wp-block-image size-large\"><img fetchpriority=\"high\" data-dominant-color=\"948372\" data-has-transparency=\"false\" style=\"--dominant-color: #948372;\" fetchpriority=\"high\" decoding=\"async\" width=\"1024\" height=\"836\" sizes=\"(max-width: 1024px) 100vw, 1024px\" src=\"http:\/\/noticiasbahia360.com.br\/wp-content\/uploads\/2025\/05\/bKgJlAjb-estreia-do-filme-taberal-urbano-foto-divulgada-1024x836-1.webp\" alt=\"\" class=\"wp-image-551725 not-transparent\" srcset=\"https:\/\/uploads.acordacidade.com.br\/2025\/05\/bKgJlAjb-estreia-do-filme-taberal-urbano-foto-divulgada-300x245.webp 300w, http:\/\/noticiasbahia360.com.br\/wp-content\/uploads\/2025\/05\/bKgJlAjb-estreia-do-filme-taberal-urbano-foto-divulgada-1024x836-1.webp 1024w, https:\/\/uploads.acordacidade.com.br\/2025\/05\/bKgJlAjb-estreia-do-filme-taberal-urbano-foto-divulgada-768x627.webp 768w, https:\/\/uploads.acordacidade.com.br\/2025\/05\/bKgJlAjb-estreia-do-filme-taberal-urbano-foto-divulgada-150x123.webp 150w, https:\/\/uploads.acordacidade.com.br\/2025\/05\/bKgJlAjb-estreia-do-filme-taberal-urbano-foto-divulgada.webp 1200w\"><figcaption class=\"wp-element-caption\">Foto:  Divulga\u00e7\u00e3o <\/figcaption><\/figure>\n<p>\u201cLevar um filme local \u00e0 tela do cinema com essa qualidade e ver a resposta do p\u00fablico prova que h\u00e1 espa\u00e7o, sim, para o que \u00e9 feito aqui. O segredo \u00e9 fazer bem feito, somando talentos da nossa terra com quem pode agregar\u201d, afirmou \u00cdcaro.<\/p>\n<p>Para Agnelo Ultrainform\u00e1tica, que esteve presente na estreia, assistir ao filme despertou mem\u00f3rias afetivas: \u201cFui invadido por lembran\u00e7as de toda a minha vida. Os sons, a fotografia, os personagens\u2026 tudo est\u00e1 l\u00e1 de quem \u00e9 um tabar\u00e9u. Descobrir a correspond\u00eancia po\u00e9tica entre Eurico Alves Boaventura e Manoel Bandeira foi maravilhoso, e ouvir Franklin Maxado descrevendo o que \u00e9 ser um tabar\u00e9u foi outro ponto alto do filme.\u201d<\/p>\n<p>O roteirista Asa Filho tamb\u00e9m celebrou a recep\u00e7\u00e3o calorosa do p\u00fablico. \u201cFoi emocionante ver o cinema lotado, o povo rindo, se emocionando, reconhecendo os causos e personagens. O filme \u00e9 um retrato do nosso povo, da nossa mem\u00f3ria. Feira de Santana na tela, com tudo o que somos: poesia, humor e resist\u00eancia.\u201d<\/p>\n<p>Al\u00e9m de Asa Filho, participam do document\u00e1rio os atores Pedro Pond\u00e9, Psiti Mota, Wilson Arag\u00e3o, Jos\u00e9 Guedes, Valter de Souza, Roberto Kuelho e figuras populares como Dona Chica do Pandeiro e Guda da Matinha, com narra\u00e7\u00e3o de Franklin Maxado.<\/p>\n<p>A realiza\u00e7\u00e3o \u00e9 da Atelier Filmes e da Produtora Cidade da Cultura, com apoio cultural do Laborat\u00f3rio An\u00e1lise, Maternidade Santa Em\u00edlia, Bambinos, Top\u00e1zio Ve\u00edculos, e patroc\u00ednio da Prefeitura de Feira de Santana, por meio do Programa Pr\u00f3-Cultura Esporte. Com o sucesso da estreia, a expectativa \u00e9 por novas sess\u00f5es.<\/p>\n<p><em>Siga o Acorda Cidade no<\/em><a href=\"https:\/\/news.google.com\/search?q=acorda%20cidade&amp;hl=pt-BR&amp;gl=BR&amp;ceid=BR%3Apt-419\"><strong><em>\u00a0Google Not\u00edcias<\/em><\/strong><\/a><em>\u00a0e receba os principais destaques do dia. Participe tamb\u00e9m dos nossos canais no\u00a0<\/em><a href=\"https:\/\/www.whatsapp.com\/channel\/0029Va6Rb4v3WHTNnsh8WI3N\"><strong><em>WhatsApp<\/em><\/strong><\/a><em>\u00a0e\u00a0<\/em><a href=\"https:\/\/www.youtube.com\/@acordacidadenoticias\/videos\"><strong>YouTube<\/strong><\/a><em>\u00a0e do grupo no\u00a0<\/em><a href=\"https:\/\/t.me\/+sSz0khrgARA0ZmRh\"><strong><em>Telegram<\/em><\/strong><\/a><\/p>\n<\/div>\n","protected":false},"excerpt":{"rendered":"<div>\n<div>\n<figure><img decoding=\"async\" src=\"https:\/\/uploads.acordacidade.com.br\/2025\/05\/estreia-do-filme-taberal-urbano-foto-divulgada-00.jpg\" alt=\"\"><figcaption>Foto:  Divulga\u00e7\u00e3o <\/figcaption><\/figure>\n<\/div>\n<p>A sess\u00e3o, realizada na quinta (8), teve os ingressos esgotados e atraiu um grande p\u00fablico para prestigiar a obra com forte identidade local.<\/p><\/div>\n","protected":false},"author":1,"featured_media":85592,"comment_status":"closed","ping_status":"closed","sticky":false,"template":"","format":"gallery","meta":{"footnotes":""},"categories":[8,9,6,57,56,10],"tags":[],"class_list":["post-85591","post","type-post","status-publish","format-gallery","has-post-thumbnail","hentry","category-bahia","category-brasil","category-feira-de-santana","category-mundo","category-policia","category-politica","post_format-post-format-gallery"],"featured_image_urls":{"full":["https:\/\/noticiasbahia360.com.br\/wp-content\/uploads\/2025\/05\/estreia-do-filme-taberal-urbano-foto-divulgada-00.jpg",1200,759,false],"thumbnail":["https:\/\/noticiasbahia360.com.br\/wp-content\/uploads\/2025\/05\/estreia-do-filme-taberal-urbano-foto-divulgada-00-150x150.jpg",150,150,true],"medium":["https:\/\/noticiasbahia360.com.br\/wp-content\/uploads\/2025\/05\/estreia-do-filme-taberal-urbano-foto-divulgada-00-300x190.jpg",300,190,true],"medium_large":["https:\/\/noticiasbahia360.com.br\/wp-content\/uploads\/2025\/05\/estreia-do-filme-taberal-urbano-foto-divulgada-00-768x486.jpg",640,405,true],"large":["https:\/\/noticiasbahia360.com.br\/wp-content\/uploads\/2025\/05\/estreia-do-filme-taberal-urbano-foto-divulgada-00-1024x648.jpg",640,405,true],"1536x1536":["https:\/\/noticiasbahia360.com.br\/wp-content\/uploads\/2025\/05\/estreia-do-filme-taberal-urbano-foto-divulgada-00.jpg",1200,759,false],"2048x2048":["https:\/\/noticiasbahia360.com.br\/wp-content\/uploads\/2025\/05\/estreia-do-filme-taberal-urbano-foto-divulgada-00.jpg",1200,759,false],"chromenews-featured":["https:\/\/noticiasbahia360.com.br\/wp-content\/uploads\/2025\/05\/estreia-do-filme-taberal-urbano-foto-divulgada-00-1024x648.jpg",1024,648,true],"chromenews-large":["https:\/\/noticiasbahia360.com.br\/wp-content\/uploads\/2025\/05\/estreia-do-filme-taberal-urbano-foto-divulgada-00-825x575.jpg",825,575,true],"chromenews-medium":["https:\/\/noticiasbahia360.com.br\/wp-content\/uploads\/2025\/05\/estreia-do-filme-taberal-urbano-foto-divulgada-00-590x410.jpg",590,410,true]},"author_info":{"display_name":"noticiasbahia360.com.br","author_link":"https:\/\/noticiasbahia360.com.br\/?author=1"},"category_info":"<a href=\"https:\/\/noticiasbahia360.com.br\/?cat=8\" rel=\"category\">Bahia<\/a> <a href=\"https:\/\/noticiasbahia360.com.br\/?cat=9\" rel=\"category\">Brasil<\/a> <a href=\"https:\/\/noticiasbahia360.com.br\/?cat=6\" rel=\"category\">Feira de Santana<\/a> <a href=\"https:\/\/noticiasbahia360.com.br\/?cat=57\" rel=\"category\">Mundo<\/a> <a href=\"https:\/\/noticiasbahia360.com.br\/?cat=56\" rel=\"category\">Pol\u00edcia<\/a> <a href=\"https:\/\/noticiasbahia360.com.br\/?cat=10\" rel=\"category\">Pol\u00edtica<\/a>","tag_info":"Pol\u00edtica","comment_count":"0","_links":{"self":[{"href":"https:\/\/noticiasbahia360.com.br\/index.php?rest_route=\/wp\/v2\/posts\/85591","targetHints":{"allow":["GET"]}}],"collection":[{"href":"https:\/\/noticiasbahia360.com.br\/index.php?rest_route=\/wp\/v2\/posts"}],"about":[{"href":"https:\/\/noticiasbahia360.com.br\/index.php?rest_route=\/wp\/v2\/types\/post"}],"author":[{"embeddable":true,"href":"https:\/\/noticiasbahia360.com.br\/index.php?rest_route=\/wp\/v2\/users\/1"}],"replies":[{"embeddable":true,"href":"https:\/\/noticiasbahia360.com.br\/index.php?rest_route=%2Fwp%2Fv2%2Fcomments&post=85591"}],"version-history":[{"count":0,"href":"https:\/\/noticiasbahia360.com.br\/index.php?rest_route=\/wp\/v2\/posts\/85591\/revisions"}],"wp:featuredmedia":[{"embeddable":true,"href":"https:\/\/noticiasbahia360.com.br\/index.php?rest_route=\/wp\/v2\/media\/85592"}],"wp:attachment":[{"href":"https:\/\/noticiasbahia360.com.br\/index.php?rest_route=%2Fwp%2Fv2%2Fmedia&parent=85591"}],"wp:term":[{"taxonomy":"category","embeddable":true,"href":"https:\/\/noticiasbahia360.com.br\/index.php?rest_route=%2Fwp%2Fv2%2Fcategories&post=85591"},{"taxonomy":"post_tag","embeddable":true,"href":"https:\/\/noticiasbahia360.com.br\/index.php?rest_route=%2Fwp%2Fv2%2Ftags&post=85591"}],"curies":[{"name":"wp","href":"https:\/\/api.w.org\/{rel}","templated":true}]}}