{"id":85594,"date":"2025-05-09T20:49:42","date_gmt":"2025-05-09T23:49:42","guid":{"rendered":"https:\/\/noticiasbahia360.com.br\/?p=85594"},"modified":"2025-05-09T20:49:42","modified_gmt":"2025-05-09T23:49:42","slug":"governo-da-bahia-intensifica-acoes-para-fortalecer-a-educacao-no-territorio-da-bacia-do-jacuipe","status":"publish","type":"post","link":"https:\/\/noticiasbahia360.com.br\/?p=85594","title":{"rendered":"Governo da Bahia intensifica a\u00e7\u00f5es para fortalecer a educa\u00e7\u00e3o no Territ\u00f3rio da Bacia do Jacu\u00edpe"},"content":{"rendered":"<div>\n<div>\n<figure><img decoding=\"async\" src=\"http:\/\/noticiasbahia360.com.br\/wp-content\/uploads\/2025\/05\/educacao-nova-escola-bacia-do-jacuipe-foto-Fotos-Elisabeth-Guerra-4.jpeg\" alt=\"\"><figcaption>Foto: Elisabeth Guerra<\/figcaption><\/figure>\n<\/div>\n<p>Com foco na melhoria da infraestrutura e amplia\u00e7\u00e3o do ensino em tempo integral, a Secretaria da Educa\u00e7\u00e3o do Estado da Bahia (SEC) realizou, nesta semana, uma extensa agenda de visitas t\u00e9cnicas em quatro munic\u00edpios da Bacia do Jacu\u00edpe. A programa\u00e7\u00e3o contempla os munic\u00edpios de Baixa Grande, Ipir\u00e1, Capim Grosso e Riach\u00e3o do Jacu\u00edpe, que integram o N\u00facleo Territorial de Educa\u00e7\u00e3o (NTE 15), formado por 15 munic\u00edpios e respons\u00e1vel por 24 unidades escolares que atendem a mais de 12 mil estudantes da rede estadual.<\/p>\n<p>\u201cA educa\u00e7\u00e3o da Bahia vive um momento hist\u00f3rico. Estamos construindo escolas modernas, fortalecendo a Educa\u00e7\u00e3o Profissional em todos os territ\u00f3rios e investindo na forma\u00e7\u00e3o dos professores, com foco na aprendizagem e no protagonismo estudantil. Nosso compromisso \u00e9 transformar vidas, ampliar oportunidades e garantir que cada estudante encontre na escola um espa\u00e7o de realiza\u00e7\u00e3o de sonhos. Tudo isso s\u00f3 \u00e9 poss\u00edvel com uma rede unida e dedicada, como a que temos aqui no NTE 15\u201d, ressalta a secret\u00e1ria da Educa\u00e7\u00e3o do Estado, Rowenna Brito, que lidera a comitiva nos encontros com as comunidades escolares.<\/p>\n<p>Em Baixa Grande, a equipe da Sec acompanhou a etapa final da obra da nova sede do Col\u00e9gio Estadual de Tempo Integral Jos\u00e9 Ribeiro Pamponet, que vai beneficiar 1.026 estudantes. A diretora do NTE 15, N\u00edvea Ara\u00fajo, celebrou os avan\u00e7os: \u201cO territ\u00f3rio vem passando por uma transforma\u00e7\u00e3o significativa, desde 2020. O modelo de tempo integral saiu de duas para dez unidades, e a meta \u00e9 que todas estejam adaptadas at\u00e9 2026. Mais do que estruturas modernas, oferecemos ci\u00eancia, arte e tecnologia, o que reduz a evas\u00e3o escolar e fortalece o protagonismo juvenil\u201d, afirmou.<\/p>\n<figure class=\"wp-block-image size-large\"><img fetchpriority=\"high\" data-dominant-color=\"5d5951\" data-has-transparency=\"false\" style=\"--dominant-color: #5d5951;\" fetchpriority=\"high\" decoding=\"async\" width=\"1024\" height=\"683\" sizes=\"(max-width: 1024px) 100vw, 1024px\" src=\"http:\/\/noticiasbahia360.com.br\/wp-content\/uploads\/2025\/05\/VFaDqcbb-educacao-nova-escola-bacia-do-jacuipe-foto-Fotos-Elisabeth-Guerra-3-1024x683-1.webp\" alt=\"\" class=\"wp-image-551729 not-transparent\" srcset=\"https:\/\/uploads.acordacidade.com.br\/2025\/05\/VFaDqcbb-educacao-nova-escola-bacia-do-jacuipe-foto-Fotos-Elisabeth-Guerra-3-300x200.webp 300w, http:\/\/noticiasbahia360.com.br\/wp-content\/uploads\/2025\/05\/VFaDqcbb-educacao-nova-escola-bacia-do-jacuipe-foto-Fotos-Elisabeth-Guerra-3-1024x683-1.webp 1024w, https:\/\/uploads.acordacidade.com.br\/2025\/05\/VFaDqcbb-educacao-nova-escola-bacia-do-jacuipe-foto-Fotos-Elisabeth-Guerra-3-768x512.webp 768w, https:\/\/uploads.acordacidade.com.br\/2025\/05\/VFaDqcbb-educacao-nova-escola-bacia-do-jacuipe-foto-Fotos-Elisabeth-Guerra-3-1536x1024.webp 1536w, https:\/\/uploads.acordacidade.com.br\/2025\/05\/VFaDqcbb-educacao-nova-escola-bacia-do-jacuipe-foto-Fotos-Elisabeth-Guerra-3-2048x1366.webp 2048w, https:\/\/uploads.acordacidade.com.br\/2025\/05\/VFaDqcbb-educacao-nova-escola-bacia-do-jacuipe-foto-Fotos-Elisabeth-Guerra-3-150x100.webp 150w\"><figcaption class=\"wp-element-caption\">Fotos: Elisabeth Guerra<\/figcaption><\/figure>\n<p>Para Ana Clara Concei\u00e7\u00e3o da Cruz, 15 anos, aluna do 1\u00ba ano do Col\u00e9gio Jos\u00e9 Ribeiro, a nova escola representa a realiza\u00e7\u00e3o de um sonho. \u201c\u00c9 como se fosse um futuro melhor para a gente\u201d, diz a estudante, empolgada com os laborat\u00f3rios, o restaurante, o teatro e o acolhimento \u00e0s ideias dos alunos. Ela acredita que a estrutura vai permitir mais conforto, novas experi\u00eancias e mais oportunidades para os colegas.<\/p>\n<p>A agenda tamb\u00e9m passou por Ipir\u00e1, onde foram visitadas as unidades do Col\u00e9gio Estadual de Tempo Integral Professor Arism\u00e1rio Sena Ferreira e do Centro Territorial de Educa\u00e7\u00e3o Profissional (CETEP) Professor Luiz Carlos Ara\u00fajo. Para a coordenadora pedag\u00f3gica Adriana Carib\u00e9, a transforma\u00e7\u00e3o \u00e9 vis\u00edvel. \u201cNunca tivemos espa\u00e7os como esses, com teatro, quadra, laborat\u00f3rios. Tudo isso amplia as possibilidades de aprendizagem. Os mais de 1.300 estudantes est\u00e3o encantados e fazem uso dos espa\u00e7os com entusiasmo e gratid\u00e3o\u201d, afirma a educadora do CETEP.<\/p>\n<figure class=\"wp-block-image size-large\"><img data-dominant-color=\"787877\" data-has-transparency=\"false\" style=\"--dominant-color: #787877;\" decoding=\"async\" width=\"1024\" height=\"683\" sizes=\"(max-width: 1024px) 100vw, 1024px\" src=\"http:\/\/noticiasbahia360.com.br\/wp-content\/uploads\/2025\/05\/dHIt85GQ-educacao-nova-escola-bacia-do-jacuipe-foto-Fotos-Elisabeth-Guerra-2-1024x683-1.webp\" alt=\"\" class=\"wp-image-551730 not-transparent\" srcset=\"https:\/\/uploads.acordacidade.com.br\/2025\/05\/dHIt85GQ-educacao-nova-escola-bacia-do-jacuipe-foto-Fotos-Elisabeth-Guerra-2-300x200.webp 300w, http:\/\/noticiasbahia360.com.br\/wp-content\/uploads\/2025\/05\/dHIt85GQ-educacao-nova-escola-bacia-do-jacuipe-foto-Fotos-Elisabeth-Guerra-2-1024x683-1.webp 1024w, https:\/\/uploads.acordacidade.com.br\/2025\/05\/dHIt85GQ-educacao-nova-escola-bacia-do-jacuipe-foto-Fotos-Elisabeth-Guerra-2-768x512.webp 768w, https:\/\/uploads.acordacidade.com.br\/2025\/05\/dHIt85GQ-educacao-nova-escola-bacia-do-jacuipe-foto-Fotos-Elisabeth-Guerra-2-1536x1024.webp 1536w, https:\/\/uploads.acordacidade.com.br\/2025\/05\/dHIt85GQ-educacao-nova-escola-bacia-do-jacuipe-foto-Fotos-Elisabeth-Guerra-2-2048x1366.webp 2048w, https:\/\/uploads.acordacidade.com.br\/2025\/05\/dHIt85GQ-educacao-nova-escola-bacia-do-jacuipe-foto-Fotos-Elisabeth-Guerra-2-150x100.webp 150w\"><figcaption class=\"wp-element-caption\">Foto: Elisabeth Guerra<\/figcaption><\/figure>\n<p>Em Riach\u00e3o do Jacu\u00edpe, a equipe t\u00e9cnica da SEC, al\u00e9m de uma visita t\u00e9cnica \u00e0s depend\u00eancias do Centro Territorial de Educa\u00e7\u00e3o Tecnol\u00f3gica (CETEP) Bacia do Jacu\u00edpe II, vistoriou \u00e1reas para a constru\u00e7\u00e3o de uma nova unidade escolar, que vai ampliar ainda mais a oferta de vagas e garantir melhores condi\u00e7\u00f5es para o aprendizado. J\u00e1 em Capim Grosso, a comitiva marcou presen\u00e7a na Feira Liter\u00e1ria, na quinta-feira (9), reafirmando o compromisso do Estado com a promo\u00e7\u00e3o da leitura e da cultura como ferramentas para a transforma\u00e7\u00e3o social.<\/p>\n<figure class=\"wp-block-image size-large\"><img data-dominant-color=\"8c8379\" data-has-transparency=\"false\" style=\"--dominant-color: #8c8379;\" decoding=\"async\" width=\"1024\" height=\"683\" sizes=\"(max-width: 1024px) 100vw, 1024px\" src=\"http:\/\/noticiasbahia360.com.br\/wp-content\/uploads\/2025\/05\/fTG0XDHu-educacao-nova-escola-bacia-do-jacuipe-foto-Fotos-Elisabeth-Guerra-1-1024x683-1.webp\" alt=\"\" class=\"wp-image-551731 not-transparent\" srcset=\"https:\/\/uploads.acordacidade.com.br\/2025\/05\/fTG0XDHu-educacao-nova-escola-bacia-do-jacuipe-foto-Fotos-Elisabeth-Guerra-1-300x200.webp 300w, http:\/\/noticiasbahia360.com.br\/wp-content\/uploads\/2025\/05\/fTG0XDHu-educacao-nova-escola-bacia-do-jacuipe-foto-Fotos-Elisabeth-Guerra-1-1024x683-1.webp 1024w, https:\/\/uploads.acordacidade.com.br\/2025\/05\/fTG0XDHu-educacao-nova-escola-bacia-do-jacuipe-foto-Fotos-Elisabeth-Guerra-1-768x512.webp 768w, https:\/\/uploads.acordacidade.com.br\/2025\/05\/fTG0XDHu-educacao-nova-escola-bacia-do-jacuipe-foto-Fotos-Elisabeth-Guerra-1-1536x1024.webp 1536w, https:\/\/uploads.acordacidade.com.br\/2025\/05\/fTG0XDHu-educacao-nova-escola-bacia-do-jacuipe-foto-Fotos-Elisabeth-Guerra-1-2048x1366.webp 2048w, https:\/\/uploads.acordacidade.com.br\/2025\/05\/fTG0XDHu-educacao-nova-escola-bacia-do-jacuipe-foto-Fotos-Elisabeth-Guerra-1-150x100.webp 150w\"><figcaption class=\"wp-element-caption\">Foto: Elisabeth Guerra<\/figcaption><\/figure>\n<p><em>Siga o Acorda Cidade no<\/em><a href=\"https:\/\/news.google.com\/search?q=acorda%20cidade&amp;hl=pt-BR&amp;gl=BR&amp;ceid=BR%3Apt-419\"><strong><em>\u00a0Google Not\u00edcias<\/em><\/strong><\/a><em>\u00a0e receba os principais destaques do dia. Participe tamb\u00e9m dos nossos canais no\u00a0<\/em><a href=\"https:\/\/www.whatsapp.com\/channel\/0029Va6Rb4v3WHTNnsh8WI3N\"><strong><em>WhatsApp<\/em><\/strong><\/a><em>\u00a0e\u00a0<\/em><a href=\"https:\/\/www.youtube.com\/@acordacidadenoticias\/videos\"><strong>YouTube<\/strong><\/a><em>\u00a0e do grupo no\u00a0<\/em><a href=\"https:\/\/t.me\/+sSz0khrgARA0ZmRh\"><strong><em>Telegram<\/em><\/strong><\/a><\/p>\n<\/div>\n","protected":false},"excerpt":{"rendered":"<div>\n<div>\n<figure><img decoding=\"async\" src=\"https:\/\/uploads.acordacidade.com.br\/2025\/05\/educacao-nova-escola-bacia-do-jacuipe-foto-Fotos-Elisabeth-Guerra-4.jpeg\" alt=\"\"><figcaption>Foto: Elisabeth Guerra<\/figcaption><\/figure>\n<\/div>\n<p>Para Ana Clara Concei\u00e7\u00e3o da Cruz, 15 anos, aluna do 1\u00ba ano do Col\u00e9gio Jos\u00e9 Ribeiro, a nova escola representa a realiza\u00e7\u00e3o de um sonho.<\/p><\/div>\n","protected":false},"author":1,"featured_media":85595,"comment_status":"closed","ping_status":"closed","sticky":false,"template":"","format":"gallery","meta":{"footnotes":""},"categories":[8,9,6,57,56,10],"tags":[],"class_list":["post-85594","post","type-post","status-publish","format-gallery","has-post-thumbnail","hentry","category-bahia","category-brasil","category-feira-de-santana","category-mundo","category-policia","category-politica","post_format-post-format-gallery"],"featured_image_urls":{"full":["https:\/\/noticiasbahia360.com.br\/wp-content\/uploads\/2025\/05\/educacao-nova-escola-bacia-do-jacuipe-foto-Fotos-Elisabeth-Guerra-4.jpeg",1600,1160,false],"thumbnail":["https:\/\/noticiasbahia360.com.br\/wp-content\/uploads\/2025\/05\/educacao-nova-escola-bacia-do-jacuipe-foto-Fotos-Elisabeth-Guerra-4-150x150.jpeg",150,150,true],"medium":["https:\/\/noticiasbahia360.com.br\/wp-content\/uploads\/2025\/05\/educacao-nova-escola-bacia-do-jacuipe-foto-Fotos-Elisabeth-Guerra-4-300x218.jpeg",300,218,true],"medium_large":["https:\/\/noticiasbahia360.com.br\/wp-content\/uploads\/2025\/05\/educacao-nova-escola-bacia-do-jacuipe-foto-Fotos-Elisabeth-Guerra-4-768x557.jpeg",640,464,true],"large":["https:\/\/noticiasbahia360.com.br\/wp-content\/uploads\/2025\/05\/educacao-nova-escola-bacia-do-jacuipe-foto-Fotos-Elisabeth-Guerra-4-1024x742.jpeg",640,464,true],"1536x1536":["https:\/\/noticiasbahia360.com.br\/wp-content\/uploads\/2025\/05\/educacao-nova-escola-bacia-do-jacuipe-foto-Fotos-Elisabeth-Guerra-4-1536x1114.jpeg",1536,1114,true],"2048x2048":["https:\/\/noticiasbahia360.com.br\/wp-content\/uploads\/2025\/05\/educacao-nova-escola-bacia-do-jacuipe-foto-Fotos-Elisabeth-Guerra-4.jpeg",1600,1160,false],"chromenews-featured":["https:\/\/noticiasbahia360.com.br\/wp-content\/uploads\/2025\/05\/educacao-nova-escola-bacia-do-jacuipe-foto-Fotos-Elisabeth-Guerra-4-1024x742.jpeg",1024,742,true],"chromenews-large":["https:\/\/noticiasbahia360.com.br\/wp-content\/uploads\/2025\/05\/educacao-nova-escola-bacia-do-jacuipe-foto-Fotos-Elisabeth-Guerra-4-825x575.jpeg",825,575,true],"chromenews-medium":["https:\/\/noticiasbahia360.com.br\/wp-content\/uploads\/2025\/05\/educacao-nova-escola-bacia-do-jacuipe-foto-Fotos-Elisabeth-Guerra-4-590x410.jpeg",590,410,true]},"author_info":{"display_name":"noticiasbahia360.com.br","author_link":"https:\/\/noticiasbahia360.com.br\/?author=1"},"category_info":"<a href=\"https:\/\/noticiasbahia360.com.br\/?cat=8\" rel=\"category\">Bahia<\/a> <a href=\"https:\/\/noticiasbahia360.com.br\/?cat=9\" rel=\"category\">Brasil<\/a> <a href=\"https:\/\/noticiasbahia360.com.br\/?cat=6\" rel=\"category\">Feira de Santana<\/a> <a href=\"https:\/\/noticiasbahia360.com.br\/?cat=57\" rel=\"category\">Mundo<\/a> <a href=\"https:\/\/noticiasbahia360.com.br\/?cat=56\" rel=\"category\">Pol\u00edcia<\/a> <a href=\"https:\/\/noticiasbahia360.com.br\/?cat=10\" rel=\"category\">Pol\u00edtica<\/a>","tag_info":"Pol\u00edtica","comment_count":"0","_links":{"self":[{"href":"https:\/\/noticiasbahia360.com.br\/index.php?rest_route=\/wp\/v2\/posts\/85594","targetHints":{"allow":["GET"]}}],"collection":[{"href":"https:\/\/noticiasbahia360.com.br\/index.php?rest_route=\/wp\/v2\/posts"}],"about":[{"href":"https:\/\/noticiasbahia360.com.br\/index.php?rest_route=\/wp\/v2\/types\/post"}],"author":[{"embeddable":true,"href":"https:\/\/noticiasbahia360.com.br\/index.php?rest_route=\/wp\/v2\/users\/1"}],"replies":[{"embeddable":true,"href":"https:\/\/noticiasbahia360.com.br\/index.php?rest_route=%2Fwp%2Fv2%2Fcomments&post=85594"}],"version-history":[{"count":0,"href":"https:\/\/noticiasbahia360.com.br\/index.php?rest_route=\/wp\/v2\/posts\/85594\/revisions"}],"wp:featuredmedia":[{"embeddable":true,"href":"https:\/\/noticiasbahia360.com.br\/index.php?rest_route=\/wp\/v2\/media\/85595"}],"wp:attachment":[{"href":"https:\/\/noticiasbahia360.com.br\/index.php?rest_route=%2Fwp%2Fv2%2Fmedia&parent=85594"}],"wp:term":[{"taxonomy":"category","embeddable":true,"href":"https:\/\/noticiasbahia360.com.br\/index.php?rest_route=%2Fwp%2Fv2%2Fcategories&post=85594"},{"taxonomy":"post_tag","embeddable":true,"href":"https:\/\/noticiasbahia360.com.br\/index.php?rest_route=%2Fwp%2Fv2%2Ftags&post=85594"}],"curies":[{"name":"wp","href":"https:\/\/api.w.org\/{rel}","templated":true}]}}