{"id":85599,"date":"2025-05-09T22:45:33","date_gmt":"2025-05-10T01:45:33","guid":{"rendered":"https:\/\/noticiasbahia360.com.br\/?p=85599"},"modified":"2025-05-09T22:45:33","modified_gmt":"2025-05-10T01:45:33","slug":"jose-ronaldo-comenta-declaracao-de-acm-neto-sobre-nao-nas-eleicoes-de-2022-e-uma-demonstracao-de-humildade","status":"publish","type":"post","link":"https:\/\/noticiasbahia360.com.br\/?p=85599","title":{"rendered":"Jos\u00e9 Ronaldo comenta declara\u00e7\u00e3o de ACM Neto sobre \u2018n\u00e3o\u2019 nas Elei\u00e7\u00f5es de 2022: \u201c\u00c9 uma demonstra\u00e7\u00e3o de humildade\u201d"},"content":{"rendered":"<div>\n<div>\n<figure><img decoding=\"async\" src=\"http:\/\/noticiasbahia360.com.br\/wp-content\/uploads\/2025\/05\/avLIjFM6-Audiencia-publica-na-CDL-sobre-nova-concessao-das-rodovias-baianas-ft-ney-silva-acorda-cidade04.webp\" alt=\"Audi\u00eancia p\u00fablica na CDL sobre nova concess\u00e3o das rodovias baianas\"><figcaption>Jos\u00e9 Ronaldo | Foto: Ney Silva\/Acorda Cidade<\/figcaption><\/figure>\n<\/div>\n<div class=\"wp-block-group\">\n<div class=\"wp-block-group__inner-container is-layout-constrained wp-block-group-is-layout-constrained\">\n<p>O prefeito de Feira de Santana, <a href=\"https:\/\/www.acordacidade.com.br\/tag\/jose-ronaldo\/\">Jos\u00e9 Ronaldo de Carvalho<\/a> (Uni\u00e3o Brasil), comentou a declara\u00e7\u00e3o de ACM Neto sobre o epis\u00f3dio em que o carlista optou por outro nome como vice na chapa para disputar o governo do estado nas elei\u00e7\u00f5es de 2022.<\/p>\n<p>Neto esteve presente em uma <a href=\"https:\/\/www.acordacidade.com.br\/politica\/camara-de-feira-de-santana-homenageia-familia-magalhaes-com-titulos-de-cidadania-feirense-e-comenda-maria-quiteria\/\">solenidade na C\u00e2mara de Vereadores de Feira de Santana<\/a>, na noite de quinta-feira (8), e foi questionado se ele considerava um erro n\u00e3o ter escolhido Ronaldo para vice na \u00e9poca. O pol\u00edtico respondeu que, naquele momento, as circunst\u00e2ncias n\u00e3o permitiram o movimento.<\/p>\n<blockquote class=\"wp-block-quote is-layout-flow wp-block-quote-is-layout-flow\">\n<p><strong>\u201cJos\u00e9 Ronaldo era o vice que eu desejava ter e eu trabalhei at\u00e9 o \u00faltimo minuto para que ele pudesse ser o vice ao meu lado e n\u00e3o tenho d\u00favida, era o melhor nome, o nome natural para ser o vice na minha chapa, entretanto, a conjuntura pol\u00edtica de articula\u00e7\u00e3o com os partidos pol\u00edticos impediu que isso acontecesse\u201d, disse Neto.<\/strong><\/p>\n<\/blockquote>\n<p>Na tarde desta sexta (9), exatamente um dia ap\u00f3s a declara\u00e7\u00e3o de ACM Neto, Jos\u00e9 Ronaldo foi questionado sobre como ele recebeu a fala do ex-prefeito de Salvador e se existia algum tipo de m\u00e1goa ou ressentimento pelo epis\u00f3dio.<\/p>\n<p>\u201cEu acho at\u00e9 que uma declara\u00e7\u00e3o desta demonstra humildade. N\u00f3s, seres humanos, vivemos evoluindo, crescendo, ent\u00e3o \u00e9 uma demonstra\u00e7\u00e3o de humildade. [Em rela\u00e7\u00e3o \u00e0 m\u00e1goa] Meu cora\u00e7\u00e3o s\u00f3 tem amor, meu cora\u00e7\u00e3o \u00e9 um cora\u00e7\u00e3o de respeitar o pr\u00f3ximo, eu vivo a vida p\u00fablica porque eu gosto de ficar junto de gente, do povo, de servir a comunidade, ent\u00e3o, isso \u00e9 passado, isso para mim n\u00e3o existe mais\u201d, disse Jos\u00e9 Ronaldo.<\/p>\n<\/div>\n<\/div>\n<div class=\"wp-block-group\">\n<div class=\"wp-block-group__inner-container is-layout-constrained wp-block-group-is-layout-constrained\">\n<h2 class=\"wp-block-heading\" id=\"h-segunda-chance\">Segunda chance?<\/h2>\n<p>Levando em considera\u00e7\u00e3o que o epis\u00f3dio, apesar de espinhoso, foi superado pelo prefeito de Feira de Santana, Jos\u00e9 Ronaldo foi questionado se estaria disposto a concorrer nas pr\u00f3ximas elei\u00e7\u00f5es. <strong>O prefeito de Feira de Santana foi categ\u00f3rico ao afirmar que a chance dele ser candidato nas elei\u00e7\u00f5es de 2026 \u00e9 zero.<\/strong><\/p>\n<p>\u201cEu disse ao povo de Feira de Santana, na elei\u00e7\u00e3o do ano passado, que eu ficaria at\u00e9 o final do mandato de prefeito e vou ficar at\u00e9 o final do mandato de prefeito. N\u00e3o tem nenhuma, n\u00e3o vejo nenhuma possibilidade de disputar a elei\u00e7\u00e3o em 2026\u201d, disse.<\/p>\n<\/div>\n<\/div>\n<h2 class=\"wp-block-heading\" id=\"h-morosidade\">Morosidade<\/h2>\n<p>Jos\u00e9 Ronaldo aproveitou a oportunidade para esclarecer sobre a demora na nomea\u00e7\u00e3o dos agentes de bairros e dos agentes distritais, um assunto quase recorrente entre as reclama\u00e7\u00f5es que chegam ao programa Acorda Cidade, pelo Whatsapp.<\/p>\n<p>\u201c\u00c9 um desejo meu fazer isso, n\u00e3o fiz ainda por objetivos bem pr\u00e1ticos, as dificuldades da prefeitura. 90% das nomea\u00e7\u00f5es que n\u00f3s fizemos foram t\u00e9cnicas, pessoas que s\u00e3o fundamentais para tocar a m\u00e1quina p\u00fablica: o contador, o financeiro, o jur\u00eddico, as \u00e1reas sociais, sa\u00fade, educa\u00e7\u00e3o, tudo isso\u201d, disse Jos\u00e9 Ronaldo.<\/p>\n<p>O prefeito continuou. \u201c<strong>N\u00e3o \u00e9 que essas pessoas n\u00e3o sejam necess\u00e1rias, s\u00e3o necess\u00e1rias e de import\u00e2ncia para a gest\u00e3o.<\/strong> S\u00e3o aquelas pessoas que levam as not\u00edcias do seu bairro, do seu distrito, do seu povoado. <strong>Ent\u00e3o, isso \u00e9 muito necess\u00e1rio e n\u00f3s vamos fazer. N\u00e3o vai demorar mais n\u00e3o, estamos nos organizando para que a gente possa iniciar, o mais tardar, em junho, para poder fazer tudo isso\u201d<\/strong>, concluiu o prefeito.<\/p>\n<p><em>Reportagem escrita pelo estagi\u00e1rio de jornalismo Jefferson Ara\u00fajo sob supervis\u00e3o <\/em><\/p>\n<p><em>Siga o Acorda Cidade no<\/em><a href=\"https:\/\/news.google.com\/search?q=acorda%20cidade&amp;hl=pt-BR&amp;gl=BR&amp;ceid=BR%3Apt-419\"><strong><em>\u00a0Google Not\u00edcias<\/em><\/strong><\/a><em>\u00a0e receba os principais destaques do dia. Participe tamb\u00e9m dos nossos canais no\u00a0<\/em><a href=\"https:\/\/www.whatsapp.com\/channel\/0029Va6Rb4v3WHTNnsh8WI3N\"><strong><em>WhatsApp<\/em><\/strong><\/a><em>\u00a0e\u00a0<\/em><a href=\"https:\/\/www.youtube.com\/@acordacidadenoticias\/videos\"><strong>YouTube<\/strong><\/a><em>\u00a0e do grupo no\u00a0<\/em><a href=\"https:\/\/t.me\/+sSz0khrgARA0ZmRh\"><strong><em>Telegram<\/em><\/strong><\/a><\/p>\n<\/div>\n","protected":false},"excerpt":{"rendered":"<div>\n<div>\n<figure><img decoding=\"async\" src=\"https:\/\/uploads.acordacidade.com.br\/2025\/05\/avLIjFM6-Audiencia-publica-na-CDL-sobre-nova-concessao-das-rodovias-baianas-ft-ney-silva-acorda-cidade04.webp\" alt=\"Audi\u00eancia p\u00fablica na CDL sobre nova concess\u00e3o das rodovias baianas\"><figcaption>Jos\u00e9 Ronaldo | Foto: Ney Silva\/Acorda Cidade<\/figcaption><\/figure>\n<\/div>\n<p>&#8220;Meu cora\u00e7\u00e3o s\u00f3 tem amor, \u00e9 um cora\u00e7\u00e3o de respeitar o pr\u00f3ximo, ent\u00e3o, isso \u00e9 passado, isso para mim n\u00e3o existe mais&#8221;, disse o prefeito.<\/p><\/div>\n","protected":false},"author":1,"featured_media":85600,"comment_status":"closed","ping_status":"closed","sticky":false,"template":"","format":"gallery","meta":{"footnotes":""},"categories":[8,9,6,57,56,10],"tags":[],"class_list":["post-85599","post","type-post","status-publish","format-gallery","has-post-thumbnail","hentry","category-bahia","category-brasil","category-feira-de-santana","category-mundo","category-policia","category-politica","post_format-post-format-gallery"],"featured_image_urls":{"full":["https:\/\/noticiasbahia360.com.br\/wp-content\/uploads\/2025\/05\/avLIjFM6-Audiencia-publica-na-CDL-sobre-nova-concessao-das-rodovias-baianas-ft-ney-silva-acorda-cidade04.webp",1200,760,false],"thumbnail":["https:\/\/noticiasbahia360.com.br\/wp-content\/uploads\/2025\/05\/avLIjFM6-Audiencia-publica-na-CDL-sobre-nova-concessao-das-rodovias-baianas-ft-ney-silva-acorda-cidade04-150x150.webp",150,150,true],"medium":["https:\/\/noticiasbahia360.com.br\/wp-content\/uploads\/2025\/05\/avLIjFM6-Audiencia-publica-na-CDL-sobre-nova-concessao-das-rodovias-baianas-ft-ney-silva-acorda-cidade04-300x190.webp",300,190,true],"medium_large":["https:\/\/noticiasbahia360.com.br\/wp-content\/uploads\/2025\/05\/avLIjFM6-Audiencia-publica-na-CDL-sobre-nova-concessao-das-rodovias-baianas-ft-ney-silva-acorda-cidade04-768x486.webp",640,405,true],"large":["https:\/\/noticiasbahia360.com.br\/wp-content\/uploads\/2025\/05\/avLIjFM6-Audiencia-publica-na-CDL-sobre-nova-concessao-das-rodovias-baianas-ft-ney-silva-acorda-cidade04-1024x649.webp",640,406,true],"1536x1536":["https:\/\/noticiasbahia360.com.br\/wp-content\/uploads\/2025\/05\/avLIjFM6-Audiencia-publica-na-CDL-sobre-nova-concessao-das-rodovias-baianas-ft-ney-silva-acorda-cidade04.webp",1200,760,false],"2048x2048":["https:\/\/noticiasbahia360.com.br\/wp-content\/uploads\/2025\/05\/avLIjFM6-Audiencia-publica-na-CDL-sobre-nova-concessao-das-rodovias-baianas-ft-ney-silva-acorda-cidade04.webp",1200,760,false],"chromenews-featured":["https:\/\/noticiasbahia360.com.br\/wp-content\/uploads\/2025\/05\/avLIjFM6-Audiencia-publica-na-CDL-sobre-nova-concessao-das-rodovias-baianas-ft-ney-silva-acorda-cidade04-1024x649.webp",1024,649,true],"chromenews-large":["https:\/\/noticiasbahia360.com.br\/wp-content\/uploads\/2025\/05\/avLIjFM6-Audiencia-publica-na-CDL-sobre-nova-concessao-das-rodovias-baianas-ft-ney-silva-acorda-cidade04-825x575.webp",825,575,true],"chromenews-medium":["https:\/\/noticiasbahia360.com.br\/wp-content\/uploads\/2025\/05\/avLIjFM6-Audiencia-publica-na-CDL-sobre-nova-concessao-das-rodovias-baianas-ft-ney-silva-acorda-cidade04-590x410.webp",590,410,true]},"author_info":{"display_name":"noticiasbahia360.com.br","author_link":"https:\/\/noticiasbahia360.com.br\/?author=1"},"category_info":"<a href=\"https:\/\/noticiasbahia360.com.br\/?cat=8\" rel=\"category\">Bahia<\/a> <a href=\"https:\/\/noticiasbahia360.com.br\/?cat=9\" rel=\"category\">Brasil<\/a> <a href=\"https:\/\/noticiasbahia360.com.br\/?cat=6\" rel=\"category\">Feira de Santana<\/a> <a href=\"https:\/\/noticiasbahia360.com.br\/?cat=57\" rel=\"category\">Mundo<\/a> <a href=\"https:\/\/noticiasbahia360.com.br\/?cat=56\" rel=\"category\">Pol\u00edcia<\/a> <a href=\"https:\/\/noticiasbahia360.com.br\/?cat=10\" rel=\"category\">Pol\u00edtica<\/a>","tag_info":"Pol\u00edtica","comment_count":"0","_links":{"self":[{"href":"https:\/\/noticiasbahia360.com.br\/index.php?rest_route=\/wp\/v2\/posts\/85599","targetHints":{"allow":["GET"]}}],"collection":[{"href":"https:\/\/noticiasbahia360.com.br\/index.php?rest_route=\/wp\/v2\/posts"}],"about":[{"href":"https:\/\/noticiasbahia360.com.br\/index.php?rest_route=\/wp\/v2\/types\/post"}],"author":[{"embeddable":true,"href":"https:\/\/noticiasbahia360.com.br\/index.php?rest_route=\/wp\/v2\/users\/1"}],"replies":[{"embeddable":true,"href":"https:\/\/noticiasbahia360.com.br\/index.php?rest_route=%2Fwp%2Fv2%2Fcomments&post=85599"}],"version-history":[{"count":0,"href":"https:\/\/noticiasbahia360.com.br\/index.php?rest_route=\/wp\/v2\/posts\/85599\/revisions"}],"wp:featuredmedia":[{"embeddable":true,"href":"https:\/\/noticiasbahia360.com.br\/index.php?rest_route=\/wp\/v2\/media\/85600"}],"wp:attachment":[{"href":"https:\/\/noticiasbahia360.com.br\/index.php?rest_route=%2Fwp%2Fv2%2Fmedia&parent=85599"}],"wp:term":[{"taxonomy":"category","embeddable":true,"href":"https:\/\/noticiasbahia360.com.br\/index.php?rest_route=%2Fwp%2Fv2%2Fcategories&post=85599"},{"taxonomy":"post_tag","embeddable":true,"href":"https:\/\/noticiasbahia360.com.br\/index.php?rest_route=%2Fwp%2Fv2%2Ftags&post=85599"}],"curies":[{"name":"wp","href":"https:\/\/api.w.org\/{rel}","templated":true}]}}