{"id":85603,"date":"2025-05-09T23:42:25","date_gmt":"2025-05-10T02:42:25","guid":{"rendered":"https:\/\/noticiasbahia360.com.br\/?p=85603"},"modified":"2025-05-09T23:42:25","modified_gmt":"2025-05-10T02:42:25","slug":"advogados-de-feira-de-santana-entram-com-pedido-para-suspender-pagamento-de-indenizacao-milionaria-a-viabahia","status":"publish","type":"post","link":"https:\/\/noticiasbahia360.com.br\/?p=85603","title":{"rendered":"Advogados de Feira de Santana entram com pedido para suspender pagamento de indeniza\u00e7\u00e3o milion\u00e1ria a ViaBahia"},"content":{"rendered":"<div>\n<div>\n<figure><img decoding=\"async\" src=\"http:\/\/noticiasbahia360.com.br\/wp-content\/uploads\/2025\/05\/viabahia-324.jpg\" alt=\"viabahia 324\"><figcaption>Foto: Divulga\u00e7\u00e3o\/Viabahia<\/figcaption><\/figure>\n<\/div>\n<div class=\"wp-block-group\">\n<div class=\"wp-block-group__inner-container is-layout-constrained wp-block-group-is-layout-constrained\">\n<p>Dois advogados de Feira de Santana entraram com uma a\u00e7\u00e3o popular, um tipo de processo judicial movido por cidad\u00e3os comuns, pedindo a suspens\u00e3o do acordo firmado entre o Tribunal de Contas da Uni\u00e3o (TCU) e a <a href=\"https:\/\/www.acordacidade.com.br\/tag\/viabahia\/\">ViaBahia<\/a>, concession\u00e1ria que administra trechos das rodovias BR-324 e BR-116 no estado.<\/p>\n<p>Os advogados Maur\u00edcio Bastos Souza e La\u00eds da Silva Lima pedem que a Justi\u00e7a Federal suspenda o pagamento da indeniza\u00e7\u00e3o, fruto do acordo firmado entre o \u00f3rg\u00e3o e a empresa, que deve custar aos cofres p\u00fablicos cerca de R$ 892 milh\u00f5es pela quebra antecipada do contrato que permitiria \u00e0 empresa administrar as rodovias at\u00e9 2034.<\/p>\n<\/div>\n<\/div>\n<div class=\"wp-block-group\">\n<div class=\"wp-block-group__inner-container is-layout-constrained wp-block-group-is-layout-constrained\">\n<h2 class=\"wp-block-heading\" id=\"h-a-justificativa\">A justificativa<\/h2>\n<p>Em linhas gerais, os advogados afirmam que a ViaBahia administrava de forma ruim as rodovias BR-324 e BR-116, fato que pode ser comprovado pelo estado de conserva\u00e7\u00e3o das estradas.<\/p>\n<p>O juiz da 16\u00aa Vara da Justi\u00e7a Federal deu um prazo de 72h para que o TCU, o Governo Federal, a Ag\u00eancia Nacional de Transportes Terrestres (ANTT), o Departamento Nacional de Infraestrutura de Transportes (Dnit) e o Governo da Bahia se manifestem sobre a a\u00e7\u00e3o.<\/p>\n<\/div>\n<\/div>\n<div class=\"wp-block-group\">\n<div class=\"wp-block-group__inner-container is-layout-constrained wp-block-group-is-layout-constrained\">\n<h2 class=\"wp-block-heading\" id=\"h-no-prejuizo\">No preju\u00edzo<\/h2>\n<p>Segundo um <a href=\"https:\/\/www.acordacidade.com.br\/bahia\/viabahia-em-14-anos-condutores-pagaram-r-38-bilhoes-em-pedagios\/\">levantamento realizado pelo Acorda Cidade<\/a>, <strong>nos \u00faltimos 14 anos, os condutores pagaram cerca de R$ 3,8 bilh\u00f5es em ped\u00e1gios \u00e0 ViaBahia<\/strong>. Apesar do alto faturamento, a concession\u00e1ria coleciona reclama\u00e7\u00f5es em rela\u00e7\u00e3o \u00e0 m\u00e1 conserva\u00e7\u00e3o das estradas e \u00e9 acusada de n\u00e3o ter cumprido a sua parte no acordo de concess\u00e3o das rodovias.<\/p>\n<div class=\"wp-block-group\">\n<div class=\"wp-block-group__inner-container is-layout-constrained wp-block-group-is-layout-constrained\">\n<p><strong>Leia tamb\u00e9m:<\/strong><\/p>\n<p><a href=\"viabahia:%20em%2014%20anos%20condutores%20pagaram%20R%24%203,8%20bilh%C3%B5es%20em%20ped%C3%A1gios\">ViaBahia: em 14 anos condutores pagaram R$ 3,8 bilh\u00f5es em ped\u00e1gios<\/a><\/p>\n<\/div>\n<\/div>\n<div class=\"wp-block-group\">\n<div class=\"wp-block-group__inner-container is-layout-constrained wp-block-group-is-layout-constrained\">\n<p><em>Reportagem escrita pelo estagi\u00e1rio de jornalismo Jefferson Ara\u00fajo sob supervis\u00e3o<\/em>\u00a0<\/p>\n<p><em>Siga o Acorda Cidade no<\/em><a href=\"https:\/\/news.google.com\/search?q=acorda%20cidade&amp;hl=pt-BR&amp;gl=BR&amp;ceid=BR%3Apt-419\"><strong><em>\u00a0Google Not\u00edcias<\/em><\/strong><\/a><em>\u00a0e receba os principais destaques do dia. Participe tamb\u00e9m dos nossos canais no\u00a0<\/em><a href=\"https:\/\/www.whatsapp.com\/channel\/0029Va6Rb4v3WHTNnsh8WI3N\"><strong><em>WhatsApp<\/em><\/strong><\/a><em>\u00a0e\u00a0<\/em><a href=\"https:\/\/www.youtube.com\/@acordacidadenoticias\/videos\"><strong>YouTube<\/strong><\/a><em>\u00a0e do grupo no\u00a0<\/em><a href=\"https:\/\/t.me\/+sSz0khrgARA0ZmRh\"><strong><em>Telegram<\/em><\/strong><\/a><\/p>\n<\/div>\n<\/div>\n<\/div>\n<\/div>\n<\/div>\n","protected":false},"excerpt":{"rendered":"<div>\n<div>\n<figure><img decoding=\"async\" src=\"https:\/\/uploads.acordacidade.com.br\/2024\/11\/viabahia-324.jpg\" alt=\"viabahia 324\"><figcaption>Foto: Divulga\u00e7\u00e3o\/Viabahia<\/figcaption><\/figure>\n<\/div>\n<p>Em linhas gerais, os advogados afirmam que a ViaBahia administrava de forma ruim as rodovias BR-324 e BR-116.<\/p><\/div>\n","protected":false},"author":1,"featured_media":85604,"comment_status":"closed","ping_status":"closed","sticky":false,"template":"","format":"gallery","meta":{"footnotes":""},"categories":[8,9,6,57,56,10],"tags":[],"class_list":["post-85603","post","type-post","status-publish","format-gallery","has-post-thumbnail","hentry","category-bahia","category-brasil","category-feira-de-santana","category-mundo","category-policia","category-politica","post_format-post-format-gallery"],"featured_image_urls":{"full":["https:\/\/noticiasbahia360.com.br\/wp-content\/uploads\/2025\/05\/viabahia-324.jpg",640,384,false],"thumbnail":["https:\/\/noticiasbahia360.com.br\/wp-content\/uploads\/2025\/05\/viabahia-324-150x150.jpg",150,150,true],"medium":["https:\/\/noticiasbahia360.com.br\/wp-content\/uploads\/2025\/05\/viabahia-324-300x180.jpg",300,180,true],"medium_large":["https:\/\/noticiasbahia360.com.br\/wp-content\/uploads\/2025\/05\/viabahia-324.jpg",640,384,false],"large":["https:\/\/noticiasbahia360.com.br\/wp-content\/uploads\/2025\/05\/viabahia-324.jpg",640,384,false],"1536x1536":["https:\/\/noticiasbahia360.com.br\/wp-content\/uploads\/2025\/05\/viabahia-324.jpg",640,384,false],"2048x2048":["https:\/\/noticiasbahia360.com.br\/wp-content\/uploads\/2025\/05\/viabahia-324.jpg",640,384,false],"chromenews-featured":["https:\/\/noticiasbahia360.com.br\/wp-content\/uploads\/2025\/05\/viabahia-324.jpg",640,384,false],"chromenews-large":["https:\/\/noticiasbahia360.com.br\/wp-content\/uploads\/2025\/05\/viabahia-324.jpg",640,384,false],"chromenews-medium":["https:\/\/noticiasbahia360.com.br\/wp-content\/uploads\/2025\/05\/viabahia-324-590x384.jpg",590,384,true]},"author_info":{"display_name":"noticiasbahia360.com.br","author_link":"https:\/\/noticiasbahia360.com.br\/?author=1"},"category_info":"<a href=\"https:\/\/noticiasbahia360.com.br\/?cat=8\" rel=\"category\">Bahia<\/a> <a href=\"https:\/\/noticiasbahia360.com.br\/?cat=9\" rel=\"category\">Brasil<\/a> <a href=\"https:\/\/noticiasbahia360.com.br\/?cat=6\" rel=\"category\">Feira de Santana<\/a> <a href=\"https:\/\/noticiasbahia360.com.br\/?cat=57\" rel=\"category\">Mundo<\/a> <a href=\"https:\/\/noticiasbahia360.com.br\/?cat=56\" rel=\"category\">Pol\u00edcia<\/a> <a href=\"https:\/\/noticiasbahia360.com.br\/?cat=10\" rel=\"category\">Pol\u00edtica<\/a>","tag_info":"Pol\u00edtica","comment_count":"0","_links":{"self":[{"href":"https:\/\/noticiasbahia360.com.br\/index.php?rest_route=\/wp\/v2\/posts\/85603","targetHints":{"allow":["GET"]}}],"collection":[{"href":"https:\/\/noticiasbahia360.com.br\/index.php?rest_route=\/wp\/v2\/posts"}],"about":[{"href":"https:\/\/noticiasbahia360.com.br\/index.php?rest_route=\/wp\/v2\/types\/post"}],"author":[{"embeddable":true,"href":"https:\/\/noticiasbahia360.com.br\/index.php?rest_route=\/wp\/v2\/users\/1"}],"replies":[{"embeddable":true,"href":"https:\/\/noticiasbahia360.com.br\/index.php?rest_route=%2Fwp%2Fv2%2Fcomments&post=85603"}],"version-history":[{"count":0,"href":"https:\/\/noticiasbahia360.com.br\/index.php?rest_route=\/wp\/v2\/posts\/85603\/revisions"}],"wp:featuredmedia":[{"embeddable":true,"href":"https:\/\/noticiasbahia360.com.br\/index.php?rest_route=\/wp\/v2\/media\/85604"}],"wp:attachment":[{"href":"https:\/\/noticiasbahia360.com.br\/index.php?rest_route=%2Fwp%2Fv2%2Fmedia&parent=85603"}],"wp:term":[{"taxonomy":"category","embeddable":true,"href":"https:\/\/noticiasbahia360.com.br\/index.php?rest_route=%2Fwp%2Fv2%2Fcategories&post=85603"},{"taxonomy":"post_tag","embeddable":true,"href":"https:\/\/noticiasbahia360.com.br\/index.php?rest_route=%2Fwp%2Fv2%2Ftags&post=85603"}],"curies":[{"name":"wp","href":"https:\/\/api.w.org\/{rel}","templated":true}]}}