{"id":85605,"date":"2025-05-10T07:38:08","date_gmt":"2025-05-10T10:38:08","guid":{"rendered":"https:\/\/noticiasbahia360.com.br\/?p=85605"},"modified":"2025-05-10T07:38:08","modified_gmt":"2025-05-10T10:38:08","slug":"agu-pede-bloqueio-de-bens-de-mais-14-investigados-por-fraude-no-inss","status":"publish","type":"post","link":"https:\/\/noticiasbahia360.com.br\/?p=85605","title":{"rendered":"AGU pede bloqueio de bens de mais 14 investigados por fraude no INSS"},"content":{"rendered":"<div>\n<div>\n<figure><img decoding=\"async\" src=\"http:\/\/noticiasbahia360.com.br\/wp-content\/uploads\/2025\/05\/jBdCDBEZ-INSS-da-Queimadinha-ft-ney-silva-acorda-cidade-1.jpg\" alt=\"INSS da Queimadinha\"><figcaption>Foto: Ney Silva\/Acorda Cidade<\/figcaption><\/figure>\n<\/div>\n<p>Ag\u00eancia Brasil \u2013 A Advocacia-Geral da Uni\u00e3o (<a href=\"https:\/\/www.acordacidade.com.br\/tag\/agu\/\">AGU<\/a>) pediu \u00e0 Justi\u00e7a Federal nesta sexta-feira (9) o bloqueio de bens de mais seis empresas e oito pessoas investigadas por descontos irregulares em benef\u00edcios de aposentados e pensionistas do Instituto Nacional do Seguro Social (INSS). O \u00f3rg\u00e3o entrou com pedido de mudan\u00e7a na a\u00e7\u00e3o cautelar ajuizada na quinta-feira (8) contra as associa\u00e7\u00f5es investigadas.<img decoding=\"async\" src=\"https:\/\/agenciabrasil.ebc.com.br\/ebc.png?id=1642247&amp;o=node\"><img decoding=\"async\" src=\"https:\/\/agenciabrasil.ebc.com.br\/ebc.gif?id=1642247&amp;o=node\"><\/p>\n<p>A medida atende a pedido da Controladoria-Geral da Uni\u00e3o (CGU), que identificou a necessidade de incluir novas pessoas jur\u00eddicas e f\u00edsicas no pedido de indisponibilidade de bens e ativos financeiros. Com base na\u00a0<a href=\"https:\/\/www.planalto.gov.br\/ccivil_03\/_ato2011-2014\/2013\/lei\/l12846.htm\" target=\"_blank\" rel=\"noreferrer noopener\">Lei n\u00ba 12.846\/2013<\/a>, conhecida como Lei Anticorrup\u00e7\u00e3o, a AGU tamb\u00e9m solicitou\u00a0o bloqueio das atividades financeiras e a suspens\u00e3o dos sigilos banc\u00e1rios e fiscal dos investigados.<\/p>\n<p>As empresas e seus s\u00f3cios que figuram no novo pedido s\u00e3o acusados de serem intermedi\u00e1rias de pagamentos de vantagens indevidas a agentes p\u00fablicos vinculados ao INSS e a outras pessoas f\u00edsicas a elas relacionadas. At\u00e9 o momento, informou a AGU, o repasse de valores indevidos a esses agentes p\u00fablicos est\u00e1 estimado em R$ 23,8 milh\u00f5es.<\/p>\n<p>\u201cAs investiga\u00e7\u00f5es em curso revelam fortes ind\u00edcios de que as empresas mencionadas participaram diretamente da intermedia\u00e7\u00e3o de valores milion\u00e1rios\u201d, informou a AGU na peti\u00e7\u00e3o de aditamento. \u201cEssa engenharia financeira sustentava o esquema criminoso, que consistia em repassar os valores indevidamente descontados pelas associa\u00e7\u00f5es e pagar vantagens il\u00edcitas a agentes p\u00fablicos que permitiam ou facilitavam esses descontos.\u201d<\/p>\n<p>Em rela\u00e7\u00e3o ao bloqueio de bens dos s\u00f3cios das empresas citadas, a AGU baseia-se no argumento de que \u201cas pessoas jur\u00eddicas foram utilizadas como instrumento para pr\u00e1ticas il\u00edcitas de natureza penal, administrativa e civil, servindo como meio para capta\u00e7\u00e3o de vantagens provenientes de recursos indevidamente extra\u00eddos dos benef\u00edcios de aposentados e pensionistas\u201d.<\/p>\n<p>No caso dos agentes p\u00fablicos investigados na Opera\u00e7\u00e3o Sem Desconto, a AGU instaurou procedimento preparat\u00f3rio para ajuizar a\u00e7\u00e3o por improbidade administrativa.<\/p>\n<p>Na peti\u00e7\u00e3o original da a\u00e7\u00e3o cautelar proposta na quinta-feira, a AGU requereu, al\u00e9m dos R$ 23,8 milh\u00f5es, o\u00a0<a href=\"https:\/\/agenciabrasil.ebc.com.br\/justica\/noticia\/2025-05\/agu-pede-bloqueio-de-r-25-bi-de-12-associacoes-por-fraudes-no-inss\" target=\"_blank\" rel=\"noreferrer noopener\">bloqueio de R$ 2,56 bilh\u00f5es em bens m\u00f3veis e im\u00f3veis<\/a>\u00a0e a quebra de sigilos banc\u00e1rio e fiscal de 12 entidades associativas e seus dirigentes.<\/p>\n<p><em>Siga o Acorda Cidade no<\/em><a href=\"https:\/\/news.google.com\/search?q=acorda%20cidade&amp;hl=pt-BR&amp;gl=BR&amp;ceid=BR%3Apt-419\"><strong><em> Google Not\u00edcias<\/em><\/strong><\/a><em> e receba os principais destaques do dia. Participe tamb\u00e9m dos nossos canais no <\/em><a href=\"https:\/\/whatsapp.com\/channel\/0029Va6Rb4v3WHTNnsh8WI3N\"><strong><em>WhatsApp<\/em><\/strong><\/a><em> e <\/em><a href=\"https:\/\/www.youtube.com\/@acordacidadenoticias\/videos\"><strong>Youtube<\/strong><\/a><em> e grupo de <\/em><a href=\"https:\/\/t.me\/+sSz0khrgARA0ZmRh\"><strong><em>Telegram<\/em><\/strong><\/a><em>.<\/em><\/p>\n<\/div>\n","protected":false},"excerpt":{"rendered":"<div>\n<div>\n<figure><img decoding=\"async\" src=\"https:\/\/uploads.acordacidade.com.br\/2024\/10\/jBdCDBEZ-INSS-da-Queimadinha-ft-ney-silva-acorda-cidade-1.jpg\" alt=\"INSS da Queimadinha\"><figcaption>Foto: Ney Silva\/Acorda Cidade<\/figcaption><\/figure>\n<\/div>\n<p>Suspeitos teriam repassado R$ 23,8 milh\u00f5es a agentes p\u00fablicos<\/p><\/div>\n","protected":false},"author":1,"featured_media":85606,"comment_status":"closed","ping_status":"closed","sticky":false,"template":"","format":"gallery","meta":{"footnotes":""},"categories":[8,9,6,57,56,10],"tags":[],"class_list":["post-85605","post","type-post","status-publish","format-gallery","has-post-thumbnail","hentry","category-bahia","category-brasil","category-feira-de-santana","category-mundo","category-policia","category-politica","post_format-post-format-gallery"],"featured_image_urls":{"full":["https:\/\/noticiasbahia360.com.br\/wp-content\/uploads\/2025\/05\/jBdCDBEZ-INSS-da-Queimadinha-ft-ney-silva-acorda-cidade-1.jpg",640,480,false],"thumbnail":["https:\/\/noticiasbahia360.com.br\/wp-content\/uploads\/2025\/05\/jBdCDBEZ-INSS-da-Queimadinha-ft-ney-silva-acorda-cidade-1-150x150.jpg",150,150,true],"medium":["https:\/\/noticiasbahia360.com.br\/wp-content\/uploads\/2025\/05\/jBdCDBEZ-INSS-da-Queimadinha-ft-ney-silva-acorda-cidade-1-300x225.jpg",300,225,true],"medium_large":["https:\/\/noticiasbahia360.com.br\/wp-content\/uploads\/2025\/05\/jBdCDBEZ-INSS-da-Queimadinha-ft-ney-silva-acorda-cidade-1.jpg",640,480,false],"large":["https:\/\/noticiasbahia360.com.br\/wp-content\/uploads\/2025\/05\/jBdCDBEZ-INSS-da-Queimadinha-ft-ney-silva-acorda-cidade-1.jpg",640,480,false],"1536x1536":["https:\/\/noticiasbahia360.com.br\/wp-content\/uploads\/2025\/05\/jBdCDBEZ-INSS-da-Queimadinha-ft-ney-silva-acorda-cidade-1.jpg",640,480,false],"2048x2048":["https:\/\/noticiasbahia360.com.br\/wp-content\/uploads\/2025\/05\/jBdCDBEZ-INSS-da-Queimadinha-ft-ney-silva-acorda-cidade-1.jpg",640,480,false],"chromenews-featured":["https:\/\/noticiasbahia360.com.br\/wp-content\/uploads\/2025\/05\/jBdCDBEZ-INSS-da-Queimadinha-ft-ney-silva-acorda-cidade-1.jpg",640,480,false],"chromenews-large":["https:\/\/noticiasbahia360.com.br\/wp-content\/uploads\/2025\/05\/jBdCDBEZ-INSS-da-Queimadinha-ft-ney-silva-acorda-cidade-1.jpg",640,480,false],"chromenews-medium":["https:\/\/noticiasbahia360.com.br\/wp-content\/uploads\/2025\/05\/jBdCDBEZ-INSS-da-Queimadinha-ft-ney-silva-acorda-cidade-1-590x410.jpg",590,410,true]},"author_info":{"display_name":"noticiasbahia360.com.br","author_link":"https:\/\/noticiasbahia360.com.br\/?author=1"},"category_info":"<a href=\"https:\/\/noticiasbahia360.com.br\/?cat=8\" rel=\"category\">Bahia<\/a> <a href=\"https:\/\/noticiasbahia360.com.br\/?cat=9\" rel=\"category\">Brasil<\/a> <a href=\"https:\/\/noticiasbahia360.com.br\/?cat=6\" rel=\"category\">Feira de Santana<\/a> <a href=\"https:\/\/noticiasbahia360.com.br\/?cat=57\" rel=\"category\">Mundo<\/a> <a href=\"https:\/\/noticiasbahia360.com.br\/?cat=56\" rel=\"category\">Pol\u00edcia<\/a> <a href=\"https:\/\/noticiasbahia360.com.br\/?cat=10\" rel=\"category\">Pol\u00edtica<\/a>","tag_info":"Pol\u00edtica","comment_count":"0","_links":{"self":[{"href":"https:\/\/noticiasbahia360.com.br\/index.php?rest_route=\/wp\/v2\/posts\/85605","targetHints":{"allow":["GET"]}}],"collection":[{"href":"https:\/\/noticiasbahia360.com.br\/index.php?rest_route=\/wp\/v2\/posts"}],"about":[{"href":"https:\/\/noticiasbahia360.com.br\/index.php?rest_route=\/wp\/v2\/types\/post"}],"author":[{"embeddable":true,"href":"https:\/\/noticiasbahia360.com.br\/index.php?rest_route=\/wp\/v2\/users\/1"}],"replies":[{"embeddable":true,"href":"https:\/\/noticiasbahia360.com.br\/index.php?rest_route=%2Fwp%2Fv2%2Fcomments&post=85605"}],"version-history":[{"count":0,"href":"https:\/\/noticiasbahia360.com.br\/index.php?rest_route=\/wp\/v2\/posts\/85605\/revisions"}],"wp:featuredmedia":[{"embeddable":true,"href":"https:\/\/noticiasbahia360.com.br\/index.php?rest_route=\/wp\/v2\/media\/85606"}],"wp:attachment":[{"href":"https:\/\/noticiasbahia360.com.br\/index.php?rest_route=%2Fwp%2Fv2%2Fmedia&parent=85605"}],"wp:term":[{"taxonomy":"category","embeddable":true,"href":"https:\/\/noticiasbahia360.com.br\/index.php?rest_route=%2Fwp%2Fv2%2Fcategories&post=85605"},{"taxonomy":"post_tag","embeddable":true,"href":"https:\/\/noticiasbahia360.com.br\/index.php?rest_route=%2Fwp%2Fv2%2Ftags&post=85605"}],"curies":[{"name":"wp","href":"https:\/\/api.w.org\/{rel}","templated":true}]}}