{"id":85607,"date":"2025-05-10T07:41:24","date_gmt":"2025-05-10T10:41:24","guid":{"rendered":"https:\/\/noticiasbahia360.com.br\/?p=85607"},"modified":"2025-05-10T07:41:24","modified_gmt":"2025-05-10T10:41:24","slug":"homem-que-atirou-contra-pms-em-salvador-estava-no-presidio-e-foi-colocado-em-liberdade-em-julho-de-2024","status":"publish","type":"post","link":"https:\/\/noticiasbahia360.com.br\/?p=85607","title":{"rendered":"Homem que atirou contra PMs em Salvador estava no pres\u00eddio e foi colocado em liberdade em julho de 2024"},"content":{"rendered":"<div>\n<div>\n<figure><img decoding=\"async\" src=\"http:\/\/noticiasbahia360.com.br\/wp-content\/uploads\/2025\/05\/policialmilitarbaleado_redessociais-1.png\" alt=\"Policial Militar\"><figcaption>Foto: Redes Sociais<\/figcaption><\/figure>\n<\/div>\n<p>O homem que tentou assaltar uma farm\u00e1cia na manh\u00e3 desta sexta-feira (9), no bairro de Patamares, em <a href=\"https:\/\/www.acordacidade.com.br\/tag\/salvador-3\/\">Salvador<\/a>, e disparou contra policiais militares que evitaram o roubo, foi liberado do sistema prisional no m\u00eas de julho do ano passado.<\/p>\n<p>O indiv\u00edduo, que faleceu ap\u00f3s confronto com os PMs, possu\u00eda passagens por tr\u00e1fico de drogas e porte ilegal de arma de fogo, al\u00e9m de se intitular integrante de uma fac\u00e7\u00e3o.<\/p>\n<p>Durante a a\u00e7\u00e3o criminosa, ele ainda tentou fazer uma mulher de ref\u00e9m e acertou dois disparos de arma de fogo contra um policial militar. Um rev\u00f3lver calibre 38 e muni\u00e7\u00f5es foram apreendidos.<\/p>\n<p>O profissional da Seguran\u00e7a Publica ferido foi socorrido, recebeu atendimento m\u00e9dico e, a previs\u00e3o inicial, \u00e9 de receber alta nas pr\u00f3ximas horas.<\/p>\n<p>Equipes das Pol\u00edcias Militar e Civil seguem procurando o segundo criminoso que conseguiu fugir do cerco policial.<\/p>\n<p><em>Siga o Acorda Cidade no<\/em><a href=\"https:\/\/news.google.com\/search?q=acorda%20cidade&amp;hl=pt-BR&amp;gl=BR&amp;ceid=BR%3Apt-419\"><strong><em> Google Not\u00edcias<\/em><\/strong><\/a><em> e receba os principais destaques do dia. Participe tamb\u00e9m dos nossos canais no <\/em><a href=\"https:\/\/whatsapp.com\/channel\/0029Va6Rb4v3WHTNnsh8WI3N\"><strong><em>WhatsApp<\/em><\/strong><\/a><em> e <\/em><a href=\"https:\/\/www.youtube.com\/@acordacidadenoticias\/videos\"><strong>Youtube<\/strong><\/a><em> e grupo de <\/em><a href=\"https:\/\/t.me\/+sSz0khrgARA0ZmRh\"><strong><em>Telegram<\/em><\/strong><\/a><em>.<\/em><\/p>\n<\/div>\n","protected":false},"excerpt":{"rendered":"<div>\n<div>\n<figure><img decoding=\"async\" src=\"https:\/\/uploads.acordacidade.com.br\/2025\/05\/policialmilitarbaleado_redessociais.png\" alt=\"Policial Militar\"><figcaption>Foto: Redes Sociais<\/figcaption><\/figure>\n<\/div>\n<p>Ele possu\u00eda passagens por tr\u00e1fico e porte ilegal de arma de fogo, al\u00e9m de se intitular integrante de fac\u00e7\u00e3o.<\/p><\/div>\n","protected":false},"author":1,"featured_media":85608,"comment_status":"closed","ping_status":"closed","sticky":false,"template":"","format":"gallery","meta":{"footnotes":""},"categories":[8,9,6,57,56,10],"tags":[],"class_list":["post-85607","post","type-post","status-publish","format-gallery","has-post-thumbnail","hentry","category-bahia","category-brasil","category-feira-de-santana","category-mundo","category-policia","category-politica","post_format-post-format-gallery"],"featured_image_urls":{"full":["https:\/\/noticiasbahia360.com.br\/wp-content\/uploads\/2025\/05\/policialmilitarbaleado_redessociais-1.png",459,283,false],"thumbnail":["https:\/\/noticiasbahia360.com.br\/wp-content\/uploads\/2025\/05\/policialmilitarbaleado_redessociais-1-150x150.png",150,150,true],"medium":["https:\/\/noticiasbahia360.com.br\/wp-content\/uploads\/2025\/05\/policialmilitarbaleado_redessociais-1-300x185.png",300,185,true],"medium_large":["https:\/\/noticiasbahia360.com.br\/wp-content\/uploads\/2025\/05\/policialmilitarbaleado_redessociais-1.png",459,283,false],"large":["https:\/\/noticiasbahia360.com.br\/wp-content\/uploads\/2025\/05\/policialmilitarbaleado_redessociais-1.png",459,283,false],"1536x1536":["https:\/\/noticiasbahia360.com.br\/wp-content\/uploads\/2025\/05\/policialmilitarbaleado_redessociais-1.png",459,283,false],"2048x2048":["https:\/\/noticiasbahia360.com.br\/wp-content\/uploads\/2025\/05\/policialmilitarbaleado_redessociais-1.png",459,283,false],"chromenews-featured":["https:\/\/noticiasbahia360.com.br\/wp-content\/uploads\/2025\/05\/policialmilitarbaleado_redessociais-1.png",459,283,false],"chromenews-large":["https:\/\/noticiasbahia360.com.br\/wp-content\/uploads\/2025\/05\/policialmilitarbaleado_redessociais-1.png",459,283,false],"chromenews-medium":["https:\/\/noticiasbahia360.com.br\/wp-content\/uploads\/2025\/05\/policialmilitarbaleado_redessociais-1.png",459,283,false]},"author_info":{"display_name":"noticiasbahia360.com.br","author_link":"https:\/\/noticiasbahia360.com.br\/?author=1"},"category_info":"<a href=\"https:\/\/noticiasbahia360.com.br\/?cat=8\" rel=\"category\">Bahia<\/a> <a href=\"https:\/\/noticiasbahia360.com.br\/?cat=9\" rel=\"category\">Brasil<\/a> <a href=\"https:\/\/noticiasbahia360.com.br\/?cat=6\" rel=\"category\">Feira de Santana<\/a> <a href=\"https:\/\/noticiasbahia360.com.br\/?cat=57\" rel=\"category\">Mundo<\/a> <a href=\"https:\/\/noticiasbahia360.com.br\/?cat=56\" rel=\"category\">Pol\u00edcia<\/a> <a href=\"https:\/\/noticiasbahia360.com.br\/?cat=10\" rel=\"category\">Pol\u00edtica<\/a>","tag_info":"Pol\u00edtica","comment_count":"0","_links":{"self":[{"href":"https:\/\/noticiasbahia360.com.br\/index.php?rest_route=\/wp\/v2\/posts\/85607","targetHints":{"allow":["GET"]}}],"collection":[{"href":"https:\/\/noticiasbahia360.com.br\/index.php?rest_route=\/wp\/v2\/posts"}],"about":[{"href":"https:\/\/noticiasbahia360.com.br\/index.php?rest_route=\/wp\/v2\/types\/post"}],"author":[{"embeddable":true,"href":"https:\/\/noticiasbahia360.com.br\/index.php?rest_route=\/wp\/v2\/users\/1"}],"replies":[{"embeddable":true,"href":"https:\/\/noticiasbahia360.com.br\/index.php?rest_route=%2Fwp%2Fv2%2Fcomments&post=85607"}],"version-history":[{"count":0,"href":"https:\/\/noticiasbahia360.com.br\/index.php?rest_route=\/wp\/v2\/posts\/85607\/revisions"}],"wp:featuredmedia":[{"embeddable":true,"href":"https:\/\/noticiasbahia360.com.br\/index.php?rest_route=\/wp\/v2\/media\/85608"}],"wp:attachment":[{"href":"https:\/\/noticiasbahia360.com.br\/index.php?rest_route=%2Fwp%2Fv2%2Fmedia&parent=85607"}],"wp:term":[{"taxonomy":"category","embeddable":true,"href":"https:\/\/noticiasbahia360.com.br\/index.php?rest_route=%2Fwp%2Fv2%2Fcategories&post=85607"},{"taxonomy":"post_tag","embeddable":true,"href":"https:\/\/noticiasbahia360.com.br\/index.php?rest_route=%2Fwp%2Fv2%2Ftags&post=85607"}],"curies":[{"name":"wp","href":"https:\/\/api.w.org\/{rel}","templated":true}]}}