{"id":85609,"date":"2025-05-10T07:47:39","date_gmt":"2025-05-10T10:47:39","guid":{"rendered":"https:\/\/noticiasbahia360.com.br\/?p=85609"},"modified":"2025-05-10T07:47:39","modified_gmt":"2025-05-10T10:47:39","slug":"policia-investiga-morte-de-crianca-de-9-anos","status":"publish","type":"post","link":"https:\/\/noticiasbahia360.com.br\/?p=85609","title":{"rendered":"Pol\u00edcia investiga morte de crian\u00e7a de 9 anos"},"content":{"rendered":"<div>\n<div>\n<figure><img decoding=\"async\" src=\"http:\/\/noticiasbahia360.com.br\/wp-content\/uploads\/2025\/05\/JrecWWQz-HEC-Feira-de-Santana.jpg\" alt=\"HEC - Feira de Santana\"><figcaption>Foto: Tuane Maria\/GOVBA<\/figcaption><\/figure>\n<\/div>\n<p>O Departamento de Pol\u00edcia T\u00e9cnica (DPT) realizou, na sexta-feira (9), a remo\u00e7\u00e3o do corpo de um garotinho de apenas 9 anos, que foi levado para o <a href=\"https:\/\/www.acordacidade.com.br\/tag\/hec\/\">Hospital Estadual da Crian\u00e7a (HEC)<\/a>, em Feira de Santana. Ele foi identificado como Guilherme Felipe da Silva Santos, natural de <a href=\"https:\/\/www.acordacidade.com.br\/tag\/maceio\/\">Macei\u00f3 (AL)<\/a>.<\/p>\n<p>A causa da morte ainda \u00e9 desconhecida. A v\u00edtima tem resid\u00eancia em Macei\u00f3, e n\u00e3o foi esclarecido sobre a estadia em Feira de Santana.<\/p>\n<p>Conforme informa\u00e7\u00f5es obtidas pelo Acorda Cidade junto \u00e0 pol\u00edcia, Guilherme deu entrada no HEC por volta das 5h30 de sexta-feira, levado pela pr\u00f3pria m\u00e3e. Ela teria informado que encontrou o filho j\u00e1 com o corpo frio e em estado de rigidez. Ao ser atendido pela equipe m\u00e9dica, foi constatado o \u00f3bito da crian\u00e7a e, segundo a pol\u00edcia, apresentava sinais de les\u00f5es, n\u00e3o sendo atestado o hor\u00e1rio nem a causa da morte.<\/p>\n<p>O caso est\u00e1 sendo investigado. Uma equipe do DPT encaminhou o corpo para a realiza\u00e7\u00e3o de exames. N\u00e3o h\u00e1 outras informa\u00e7\u00f5es at\u00e9 o momento.<\/p>\n<p><em>Siga o Acorda Cidade no<\/em><a href=\"https:\/\/news.google.com\/search?q=acorda%20cidade&amp;hl=pt-BR&amp;gl=BR&amp;ceid=BR%3Apt-419\"><strong><em> Google Not\u00edcias<\/em><\/strong><\/a><em> e receba os principais destaques do dia. Participe tamb\u00e9m dos nossos canais no <\/em><a href=\"https:\/\/whatsapp.com\/channel\/0029Va6Rb4v3WHTNnsh8WI3N\"><strong><em>WhatsApp<\/em><\/strong><\/a><em> e <\/em><a href=\"https:\/\/www.youtube.com\/@acordacidadenoticias\/videos\"><strong>YouTube<\/strong><\/a><em> e do grupo no <\/em><a href=\"https:\/\/t.me\/+sSz0khrgARA0ZmRh\"><strong><em>Telegram<\/em><\/strong><\/a><em>.<\/em><\/p>\n<\/div>\n","protected":false},"excerpt":{"rendered":"<div>\n<div>\n<figure><img decoding=\"async\" src=\"https:\/\/uploads.acordacidade.com.br\/2024\/10\/JrecWWQz-HEC-Feira-de-Santana.jpg\" alt=\"HEC - Feira de Santana\"><figcaption>Foto: Tuane Maria\/GOVBA<\/figcaption><\/figure>\n<\/div>\n<p>A causa da morte da crian\u00e7a ainda \u00e9 desconhecida. A v\u00edtima foi levada pela m\u00e3e ao hospital por volta das 05h30.<\/p><\/div>\n","protected":false},"author":1,"featured_media":85610,"comment_status":"closed","ping_status":"closed","sticky":false,"template":"","format":"gallery","meta":{"footnotes":""},"categories":[8,9,6,57,56,10],"tags":[],"class_list":["post-85609","post","type-post","status-publish","format-gallery","has-post-thumbnail","hentry","category-bahia","category-brasil","category-feira-de-santana","category-mundo","category-policia","category-politica","post_format-post-format-gallery"],"featured_image_urls":{"full":["https:\/\/noticiasbahia360.com.br\/wp-content\/uploads\/2025\/05\/JrecWWQz-HEC-Feira-de-Santana.jpg",640,315,false],"thumbnail":["https:\/\/noticiasbahia360.com.br\/wp-content\/uploads\/2025\/05\/JrecWWQz-HEC-Feira-de-Santana-150x150.jpg",150,150,true],"medium":["https:\/\/noticiasbahia360.com.br\/wp-content\/uploads\/2025\/05\/JrecWWQz-HEC-Feira-de-Santana-300x148.jpg",300,148,true],"medium_large":["https:\/\/noticiasbahia360.com.br\/wp-content\/uploads\/2025\/05\/JrecWWQz-HEC-Feira-de-Santana.jpg",640,315,false],"large":["https:\/\/noticiasbahia360.com.br\/wp-content\/uploads\/2025\/05\/JrecWWQz-HEC-Feira-de-Santana.jpg",640,315,false],"1536x1536":["https:\/\/noticiasbahia360.com.br\/wp-content\/uploads\/2025\/05\/JrecWWQz-HEC-Feira-de-Santana.jpg",640,315,false],"2048x2048":["https:\/\/noticiasbahia360.com.br\/wp-content\/uploads\/2025\/05\/JrecWWQz-HEC-Feira-de-Santana.jpg",640,315,false],"chromenews-featured":["https:\/\/noticiasbahia360.com.br\/wp-content\/uploads\/2025\/05\/JrecWWQz-HEC-Feira-de-Santana.jpg",640,315,false],"chromenews-large":["https:\/\/noticiasbahia360.com.br\/wp-content\/uploads\/2025\/05\/JrecWWQz-HEC-Feira-de-Santana.jpg",640,315,false],"chromenews-medium":["https:\/\/noticiasbahia360.com.br\/wp-content\/uploads\/2025\/05\/JrecWWQz-HEC-Feira-de-Santana-590x315.jpg",590,315,true]},"author_info":{"display_name":"noticiasbahia360.com.br","author_link":"https:\/\/noticiasbahia360.com.br\/?author=1"},"category_info":"<a href=\"https:\/\/noticiasbahia360.com.br\/?cat=8\" rel=\"category\">Bahia<\/a> <a href=\"https:\/\/noticiasbahia360.com.br\/?cat=9\" rel=\"category\">Brasil<\/a> <a href=\"https:\/\/noticiasbahia360.com.br\/?cat=6\" rel=\"category\">Feira de Santana<\/a> <a href=\"https:\/\/noticiasbahia360.com.br\/?cat=57\" rel=\"category\">Mundo<\/a> <a href=\"https:\/\/noticiasbahia360.com.br\/?cat=56\" rel=\"category\">Pol\u00edcia<\/a> <a href=\"https:\/\/noticiasbahia360.com.br\/?cat=10\" rel=\"category\">Pol\u00edtica<\/a>","tag_info":"Pol\u00edtica","comment_count":"0","_links":{"self":[{"href":"https:\/\/noticiasbahia360.com.br\/index.php?rest_route=\/wp\/v2\/posts\/85609","targetHints":{"allow":["GET"]}}],"collection":[{"href":"https:\/\/noticiasbahia360.com.br\/index.php?rest_route=\/wp\/v2\/posts"}],"about":[{"href":"https:\/\/noticiasbahia360.com.br\/index.php?rest_route=\/wp\/v2\/types\/post"}],"author":[{"embeddable":true,"href":"https:\/\/noticiasbahia360.com.br\/index.php?rest_route=\/wp\/v2\/users\/1"}],"replies":[{"embeddable":true,"href":"https:\/\/noticiasbahia360.com.br\/index.php?rest_route=%2Fwp%2Fv2%2Fcomments&post=85609"}],"version-history":[{"count":0,"href":"https:\/\/noticiasbahia360.com.br\/index.php?rest_route=\/wp\/v2\/posts\/85609\/revisions"}],"wp:featuredmedia":[{"embeddable":true,"href":"https:\/\/noticiasbahia360.com.br\/index.php?rest_route=\/wp\/v2\/media\/85610"}],"wp:attachment":[{"href":"https:\/\/noticiasbahia360.com.br\/index.php?rest_route=%2Fwp%2Fv2%2Fmedia&parent=85609"}],"wp:term":[{"taxonomy":"category","embeddable":true,"href":"https:\/\/noticiasbahia360.com.br\/index.php?rest_route=%2Fwp%2Fv2%2Fcategories&post=85609"},{"taxonomy":"post_tag","embeddable":true,"href":"https:\/\/noticiasbahia360.com.br\/index.php?rest_route=%2Fwp%2Fv2%2Ftags&post=85609"}],"curies":[{"name":"wp","href":"https:\/\/api.w.org\/{rel}","templated":true}]}}