{"id":85611,"date":"2025-05-10T10:01:03","date_gmt":"2025-05-10T13:01:03","guid":{"rendered":"https:\/\/noticiasbahia360.com.br\/?p=85611"},"modified":"2025-05-10T10:01:03","modified_gmt":"2025-05-10T13:01:03","slug":"arraia-do-berimbau-2025-anuncia-mari-fernandez-toque-dez-e-netto-brito-veja-outras-atracoes","status":"publish","type":"post","link":"https:\/\/noticiasbahia360.com.br\/?p=85611","title":{"rendered":"Arrai\u00e1 do Berimbau 2025 anuncia Mari Fernandez, Toque Dez e Netto Brito; veja outras atra\u00e7\u00f5es"},"content":{"rendered":"<div>\n<div>\n<figure><img decoding=\"async\" src=\"http:\/\/noticiasbahia360.com.br\/wp-content\/uploads\/2025\/05\/atracoes_arraiadoberimbau_acordacidade.jpg\" alt=\"Arrai\u00e1 do Berimbau\"><figcaption>Foto: Arte | Acorda Cidade<\/figcaption><\/figure>\n<\/div>\n<p>A Prefeitura de Concei\u00e7\u00e3o do Jacu\u00edpe, sob a gest\u00e3o da prefeita T\u00e2nia Yoshida, anunciou novas atra\u00e7\u00f5es para o <a href=\"https:\/\/www.acordacidade.com.br\/tag\/sao-joao\/\">S\u00e3o Jo\u00e3o<\/a> da cidade, o tradicional Arrai\u00e1 do Berimbau. A festa acontece de 19 a 23 de junho e promete uma edi\u00e7\u00e3o hist\u00f3rica, com grandes nomes da m\u00fasica nacional e regional.<\/p>\n<p>Durante uma live realizada na \u00faltima quinta-feira (8), nas redes sociais, a prefeita confirmou a participa\u00e7\u00e3o de novas atra\u00e7\u00f5es que refor\u00e7am a diversidade e o peso da programa\u00e7\u00e3o:<\/p>\n<p><strong>Novas atra\u00e7\u00f5es anunciadas:<\/strong><\/p>\n<p>Mari Fernandez<\/p>\n<p>Silvanno Salles<\/p>\n<p>Toque Dez<\/p>\n<p>Kart Love<\/p>\n<p>Estakazero<\/p>\n<p>N\u00fazio Medeiros<\/p>\n<p>Netto Brito<\/p>\n<p>Berg Rabelo<\/p>\n<p>Esses artistas se juntam aos nomes que j\u00e1 haviam sido divulgados anteriormente:<\/p>\n<p><strong>Atra\u00e7\u00f5es j\u00e1 confirmadas:<\/strong><\/p>\n<p>Jorge e Matheus<\/p>\n<p>Fl\u00e1vio Jos\u00e9<\/p>\n<p>L\u00e9o Santana<\/p>\n<p>Z\u00e9 Vaqueiro<\/p>\n<p>Devinho Novaes<\/p>\n<p>Solange Almeida<\/p>\n<p>Simone Mendes<\/p>\n<p>Calcinha Preta<\/p>\n<p>Bell Marques<\/p>\n<p>Daniel Vieira<\/p>\n<p>Matheus Fernandes<\/p>\n<p>Chambinho do Acordeon<\/p>\n<p>Klessinha<\/p>\n<p>Mikael Santos<\/p>\n<p>Concei\u00e7\u00e3o do Jacu\u00edpe est\u00e1 localizada a cerca de 40 km de Feira de Santana e se prepara para receber milhares de visitantes durante os seis dias de evento. Com essa grade, o Arrai\u00e1 do Berimbau se consolida como um dos maiores festejos juninos da Bahia em 2025.<\/p>\n<p><strong>Leia tamb\u00e9m:<\/strong><\/p>\n<p><a href=\"https:\/\/www.acordacidade.com.br\/sao-joao\/prefeita-de-conceicao-do-jacuipe-anuncia-bell-marques-e-mais-cinco-atracoes-para-o-arraia-do-berimbau\/\">Prefeita de Concei\u00e7\u00e3o do Jacu\u00edpe anuncia Bell Marques e mais cinco atra\u00e7\u00f5es para o Arrai\u00e1 do Berimbau<\/a><\/p>\n<p><a href=\"https:\/\/www.acordacidade.com.br\/sao-joao\/divulgadas-mais-cinco-atracoes-do-arraia-do-berimbau-confira\/\">Divulgadas mais cinco atra\u00e7\u00f5es do Arrai\u00e1 do Berimbau; confira<\/a><\/p>\n<p><a href=\"https:\/\/www.acordacidade.com.br\/sao-joao\/dupla-jorge-e-mateus-marca-presenca-no-sao-joao-de-berimbau-primeira-atracao-confirmada\/\">Dupla Jorge e Mateus \u00e9 primeira atra\u00e7\u00e3o confirmada para o S\u00e3o Jo\u00e3o de Berimbau<\/a><\/p>\n<p><em>Siga o Acorda Cidade no<\/em><a href=\"https:\/\/news.google.com\/search?q=acorda%20cidade&amp;hl=pt-BR&amp;gl=BR&amp;ceid=BR%3Apt-419\"><strong><em> Google Not\u00edcias<\/em><\/strong><\/a><em> e receba os principais destaques do dia. Participe tamb\u00e9m dos nossos canais no <\/em><a href=\"https:\/\/whatsapp.com\/channel\/0029Va6Rb4v3WHTNnsh8WI3N\"><strong><em>WhatsApp<\/em><\/strong><\/a><em> e <\/em><a href=\"https:\/\/www.youtube.com\/@acordacidadenoticias\/videos\"><strong>Youtube<\/strong><\/a><em> e grupo de <\/em><a href=\"https:\/\/t.me\/+sSz0khrgARA0ZmRh\"><strong><em>Telegram<\/em><\/strong><\/a><em>.<\/em><\/p>\n<\/div>\n","protected":false},"excerpt":{"rendered":"<div>\n<div>\n<figure><img decoding=\"async\" src=\"https:\/\/uploads.acordacidade.com.br\/2025\/05\/atracoes_arraiadoberimbau_acordacidade.jpg\" alt=\"Arrai\u00e1 do Berimbau\"><figcaption>Foto: Arte | Acorda Cidade<\/figcaption><\/figure>\n<\/div>\n<p>Concei\u00e7\u00e3o do Jacu\u00edpe (Berimbau) est\u00e1 localizada a cerca de 40 km de Feira de Santana.<\/p><\/div>\n","protected":false},"author":1,"featured_media":85612,"comment_status":"closed","ping_status":"closed","sticky":false,"template":"","format":"gallery","meta":{"footnotes":""},"categories":[8,9,6,57,56,10],"tags":[],"class_list":["post-85611","post","type-post","status-publish","format-gallery","has-post-thumbnail","hentry","category-bahia","category-brasil","category-feira-de-santana","category-mundo","category-policia","category-politica","post_format-post-format-gallery"],"featured_image_urls":{"full":["https:\/\/noticiasbahia360.com.br\/wp-content\/uploads\/2025\/05\/atracoes_arraiadoberimbau_acordacidade.jpg",1200,800,false],"thumbnail":["https:\/\/noticiasbahia360.com.br\/wp-content\/uploads\/2025\/05\/atracoes_arraiadoberimbau_acordacidade-150x150.jpg",150,150,true],"medium":["https:\/\/noticiasbahia360.com.br\/wp-content\/uploads\/2025\/05\/atracoes_arraiadoberimbau_acordacidade-300x200.jpg",300,200,true],"medium_large":["https:\/\/noticiasbahia360.com.br\/wp-content\/uploads\/2025\/05\/atracoes_arraiadoberimbau_acordacidade-768x512.jpg",640,427,true],"large":["https:\/\/noticiasbahia360.com.br\/wp-content\/uploads\/2025\/05\/atracoes_arraiadoberimbau_acordacidade-1024x683.jpg",640,427,true],"1536x1536":["https:\/\/noticiasbahia360.com.br\/wp-content\/uploads\/2025\/05\/atracoes_arraiadoberimbau_acordacidade.jpg",1200,800,false],"2048x2048":["https:\/\/noticiasbahia360.com.br\/wp-content\/uploads\/2025\/05\/atracoes_arraiadoberimbau_acordacidade.jpg",1200,800,false],"chromenews-featured":["https:\/\/noticiasbahia360.com.br\/wp-content\/uploads\/2025\/05\/atracoes_arraiadoberimbau_acordacidade-1024x683.jpg",1024,683,true],"chromenews-large":["https:\/\/noticiasbahia360.com.br\/wp-content\/uploads\/2025\/05\/atracoes_arraiadoberimbau_acordacidade-825x575.jpg",825,575,true],"chromenews-medium":["https:\/\/noticiasbahia360.com.br\/wp-content\/uploads\/2025\/05\/atracoes_arraiadoberimbau_acordacidade-590x410.jpg",590,410,true]},"author_info":{"display_name":"noticiasbahia360.com.br","author_link":"https:\/\/noticiasbahia360.com.br\/?author=1"},"category_info":"<a href=\"https:\/\/noticiasbahia360.com.br\/?cat=8\" rel=\"category\">Bahia<\/a> <a href=\"https:\/\/noticiasbahia360.com.br\/?cat=9\" rel=\"category\">Brasil<\/a> <a href=\"https:\/\/noticiasbahia360.com.br\/?cat=6\" rel=\"category\">Feira de Santana<\/a> <a href=\"https:\/\/noticiasbahia360.com.br\/?cat=57\" rel=\"category\">Mundo<\/a> <a href=\"https:\/\/noticiasbahia360.com.br\/?cat=56\" rel=\"category\">Pol\u00edcia<\/a> <a href=\"https:\/\/noticiasbahia360.com.br\/?cat=10\" rel=\"category\">Pol\u00edtica<\/a>","tag_info":"Pol\u00edtica","comment_count":"0","_links":{"self":[{"href":"https:\/\/noticiasbahia360.com.br\/index.php?rest_route=\/wp\/v2\/posts\/85611","targetHints":{"allow":["GET"]}}],"collection":[{"href":"https:\/\/noticiasbahia360.com.br\/index.php?rest_route=\/wp\/v2\/posts"}],"about":[{"href":"https:\/\/noticiasbahia360.com.br\/index.php?rest_route=\/wp\/v2\/types\/post"}],"author":[{"embeddable":true,"href":"https:\/\/noticiasbahia360.com.br\/index.php?rest_route=\/wp\/v2\/users\/1"}],"replies":[{"embeddable":true,"href":"https:\/\/noticiasbahia360.com.br\/index.php?rest_route=%2Fwp%2Fv2%2Fcomments&post=85611"}],"version-history":[{"count":0,"href":"https:\/\/noticiasbahia360.com.br\/index.php?rest_route=\/wp\/v2\/posts\/85611\/revisions"}],"wp:featuredmedia":[{"embeddable":true,"href":"https:\/\/noticiasbahia360.com.br\/index.php?rest_route=\/wp\/v2\/media\/85612"}],"wp:attachment":[{"href":"https:\/\/noticiasbahia360.com.br\/index.php?rest_route=%2Fwp%2Fv2%2Fmedia&parent=85611"}],"wp:term":[{"taxonomy":"category","embeddable":true,"href":"https:\/\/noticiasbahia360.com.br\/index.php?rest_route=%2Fwp%2Fv2%2Fcategories&post=85611"},{"taxonomy":"post_tag","embeddable":true,"href":"https:\/\/noticiasbahia360.com.br\/index.php?rest_route=%2Fwp%2Fv2%2Ftags&post=85611"}],"curies":[{"name":"wp","href":"https:\/\/api.w.org\/{rel}","templated":true}]}}