{"id":85613,"date":"2025-05-10T10:06:17","date_gmt":"2025-05-10T13:06:17","guid":{"rendered":"https:\/\/noticiasbahia360.com.br\/?p=85613"},"modified":"2025-05-10T10:06:17","modified_gmt":"2025-05-10T13:06:17","slug":"campeonato-feirense-de-basquete-tem-inicio-neste-sabado-10","status":"publish","type":"post","link":"https:\/\/noticiasbahia360.com.br\/?p=85613","title":{"rendered":"Campeonato Feirense de Basquete tem in\u00edcio neste s\u00e1bado (10)"},"content":{"rendered":"<div>\n<div>\n<figure><img decoding=\"async\" src=\"http:\/\/noticiasbahia360.com.br\/wp-content\/uploads\/2025\/05\/Bola-de-Basquete-Foto-Freepik.jpg\" alt=\"Bola de Basquete\"><figcaption>Foto: Master1305\/ Freepik <\/figcaption><\/figure>\n<\/div>\n<p>A bola vai subir neste s\u00e1bado (10), \u00e0s 14h, no Gin\u00e1sio de Esportes Joselito Amorim, bairro da Queimadinha, marcando o in\u00edcio do Campeonato Feirense de Basquete, em <a href=\"https:\/\/www.acordacidade.com.br\/tag\/feira-de-santana\/\">Feira de Santana<\/a>. A competi\u00e7\u00e3o contar\u00e1 com quatro partidas distribu\u00eddas em duas categorias: Adulto e 45+.<\/p>\n<figure class=\"wp-block-image size-large\"><img fetchpriority=\"high\" data-dominant-color=\"524c47\" data-has-transparency=\"false\" style=\"--dominant-color: #524c47;\" fetchpriority=\"high\" decoding=\"async\" width=\"1024\" height=\"1024\" sizes=\"(max-width: 1024px) 100vw, 1024px\" src=\"http:\/\/noticiasbahia360.com.br\/wp-content\/uploads\/2025\/05\/LMVGGq8Q-campeonatofeirensedebasquete_divulgacao-1-1024x1024-1.webp\" alt=\"Campeonato Feirense de Basquete\" class=\"wp-image-551805 not-transparent\" srcset=\"https:\/\/uploads.acordacidade.com.br\/2025\/05\/LMVGGq8Q-campeonatofeirensedebasquete_divulgacao-1-300x300.webp 300w, http:\/\/noticiasbahia360.com.br\/wp-content\/uploads\/2025\/05\/LMVGGq8Q-campeonatofeirensedebasquete_divulgacao-1-1024x1024-1.webp 1024w, https:\/\/uploads.acordacidade.com.br\/2025\/05\/LMVGGq8Q-campeonatofeirensedebasquete_divulgacao-1-150x150.webp 150w, https:\/\/uploads.acordacidade.com.br\/2025\/05\/LMVGGq8Q-campeonatofeirensedebasquete_divulgacao-1-768x768.webp 768w, https:\/\/uploads.acordacidade.com.br\/2025\/05\/LMVGGq8Q-campeonatofeirensedebasquete_divulgacao-1-96x96.webp 96w, https:\/\/uploads.acordacidade.com.br\/2025\/05\/LMVGGq8Q-campeonatofeirensedebasquete_divulgacao-1.webp 1200w\"><figcaption class=\"wp-element-caption\">Foto: Divulga\u00e7\u00e3o<\/figcaption><\/figure>\n<p>O evento promete reunir grandes talentos do basquete local, incluindo atletas com t\u00edtulos de campeonatos brasileiros e at\u00e9 campe\u00f5es mundiais. A expectativa \u00e9 de partidas de alto n\u00edvel t\u00e9cnico, destacando a for\u00e7a e a tradi\u00e7\u00e3o do basquete feirense.<\/p>\n<p>O presidente da Associa\u00e7\u00e3o Feirense de Basquetebol, Raimundo Paim, refor\u00e7ou o convite \u00e0 popula\u00e7\u00e3o: \u201cConvidamos toda a comunidade e os amantes do basquete para prestigiar o in\u00edcio do campeonato. Ser\u00e1 uma grande celebra\u00e7\u00e3o do esporte, com atletas de renome mostrando a qualidade do nosso basquetebol.\u201d<\/p>\n<figure class=\"wp-block-image size-large\"><img data-dominant-color=\"5d5750\" data-has-transparency=\"false\" style=\"--dominant-color: #5d5750;\" decoding=\"async\" width=\"1024\" height=\"1024\" sizes=\"(max-width: 1024px) 100vw, 1024px\" src=\"http:\/\/noticiasbahia360.com.br\/wp-content\/uploads\/2025\/05\/isrsK7f7-campeonatofeirensedebasquete_divulgacao-2-1024x1024-1.webp\" alt=\"Campeonato Feirense de Basquete\" class=\"wp-image-551804 not-transparent\" srcset=\"https:\/\/uploads.acordacidade.com.br\/2025\/05\/isrsK7f7-campeonatofeirensedebasquete_divulgacao-2-300x300.webp 300w, http:\/\/noticiasbahia360.com.br\/wp-content\/uploads\/2025\/05\/isrsK7f7-campeonatofeirensedebasquete_divulgacao-2-1024x1024-1.webp 1024w, https:\/\/uploads.acordacidade.com.br\/2025\/05\/isrsK7f7-campeonatofeirensedebasquete_divulgacao-2-150x150.webp 150w, https:\/\/uploads.acordacidade.com.br\/2025\/05\/isrsK7f7-campeonatofeirensedebasquete_divulgacao-2-768x768.webp 768w, https:\/\/uploads.acordacidade.com.br\/2025\/05\/isrsK7f7-campeonatofeirensedebasquete_divulgacao-2-96x96.webp 96w, https:\/\/uploads.acordacidade.com.br\/2025\/05\/isrsK7f7-campeonatofeirensedebasquete_divulgacao-2.webp 1200w\"><figcaption class=\"wp-element-caption\">Foto: Divulga\u00e7\u00e3o<\/figcaption><\/figure>\n<p>A entrada \u00e9 gratuita, e o p\u00fablico poder\u00e1 acompanhar de perto a abertura da temporada, que promete movimentar o cen\u00e1rio esportivo da cidade.<\/p>\n<p><em>Siga o Acorda Cidade no<\/em><a href=\"https:\/\/news.google.com\/search?q=acorda%20cidade&amp;hl=pt-BR&amp;gl=BR&amp;ceid=BR%3Apt-419\"><strong><em> Google Not\u00edcias<\/em><\/strong><\/a><em> e receba os principais destaques do dia. Participe tamb\u00e9m dos nossos canais no <\/em><a href=\"https:\/\/whatsapp.com\/channel\/0029Va6Rb4v3WHTNnsh8WI3N\"><strong><em>WhatsApp<\/em><\/strong><\/a><em> e <\/em><a href=\"https:\/\/www.youtube.com\/@acordacidadenoticias\/videos\"><strong>Youtube<\/strong><\/a><em> e grupo de <\/em><a href=\"https:\/\/t.me\/+sSz0khrgARA0ZmRh\"><strong><em>Telegram<\/em><\/strong><\/a><em>.<\/em><\/p>\n<\/div>\n","protected":false},"excerpt":{"rendered":"<div>\n<div>\n<figure><img decoding=\"async\" src=\"https:\/\/www.acordacidade.com.br\/wp-content\/uploads\/2024\/05\/Bola-de-Basquete-Foto-Freepik.jpg\" alt=\"Bola de Basquete\"><figcaption>Foto: Master1305\/ Freepik <\/figcaption><\/figure>\n<\/div>\n<p>O presidente da Associa\u00e7\u00e3o Feirense de Basquetebol, Raimundo Paim, refor\u00e7ou o convite \u00e0 popula\u00e7\u00e3o.<\/p><\/div>\n","protected":false},"author":1,"featured_media":85614,"comment_status":"closed","ping_status":"closed","sticky":false,"template":"","format":"gallery","meta":{"footnotes":""},"categories":[8,9,6,57,56,10],"tags":[],"class_list":["post-85613","post","type-post","status-publish","format-gallery","has-post-thumbnail","hentry","category-bahia","category-brasil","category-feira-de-santana","category-mundo","category-policia","category-politica","post_format-post-format-gallery"],"featured_image_urls":{"full":["https:\/\/noticiasbahia360.com.br\/wp-content\/uploads\/2025\/05\/Bola-de-Basquete-Foto-Freepik.jpg",640,426,false],"thumbnail":["https:\/\/noticiasbahia360.com.br\/wp-content\/uploads\/2025\/05\/Bola-de-Basquete-Foto-Freepik-150x150.jpg",150,150,true],"medium":["https:\/\/noticiasbahia360.com.br\/wp-content\/uploads\/2025\/05\/Bola-de-Basquete-Foto-Freepik-300x200.jpg",300,200,true],"medium_large":["https:\/\/noticiasbahia360.com.br\/wp-content\/uploads\/2025\/05\/Bola-de-Basquete-Foto-Freepik.jpg",640,426,false],"large":["https:\/\/noticiasbahia360.com.br\/wp-content\/uploads\/2025\/05\/Bola-de-Basquete-Foto-Freepik.jpg",640,426,false],"1536x1536":["https:\/\/noticiasbahia360.com.br\/wp-content\/uploads\/2025\/05\/Bola-de-Basquete-Foto-Freepik.jpg",640,426,false],"2048x2048":["https:\/\/noticiasbahia360.com.br\/wp-content\/uploads\/2025\/05\/Bola-de-Basquete-Foto-Freepik.jpg",640,426,false],"chromenews-featured":["https:\/\/noticiasbahia360.com.br\/wp-content\/uploads\/2025\/05\/Bola-de-Basquete-Foto-Freepik.jpg",640,426,false],"chromenews-large":["https:\/\/noticiasbahia360.com.br\/wp-content\/uploads\/2025\/05\/Bola-de-Basquete-Foto-Freepik.jpg",640,426,false],"chromenews-medium":["https:\/\/noticiasbahia360.com.br\/wp-content\/uploads\/2025\/05\/Bola-de-Basquete-Foto-Freepik-590x410.jpg",590,410,true]},"author_info":{"display_name":"noticiasbahia360.com.br","author_link":"https:\/\/noticiasbahia360.com.br\/?author=1"},"category_info":"<a href=\"https:\/\/noticiasbahia360.com.br\/?cat=8\" rel=\"category\">Bahia<\/a> <a href=\"https:\/\/noticiasbahia360.com.br\/?cat=9\" rel=\"category\">Brasil<\/a> <a href=\"https:\/\/noticiasbahia360.com.br\/?cat=6\" rel=\"category\">Feira de Santana<\/a> <a href=\"https:\/\/noticiasbahia360.com.br\/?cat=57\" rel=\"category\">Mundo<\/a> <a href=\"https:\/\/noticiasbahia360.com.br\/?cat=56\" rel=\"category\">Pol\u00edcia<\/a> <a href=\"https:\/\/noticiasbahia360.com.br\/?cat=10\" rel=\"category\">Pol\u00edtica<\/a>","tag_info":"Pol\u00edtica","comment_count":"0","_links":{"self":[{"href":"https:\/\/noticiasbahia360.com.br\/index.php?rest_route=\/wp\/v2\/posts\/85613","targetHints":{"allow":["GET"]}}],"collection":[{"href":"https:\/\/noticiasbahia360.com.br\/index.php?rest_route=\/wp\/v2\/posts"}],"about":[{"href":"https:\/\/noticiasbahia360.com.br\/index.php?rest_route=\/wp\/v2\/types\/post"}],"author":[{"embeddable":true,"href":"https:\/\/noticiasbahia360.com.br\/index.php?rest_route=\/wp\/v2\/users\/1"}],"replies":[{"embeddable":true,"href":"https:\/\/noticiasbahia360.com.br\/index.php?rest_route=%2Fwp%2Fv2%2Fcomments&post=85613"}],"version-history":[{"count":0,"href":"https:\/\/noticiasbahia360.com.br\/index.php?rest_route=\/wp\/v2\/posts\/85613\/revisions"}],"wp:featuredmedia":[{"embeddable":true,"href":"https:\/\/noticiasbahia360.com.br\/index.php?rest_route=\/wp\/v2\/media\/85614"}],"wp:attachment":[{"href":"https:\/\/noticiasbahia360.com.br\/index.php?rest_route=%2Fwp%2Fv2%2Fmedia&parent=85613"}],"wp:term":[{"taxonomy":"category","embeddable":true,"href":"https:\/\/noticiasbahia360.com.br\/index.php?rest_route=%2Fwp%2Fv2%2Fcategories&post=85613"},{"taxonomy":"post_tag","embeddable":true,"href":"https:\/\/noticiasbahia360.com.br\/index.php?rest_route=%2Fwp%2Fv2%2Ftags&post=85613"}],"curies":[{"name":"wp","href":"https:\/\/api.w.org\/{rel}","templated":true}]}}