{"id":85623,"date":"2025-05-10T11:31:51","date_gmt":"2025-05-10T14:31:51","guid":{"rendered":"https:\/\/noticiasbahia360.com.br\/?p=85623"},"modified":"2025-05-10T11:31:51","modified_gmt":"2025-05-10T14:31:51","slug":"cdl-feira-celebra-63-anos-reforcando-inovacao-renovacao-e-uniao-do-comercio-local","status":"publish","type":"post","link":"https:\/\/noticiasbahia360.com.br\/?p=85623","title":{"rendered":"CDL Feira celebra 63 anos refor\u00e7ando inova\u00e7\u00e3o, renova\u00e7\u00e3o e uni\u00e3o do com\u00e9rcio local"},"content":{"rendered":"<div>\n<div>\n<figure><img decoding=\"async\" src=\"http:\/\/noticiasbahia360.com.br\/wp-content\/uploads\/2025\/05\/CDL-Foto-Ney-Silva-Acorda-Cidade.jpg\" alt=\"CDL Feira de Santana\"><figcaption>Foto: Ney Silva\/Acorda Cidade<\/figcaption><\/figure>\n<\/div>\n<p>A C\u00e2mara de Dirigentes Lojistas (CDL) de <a href=\"https:\/\/www.acordacidade.com.br\/tag\/feira-de-santana\/\">Feira de Santana<\/a> comemorou, na \u00faltima quinta-feira (8), 63 anos de contribui\u00e7\u00e3o decisiva para o fortalecimento do com\u00e9rcio local. Em constante evolu\u00e7\u00e3o, a entidade alia tradi\u00e7\u00e3o e inova\u00e7\u00e3o para enfrentar os desafios do varejo moderno e projeta um futuro ainda mais promissor com a renova\u00e7\u00e3o da CDL Jovem e a expectativa da Miss\u00e3o Bras\u00edlia 2025.<\/p>\n<p>\u00c0 frente da CDL, o presidente Juscelino Brito destaca o papel do associativismo como motor das transforma\u00e7\u00f5es positivas que a entidade promove h\u00e1 mais de seis d\u00e9cadas. \u201cA CDL \u00e9 uma institui\u00e7\u00e3o respeitada e presente na vida do com\u00e9rcio de Feira. Nosso maior desejo \u00e9 seguir crescendo com o apoio de mais empres\u00e1rios, para que a nossa voz seja ainda mais forte. Unidos, conseguimos fazer mais pela cidade e pelo setor lojista\u201d, afirma.<\/p>\n<p>A nova diretoria da CDL Jovem, que tomou posse nesta quinta-feira (8), \u00e9 celebrada como s\u00edmbolo de renova\u00e7\u00e3o e dinamismo. Para Juscelino, a presen\u00e7a da juventude empreendedora \u00e9 um sinal de vitalidade e comprometimento com o futuro. \u201cTemos uma gera\u00e7\u00e3o preparada e disposta a contribuir. Isso fortalece ainda mais nosso trabalho e nos d\u00e1 \u00e2nimo para continuar inovando\u201d, refor\u00e7a.<\/p>\n<p>A inova\u00e7\u00e3o, inclusive, tem sido uma das prioridades da CDL, que tem intensificado suas a\u00e7\u00f5es voltadas \u00e0 qualifica\u00e7\u00e3o dos lojistas e \u00e0 dissemina\u00e7\u00e3o de conhecimentos sobre tecnologia e Intelig\u00eancia Artificial. Eventos como o P\u00f3s-NRF, realizado por diversos anos com foco nas tend\u00eancias do varejo internacional, e o recente congresso Cen\u00e1rios e Tend\u00eancias, s\u00e3o exemplos do compromisso da entidade com a atualiza\u00e7\u00e3o constante. Ainda neste m\u00eas de maio, dia 20, ser\u00e1 promovido \u201cVendas SEm Limites\u201d, um novo evento voltado a estrat\u00e9gias de vendas com o uso da IA, refor\u00e7ando a miss\u00e3o da CDL de preparar os empres\u00e1rios para um mercado em transforma\u00e7\u00e3o.<\/p>\n<p>\u201cPercebemos que muitos lojistas ainda enfrentam resist\u00eancia ao uso da tecnologia, especialmente a Intelig\u00eancia Artificial, por falta de informa\u00e7\u00e3o ou por receio. Nosso papel \u00e9 justamente aproximar esse conhecimento, mostrar o que \u00e9 poss\u00edvel e garantir que ningu\u00e9m fique de fora dessa revolu\u00e7\u00e3o no varejo\u201d, destaca Juscelino Brito.<\/p>\n<p>A CDL tamb\u00e9m segue com campanhas tradicionais e de grande impacto, como a L\u00edquida Feira, Super Pr\u00eamio, Natal de Pr\u00eamios e Sorte na Garagem, al\u00e9m de projetos como o Momento Experi\u00eancia, que aproxima empres\u00e1rios em encontros inspiradores. A prepara\u00e7\u00e3o para a Miss\u00e3o Bras\u00edlia 2025 j\u00e1 est\u00e1 em andamento, reafirmando o compromisso da entidade em buscar novos caminhos para o crescimento de Feira de Santana.<\/p>\n<p><em>Siga o Acorda Cidade no<\/em><a href=\"https:\/\/news.google.com\/search?q=acorda%20cidade&amp;hl=pt-BR&amp;gl=BR&amp;ceid=BR%3Apt-419\"><strong><em> Google Not\u00edcias<\/em><\/strong><\/a><em> e receba os principais destaques do dia. Participe tamb\u00e9m dos nossos canais no <\/em><a href=\"https:\/\/whatsapp.com\/channel\/0029Va6Rb4v3WHTNnsh8WI3N\"><strong><em>WhatsApp<\/em><\/strong><\/a><em> e <\/em><a href=\"https:\/\/www.youtube.com\/@acordacidadenoticias\/videos\"><strong>Youtube<\/strong><\/a><em> e grupo de <\/em><a href=\"https:\/\/t.me\/+sSz0khrgARA0ZmRh\"><strong><em>Telegram<\/em><\/strong><\/a><em>.<\/em><\/p>\n<\/div>\n","protected":false},"excerpt":{"rendered":"<div>\n<div>\n<figure><img decoding=\"async\" src=\"https:\/\/uploads.acordacidade.com.br\/wp-content\/uploads\/2023\/03\/22172539\/CDL-Foto-Ney-Silva-Acorda-Cidade.jpg\" alt=\"CDL Feira de Santana\"><figcaption>Foto: Ney Silva\/Acorda Cidade<\/figcaption><\/figure>\n<\/div>\n<p>A nova diretoria da CDL Jovem, \u00e9 celebrada como s\u00edmbolo de renova\u00e7\u00e3o e dinamismo.<\/p><\/div>\n","protected":false},"author":1,"featured_media":85624,"comment_status":"closed","ping_status":"closed","sticky":false,"template":"","format":"gallery","meta":{"footnotes":""},"categories":[8,9,6,57,56,10],"tags":[],"class_list":["post-85623","post","type-post","status-publish","format-gallery","has-post-thumbnail","hentry","category-bahia","category-brasil","category-feira-de-santana","category-mundo","category-policia","category-politica","post_format-post-format-gallery"],"featured_image_urls":{"full":["https:\/\/noticiasbahia360.com.br\/wp-content\/uploads\/2025\/05\/CDL-Foto-Ney-Silva-Acorda-Cidade.jpg",640,480,false],"thumbnail":["https:\/\/noticiasbahia360.com.br\/wp-content\/uploads\/2025\/05\/CDL-Foto-Ney-Silva-Acorda-Cidade-150x150.jpg",150,150,true],"medium":["https:\/\/noticiasbahia360.com.br\/wp-content\/uploads\/2025\/05\/CDL-Foto-Ney-Silva-Acorda-Cidade-300x225.jpg",300,225,true],"medium_large":["https:\/\/noticiasbahia360.com.br\/wp-content\/uploads\/2025\/05\/CDL-Foto-Ney-Silva-Acorda-Cidade.jpg",640,480,false],"large":["https:\/\/noticiasbahia360.com.br\/wp-content\/uploads\/2025\/05\/CDL-Foto-Ney-Silva-Acorda-Cidade.jpg",640,480,false],"1536x1536":["https:\/\/noticiasbahia360.com.br\/wp-content\/uploads\/2025\/05\/CDL-Foto-Ney-Silva-Acorda-Cidade.jpg",640,480,false],"2048x2048":["https:\/\/noticiasbahia360.com.br\/wp-content\/uploads\/2025\/05\/CDL-Foto-Ney-Silva-Acorda-Cidade.jpg",640,480,false],"chromenews-featured":["https:\/\/noticiasbahia360.com.br\/wp-content\/uploads\/2025\/05\/CDL-Foto-Ney-Silva-Acorda-Cidade.jpg",640,480,false],"chromenews-large":["https:\/\/noticiasbahia360.com.br\/wp-content\/uploads\/2025\/05\/CDL-Foto-Ney-Silva-Acorda-Cidade.jpg",640,480,false],"chromenews-medium":["https:\/\/noticiasbahia360.com.br\/wp-content\/uploads\/2025\/05\/CDL-Foto-Ney-Silva-Acorda-Cidade-590x410.jpg",590,410,true]},"author_info":{"display_name":"noticiasbahia360.com.br","author_link":"https:\/\/noticiasbahia360.com.br\/?author=1"},"category_info":"<a href=\"https:\/\/noticiasbahia360.com.br\/?cat=8\" rel=\"category\">Bahia<\/a> <a href=\"https:\/\/noticiasbahia360.com.br\/?cat=9\" rel=\"category\">Brasil<\/a> <a href=\"https:\/\/noticiasbahia360.com.br\/?cat=6\" rel=\"category\">Feira de Santana<\/a> <a href=\"https:\/\/noticiasbahia360.com.br\/?cat=57\" rel=\"category\">Mundo<\/a> <a href=\"https:\/\/noticiasbahia360.com.br\/?cat=56\" rel=\"category\">Pol\u00edcia<\/a> <a href=\"https:\/\/noticiasbahia360.com.br\/?cat=10\" rel=\"category\">Pol\u00edtica<\/a>","tag_info":"Pol\u00edtica","comment_count":"0","_links":{"self":[{"href":"https:\/\/noticiasbahia360.com.br\/index.php?rest_route=\/wp\/v2\/posts\/85623","targetHints":{"allow":["GET"]}}],"collection":[{"href":"https:\/\/noticiasbahia360.com.br\/index.php?rest_route=\/wp\/v2\/posts"}],"about":[{"href":"https:\/\/noticiasbahia360.com.br\/index.php?rest_route=\/wp\/v2\/types\/post"}],"author":[{"embeddable":true,"href":"https:\/\/noticiasbahia360.com.br\/index.php?rest_route=\/wp\/v2\/users\/1"}],"replies":[{"embeddable":true,"href":"https:\/\/noticiasbahia360.com.br\/index.php?rest_route=%2Fwp%2Fv2%2Fcomments&post=85623"}],"version-history":[{"count":0,"href":"https:\/\/noticiasbahia360.com.br\/index.php?rest_route=\/wp\/v2\/posts\/85623\/revisions"}],"wp:featuredmedia":[{"embeddable":true,"href":"https:\/\/noticiasbahia360.com.br\/index.php?rest_route=\/wp\/v2\/media\/85624"}],"wp:attachment":[{"href":"https:\/\/noticiasbahia360.com.br\/index.php?rest_route=%2Fwp%2Fv2%2Fmedia&parent=85623"}],"wp:term":[{"taxonomy":"category","embeddable":true,"href":"https:\/\/noticiasbahia360.com.br\/index.php?rest_route=%2Fwp%2Fv2%2Fcategories&post=85623"},{"taxonomy":"post_tag","embeddable":true,"href":"https:\/\/noticiasbahia360.com.br\/index.php?rest_route=%2Fwp%2Fv2%2Ftags&post=85623"}],"curies":[{"name":"wp","href":"https:\/\/api.w.org\/{rel}","templated":true}]}}