{"id":85625,"date":"2025-05-10T11:31:52","date_gmt":"2025-05-10T14:31:52","guid":{"rendered":"https:\/\/noticiasbahia360.com.br\/?p=85625"},"modified":"2025-05-10T11:31:52","modified_gmt":"2025-05-10T14:31:52","slug":"policial-baleado-em-salvador-recebe-alta","status":"publish","type":"post","link":"https:\/\/noticiasbahia360.com.br\/?p=85625","title":{"rendered":"Policial baleado em Salvador recebe alta"},"content":{"rendered":"<div>\n<div>\n<figure><img decoding=\"async\" src=\"http:\/\/noticiasbahia360.com.br\/wp-content\/uploads\/2025\/05\/cabodavidnoto_thiagoteixeira.jpg\" alt=\"Cabo David Noto\"><figcaption>Thiago Teixeira\/Bnews<\/figcaption><\/figure>\n<\/div>\n<p>O cabo David Noto, da Pol\u00edcia Militar, recebeu alta hospitalar ap\u00f3s ter sido baleado durante um assalto na manh\u00e3 da \u00faltima sexta-feira (9), no bairro de Patamares, em <a href=\"https:\/\/www.acordacidade.com.br\/tag\/salvador-3\/\">Salvador<\/a>. Ele realizava patrulhamento de bicicleta quando foi atingido durante a rea\u00e7\u00e3o dos suspeitos \u00e0 a\u00e7\u00e3o policial.<\/p>\n<p>Socorrido rapidamente, o policial foi levado ao Hospital Geral Roberto Santos (HGRS), onde recebeu atendimento m\u00e9dico. Segundo informa\u00e7\u00f5es obtidas pelo BNews, o capacete utilizado por David ajudou a amortecer o impacto do tiro.<\/p>\n<p>A Pol\u00edcia Militar informou que o cabo recebeu alta por volta das 19h do mesmo dia e j\u00e1 se recupera em casa, ao lado da fam\u00edlia. \u201cA Pol\u00edcia Militar da Bahia seguir\u00e1 oferecendo todo o suporte necess\u00e1rio para seu pleno restabelecimento\u201d, destacou a corpora\u00e7\u00e3o em nota.<\/p>\n<p><em>Siga o Acorda Cidade no<\/em><a href=\"https:\/\/news.google.com\/search?q=acorda%20cidade&amp;hl=pt-BR&amp;gl=BR&amp;ceid=BR%3Apt-419\"><strong><em> Google Not\u00edcias<\/em><\/strong><\/a><em> e receba os principais destaques do dia. Participe tamb\u00e9m dos nossos canais no <\/em><a href=\"https:\/\/whatsapp.com\/channel\/0029Va6Rb4v3WHTNnsh8WI3N\"><strong><em>WhatsApp<\/em><\/strong><\/a><em> e <\/em><a href=\"https:\/\/www.youtube.com\/@acordacidadenoticias\/videos\"><strong>Youtube<\/strong><\/a><em> e grupo de <\/em><a href=\"https:\/\/t.me\/+sSz0khrgARA0ZmRh\"><strong><em>Telegram<\/em><\/strong><\/a><em>.<\/em><\/p>\n<\/div>\n","protected":false},"excerpt":{"rendered":"<div>\n<div>\n<figure><img decoding=\"async\" src=\"https:\/\/uploads.acordacidade.com.br\/2025\/05\/cabodavidnoto_thiagoteixeira.jpg\" alt=\"Cabo David Noto\"><figcaption>Thiago Teixeira\/Bnews<\/figcaption><\/figure>\n<\/div>\n<p>Ele realizava patrulhamento de bicicleta quando foi atingido durante a rea\u00e7\u00e3o dos suspeitos \u00e0 a\u00e7\u00e3o policial.<\/p><\/div>\n","protected":false},"author":1,"featured_media":85626,"comment_status":"closed","ping_status":"closed","sticky":false,"template":"","format":"gallery","meta":{"footnotes":""},"categories":[8,9,6,57,56,10],"tags":[],"class_list":["post-85625","post","type-post","status-publish","format-gallery","has-post-thumbnail","hentry","category-bahia","category-brasil","category-feira-de-santana","category-mundo","category-policia","category-politica","post_format-post-format-gallery"],"featured_image_urls":{"full":["https:\/\/noticiasbahia360.com.br\/wp-content\/uploads\/2025\/05\/cabodavidnoto_thiagoteixeira.jpg",800,450,false],"thumbnail":["https:\/\/noticiasbahia360.com.br\/wp-content\/uploads\/2025\/05\/cabodavidnoto_thiagoteixeira-150x150.jpg",150,150,true],"medium":["https:\/\/noticiasbahia360.com.br\/wp-content\/uploads\/2025\/05\/cabodavidnoto_thiagoteixeira-300x169.jpg",300,169,true],"medium_large":["https:\/\/noticiasbahia360.com.br\/wp-content\/uploads\/2025\/05\/cabodavidnoto_thiagoteixeira-768x432.jpg",640,360,true],"large":["https:\/\/noticiasbahia360.com.br\/wp-content\/uploads\/2025\/05\/cabodavidnoto_thiagoteixeira.jpg",640,360,false],"1536x1536":["https:\/\/noticiasbahia360.com.br\/wp-content\/uploads\/2025\/05\/cabodavidnoto_thiagoteixeira.jpg",800,450,false],"2048x2048":["https:\/\/noticiasbahia360.com.br\/wp-content\/uploads\/2025\/05\/cabodavidnoto_thiagoteixeira.jpg",800,450,false],"chromenews-featured":["https:\/\/noticiasbahia360.com.br\/wp-content\/uploads\/2025\/05\/cabodavidnoto_thiagoteixeira.jpg",800,450,false],"chromenews-large":["https:\/\/noticiasbahia360.com.br\/wp-content\/uploads\/2025\/05\/cabodavidnoto_thiagoteixeira.jpg",800,450,false],"chromenews-medium":["https:\/\/noticiasbahia360.com.br\/wp-content\/uploads\/2025\/05\/cabodavidnoto_thiagoteixeira-590x410.jpg",590,410,true]},"author_info":{"display_name":"noticiasbahia360.com.br","author_link":"https:\/\/noticiasbahia360.com.br\/?author=1"},"category_info":"<a href=\"https:\/\/noticiasbahia360.com.br\/?cat=8\" rel=\"category\">Bahia<\/a> <a href=\"https:\/\/noticiasbahia360.com.br\/?cat=9\" rel=\"category\">Brasil<\/a> <a href=\"https:\/\/noticiasbahia360.com.br\/?cat=6\" rel=\"category\">Feira de Santana<\/a> <a href=\"https:\/\/noticiasbahia360.com.br\/?cat=57\" rel=\"category\">Mundo<\/a> <a href=\"https:\/\/noticiasbahia360.com.br\/?cat=56\" rel=\"category\">Pol\u00edcia<\/a> <a href=\"https:\/\/noticiasbahia360.com.br\/?cat=10\" rel=\"category\">Pol\u00edtica<\/a>","tag_info":"Pol\u00edtica","comment_count":"0","_links":{"self":[{"href":"https:\/\/noticiasbahia360.com.br\/index.php?rest_route=\/wp\/v2\/posts\/85625","targetHints":{"allow":["GET"]}}],"collection":[{"href":"https:\/\/noticiasbahia360.com.br\/index.php?rest_route=\/wp\/v2\/posts"}],"about":[{"href":"https:\/\/noticiasbahia360.com.br\/index.php?rest_route=\/wp\/v2\/types\/post"}],"author":[{"embeddable":true,"href":"https:\/\/noticiasbahia360.com.br\/index.php?rest_route=\/wp\/v2\/users\/1"}],"replies":[{"embeddable":true,"href":"https:\/\/noticiasbahia360.com.br\/index.php?rest_route=%2Fwp%2Fv2%2Fcomments&post=85625"}],"version-history":[{"count":0,"href":"https:\/\/noticiasbahia360.com.br\/index.php?rest_route=\/wp\/v2\/posts\/85625\/revisions"}],"wp:featuredmedia":[{"embeddable":true,"href":"https:\/\/noticiasbahia360.com.br\/index.php?rest_route=\/wp\/v2\/media\/85626"}],"wp:attachment":[{"href":"https:\/\/noticiasbahia360.com.br\/index.php?rest_route=%2Fwp%2Fv2%2Fmedia&parent=85625"}],"wp:term":[{"taxonomy":"category","embeddable":true,"href":"https:\/\/noticiasbahia360.com.br\/index.php?rest_route=%2Fwp%2Fv2%2Fcategories&post=85625"},{"taxonomy":"post_tag","embeddable":true,"href":"https:\/\/noticiasbahia360.com.br\/index.php?rest_route=%2Fwp%2Fv2%2Ftags&post=85625"}],"curies":[{"name":"wp","href":"https:\/\/api.w.org\/{rel}","templated":true}]}}