{"id":85627,"date":"2025-05-10T12:53:26","date_gmt":"2025-05-10T15:53:26","guid":{"rendered":"https:\/\/noticiasbahia360.com.br\/?p=85627"},"modified":"2025-05-10T12:53:26","modified_gmt":"2025-05-10T15:53:26","slug":"conheca-emylle-carneiro-miss-brasil-de-las-americas-que-mora-em-feira-de-santana","status":"publish","type":"post","link":"https:\/\/noticiasbahia360.com.br\/?p=85627","title":{"rendered":"Conhe\u00e7a Emylle Carneiro, Miss Brasil de Las Am\u00e9ricas que mora em Feira de Santana"},"content":{"rendered":"<div>\n<div>\n<figure><img decoding=\"async\" src=\"http:\/\/noticiasbahia360.com.br\/wp-content\/uploads\/2025\/05\/conheca-Emylle-Carneiro-Miss-Brasil-de-Las-Americas2.jpg\" alt=\"conhe\u00e7a Emylle Carneiro, Miss Brasil de Las Am\u00e9ricas2\"><figcaption>Foto: Arquivo Pessoal<\/figcaption><\/figure>\n<\/div>\n<p>Moradora do bairro Campo Limpo, em Feira de Santana, Emylle Carneiro Sampaio Matos, 28 anos, \u00e9 a atual Miss Brasil de Las Am\u00e9ricas. Ela tem quatro irm\u00e3os \u00e9 casada e m\u00e3e de um menino de 7 anos. Segundo a miss, o filho e o marido s\u00e3o seus principais incentivadores, al\u00e9m dos pais. Ao Acorda Cidade ela falou como \u00e9 ser uma miss casada e m\u00e3e.<\/p>\n<p>\u201cN\u00e3o \u00e9 a primeira vez que participo de concurso de beleza, desde que abriu oportunidade para mulheres casadas e m\u00e3es, eu comecei a participar. S\u00e3o poucas oportunidades que tem para gente, mulheres casadas e m\u00e3e. Em 2023 participei de alguns concursos, assim como em 2024, totalizando cinco anteriores ao Miss Brasil de Las Am\u00e9ricas\u201d, disse.<\/p>\n<figure class=\"wp-block-image size-large is-resized\"><img fetchpriority=\"high\" data-dominant-color=\"281e22\" data-has-transparency=\"false\" decoding=\"async\" width=\"732\" height=\"1024\" sizes=\"(max-width: 732px) 100vw, 732px\" src=\"http:\/\/noticiasbahia360.com.br\/wp-content\/uploads\/2025\/05\/7vwhD1oU-conheca-Emylle-Carneiro-Miss-Brasil-de-Las-Americas3-732x1024-1.webp\" alt=\"conhe\u00e7a Emylle Carneiro, Miss Brasil de Las Am\u00e9ricas\" class=\"wp-image-551191 not-transparent\" style=\"--dominant-color: #281e22; width:840px;height:auto\" srcset=\"https:\/\/uploads.acordacidade.com.br\/2025\/05\/7vwhD1oU-conheca-Emylle-Carneiro-Miss-Brasil-de-Las-Americas3-215x300.webp 215w, http:\/\/noticiasbahia360.com.br\/wp-content\/uploads\/2025\/05\/7vwhD1oU-conheca-Emylle-Carneiro-Miss-Brasil-de-Las-Americas3-732x1024-1.webp 732w, https:\/\/uploads.acordacidade.com.br\/2025\/05\/7vwhD1oU-conheca-Emylle-Carneiro-Miss-Brasil-de-Las-Americas3-768x1074.webp 768w, https:\/\/uploads.acordacidade.com.br\/2025\/05\/7vwhD1oU-conheca-Emylle-Carneiro-Miss-Brasil-de-Las-Americas3-1098x1536.webp 1098w, https:\/\/uploads.acordacidade.com.br\/2025\/05\/7vwhD1oU-conheca-Emylle-Carneiro-Miss-Brasil-de-Las-Americas3-150x210.webp 150w, https:\/\/uploads.acordacidade.com.br\/2025\/05\/7vwhD1oU-conheca-Emylle-Carneiro-Miss-Brasil-de-Las-Americas3.webp 1200w\"><figcaption class=\"wp-element-caption\">Foto: Arquivo Pessoal<\/figcaption><\/figure>\n<p>Este tamb\u00e9m n\u00e3o \u00e9 o primeiro t\u00edtulo de Emylle. Ela j\u00e1 ganhou t\u00edtulo de Miss Beleza 2023 e de Miss Riach\u00e3o em 2024. A miss conta sua rela\u00e7\u00e3o com a cidade de Riach\u00e3o do Jacu\u00edpe. \u201c\u00c9 minha cidade natal, mas nasci l\u00e1 s\u00f3 de passagem quando minha m\u00e3e foi visitar minha av\u00f3. A vida toda morei em Feira\u201d.<\/p>\n<h2 class=\"wp-block-heading\" id=\"h-desafios\">Desafios<\/h2>\n<p>Por traz de toda beleza e sofistica\u00e7\u00e3o exibidos nos concursos de miss, Emylle Carneiro lembra tamb\u00e9m que existem desafios, especialmente para as mulheres que s\u00e3o m\u00e3es e casadas.<\/p>\n<figure class=\"wp-block-image size-large\"><img data-dominant-color=\"96868f\" data-has-transparency=\"false\" style=\"--dominant-color: #96868f;\" decoding=\"async\" width=\"1024\" height=\"771\" sizes=\"(max-width: 1024px) 100vw, 1024px\" src=\"http:\/\/noticiasbahia360.com.br\/wp-content\/uploads\/2025\/05\/Pv2ODNNU-conheca-Emylle-Carneiro-Miss-Brasil-de-Las-Americas-1024x771-1.webp\" alt=\"\" class=\"wp-image-551192 not-transparent\" srcset=\"https:\/\/uploads.acordacidade.com.br\/2025\/05\/Pv2ODNNU-conheca-Emylle-Carneiro-Miss-Brasil-de-Las-Americas-300x226.webp 300w, http:\/\/noticiasbahia360.com.br\/wp-content\/uploads\/2025\/05\/Pv2ODNNU-conheca-Emylle-Carneiro-Miss-Brasil-de-Las-Americas-1024x771-1.webp 1024w, https:\/\/uploads.acordacidade.com.br\/2025\/05\/Pv2ODNNU-conheca-Emylle-Carneiro-Miss-Brasil-de-Las-Americas-768x578.webp 768w, https:\/\/uploads.acordacidade.com.br\/2025\/05\/Pv2ODNNU-conheca-Emylle-Carneiro-Miss-Brasil-de-Las-Americas-150x113.webp 150w, https:\/\/uploads.acordacidade.com.br\/2025\/05\/Pv2ODNNU-conheca-Emylle-Carneiro-Miss-Brasil-de-Las-Americas.webp 1200w\"><figcaption class=\"wp-element-caption\">Foto: Arquivo Pessoal<\/figcaption><\/figure>\n<p>\u201cA facilidade de uma mulher solteira de conseguir ganhar um concurso de miss \u00e9 maior que de uma mulher casada. A mulher casada tem v\u00e1rios compromissos, tem que levar os filhos na escola, por exemplo, ent\u00e3o a gente acaba se apertando um pouco mais e n\u00e3o se entrega 100% ao concurso\u201d, analisou.<\/p>\n<p>Segundo ela, para chegar \u00e0 vit\u00f3ria foram necess\u00e1rios muitos ensaios de passarela, muitos treinos de orat\u00f3ria, al\u00e9m de muita dedica\u00e7\u00e3o. A miss destacou que com a visibilidade que o concurso proporciona, ela pretende atuar na causa das pessoas em situa\u00e7\u00e3o de vulnerabilidade. \u201cTemos v\u00e1rias institui\u00e7\u00f5es na cidade, entre elas a AAPC. A partir do momento que nos tornamos pessoas p\u00fablicas, acho importante desenvolver esse papel\u201d.<\/p>\n<figure class=\"wp-block-image size-large\"><img data-dominant-color=\"896f5d\" data-has-transparency=\"false\" style=\"--dominant-color: #896f5d;\" decoding=\"async\" width=\"932\" height=\"1024\" sizes=\"(max-width: 932px) 100vw, 932px\" src=\"http:\/\/noticiasbahia360.com.br\/wp-content\/uploads\/2025\/05\/pkhNRdMu-conheca-Emylle-Carneiro-Miss-Brasil-de-Las-Americas1-932x1024-1.webp\" alt=\"conhe\u00e7a Emylle Carneiro, Miss Brasil de Las Am\u00e9ricas\" class=\"wp-image-551194 not-transparent\" srcset=\"https:\/\/uploads.acordacidade.com.br\/2025\/05\/pkhNRdMu-conheca-Emylle-Carneiro-Miss-Brasil-de-Las-Americas1-273x300.webp 273w, http:\/\/noticiasbahia360.com.br\/wp-content\/uploads\/2025\/05\/pkhNRdMu-conheca-Emylle-Carneiro-Miss-Brasil-de-Las-Americas1-932x1024-1.webp 932w, https:\/\/uploads.acordacidade.com.br\/2025\/05\/pkhNRdMu-conheca-Emylle-Carneiro-Miss-Brasil-de-Las-Americas1-768x844.webp 768w, https:\/\/uploads.acordacidade.com.br\/2025\/05\/pkhNRdMu-conheca-Emylle-Carneiro-Miss-Brasil-de-Las-Americas1-150x165.webp 150w, https:\/\/uploads.acordacidade.com.br\/2025\/05\/pkhNRdMu-conheca-Emylle-Carneiro-Miss-Brasil-de-Las-Americas1.webp 1200w\"><figcaption class=\"wp-element-caption\">Foto: Arquivo Pessoal<\/figcaption><\/figure>\n<h2 class=\"wp-block-heading\" id=\"h-empreendedorismo\">Empreendedorismo<\/h2>\n<p>Emylle Carneiro tamb\u00e9m atua no ramo do empreendedorismo. Dona de uma marca pr\u00f3pria de cosm\u00e9ticos, ela destaca como se sente em trabalhar em prol da autoestima e beleza feminina.<\/p>\n<p>\u201cTenho uma marca pr\u00f3pria, inclusive no ano passado recebi um pr\u00eamio empresarial Destaques por Excel\u00eancia na Bahia. Amo cuidar de mulheres, ressaltar a beleza delas, resgatar a identidade, a valida\u00e7\u00e3o interior de cada uma\u201d, afirmou.<\/p>\n<p><em>Com informa\u00e7\u00f5es da jornalista Iasmim Santos do Acorda Cidade<\/em><\/p>\n<p><strong>Leia tamb\u00e9m: <\/strong><a href=\"https:\/\/www.acordacidade.com.br\/feira-de-santana\/conheca-a-miss-feira-de-santana-cnb-e-a-miss-de-las-americas-2025\/\">Conhe\u00e7a a Miss Feira de Santana CNB<\/a><\/p>\n<p><em>Siga o Acorda Cidade no<\/em><a href=\"https:\/\/news.google.com\/search?q=acorda%20cidade&amp;hl=pt-BR&amp;gl=BR&amp;ceid=BR%3Apt-419\"><strong><em>\u00a0Google Not\u00edcias<\/em><\/strong><\/a><em>\u00a0e receba os principais destaques do dia. Participe tamb\u00e9m dos nossos canais no\u00a0<\/em><a href=\"https:\/\/www.whatsapp.com\/channel\/0029Va6Rb4v3WHTNnsh8WI3N\"><strong><em>WhatsApp<\/em><\/strong><\/a><em>\u00a0e\u00a0<\/em><a href=\"https:\/\/www.youtube.com\/@acordacidadenoticias\/videos\"><strong>Youtube<\/strong><\/a><em>\u00a0e grupo de\u00a0<\/em><a href=\"https:\/\/t.me\/+sSz0khrgARA0ZmRh\"><strong><em>Telegram<\/em><\/strong><\/a><em>.<\/em><\/p>\n<\/div>\n","protected":false},"excerpt":{"rendered":"<div>\n<div>\n<figure><img decoding=\"async\" src=\"https:\/\/uploads.acordacidade.com.br\/2025\/05\/conheca-Emylle-Carneiro-Miss-Brasil-de-Las-Americas2.jpg\" alt=\"conhe\u00e7a Emylle Carneiro, Miss Brasil de Las Am\u00e9ricas2\"><figcaption>Foto: Arquivo Pessoal<\/figcaption><\/figure>\n<\/div>\n<p>Moradora do bairro Campo Limpo, em Feira de Santana, Emylle Carneiro Sampaio Matos, 28 anos, \u00e9 a atual Miss Brasil de Las Am\u00e9ricas. Ela tem quatro irm\u00e3os \u00e9 casada e m\u00e3e de um menino de 7 anos. Segundo a miss, o filho e o marido s\u00e3o seus principais incentivadores, al\u00e9m dos pais. Ao Acorda Cidade [\u2026]<\/p><\/div>\n","protected":false},"author":1,"featured_media":85628,"comment_status":"closed","ping_status":"closed","sticky":false,"template":"","format":"gallery","meta":{"footnotes":""},"categories":[8,9,6,57,56,10],"tags":[],"class_list":["post-85627","post","type-post","status-publish","format-gallery","has-post-thumbnail","hentry","category-bahia","category-brasil","category-feira-de-santana","category-mundo","category-policia","category-politica","post_format-post-format-gallery"],"featured_image_urls":{"full":["https:\/\/noticiasbahia360.com.br\/wp-content\/uploads\/2025\/05\/conheca-Emylle-Carneiro-Miss-Brasil-de-Las-Americas2.jpg",1200,898,false],"thumbnail":["https:\/\/noticiasbahia360.com.br\/wp-content\/uploads\/2025\/05\/conheca-Emylle-Carneiro-Miss-Brasil-de-Las-Americas2-150x150.jpg",150,150,true],"medium":["https:\/\/noticiasbahia360.com.br\/wp-content\/uploads\/2025\/05\/conheca-Emylle-Carneiro-Miss-Brasil-de-Las-Americas2-300x225.jpg",300,225,true],"medium_large":["https:\/\/noticiasbahia360.com.br\/wp-content\/uploads\/2025\/05\/conheca-Emylle-Carneiro-Miss-Brasil-de-Las-Americas2-768x575.jpg",640,479,true],"large":["https:\/\/noticiasbahia360.com.br\/wp-content\/uploads\/2025\/05\/conheca-Emylle-Carneiro-Miss-Brasil-de-Las-Americas2-1024x766.jpg",640,479,true],"1536x1536":["https:\/\/noticiasbahia360.com.br\/wp-content\/uploads\/2025\/05\/conheca-Emylle-Carneiro-Miss-Brasil-de-Las-Americas2.jpg",1200,898,false],"2048x2048":["https:\/\/noticiasbahia360.com.br\/wp-content\/uploads\/2025\/05\/conheca-Emylle-Carneiro-Miss-Brasil-de-Las-Americas2.jpg",1200,898,false],"chromenews-featured":["https:\/\/noticiasbahia360.com.br\/wp-content\/uploads\/2025\/05\/conheca-Emylle-Carneiro-Miss-Brasil-de-Las-Americas2-1024x766.jpg",1024,766,true],"chromenews-large":["https:\/\/noticiasbahia360.com.br\/wp-content\/uploads\/2025\/05\/conheca-Emylle-Carneiro-Miss-Brasil-de-Las-Americas2-825x575.jpg",825,575,true],"chromenews-medium":["https:\/\/noticiasbahia360.com.br\/wp-content\/uploads\/2025\/05\/conheca-Emylle-Carneiro-Miss-Brasil-de-Las-Americas2-590x410.jpg",590,410,true]},"author_info":{"display_name":"noticiasbahia360.com.br","author_link":"https:\/\/noticiasbahia360.com.br\/?author=1"},"category_info":"<a href=\"https:\/\/noticiasbahia360.com.br\/?cat=8\" rel=\"category\">Bahia<\/a> <a href=\"https:\/\/noticiasbahia360.com.br\/?cat=9\" rel=\"category\">Brasil<\/a> <a href=\"https:\/\/noticiasbahia360.com.br\/?cat=6\" rel=\"category\">Feira de Santana<\/a> <a href=\"https:\/\/noticiasbahia360.com.br\/?cat=57\" rel=\"category\">Mundo<\/a> <a href=\"https:\/\/noticiasbahia360.com.br\/?cat=56\" rel=\"category\">Pol\u00edcia<\/a> <a href=\"https:\/\/noticiasbahia360.com.br\/?cat=10\" rel=\"category\">Pol\u00edtica<\/a>","tag_info":"Pol\u00edtica","comment_count":"0","_links":{"self":[{"href":"https:\/\/noticiasbahia360.com.br\/index.php?rest_route=\/wp\/v2\/posts\/85627","targetHints":{"allow":["GET"]}}],"collection":[{"href":"https:\/\/noticiasbahia360.com.br\/index.php?rest_route=\/wp\/v2\/posts"}],"about":[{"href":"https:\/\/noticiasbahia360.com.br\/index.php?rest_route=\/wp\/v2\/types\/post"}],"author":[{"embeddable":true,"href":"https:\/\/noticiasbahia360.com.br\/index.php?rest_route=\/wp\/v2\/users\/1"}],"replies":[{"embeddable":true,"href":"https:\/\/noticiasbahia360.com.br\/index.php?rest_route=%2Fwp%2Fv2%2Fcomments&post=85627"}],"version-history":[{"count":0,"href":"https:\/\/noticiasbahia360.com.br\/index.php?rest_route=\/wp\/v2\/posts\/85627\/revisions"}],"wp:featuredmedia":[{"embeddable":true,"href":"https:\/\/noticiasbahia360.com.br\/index.php?rest_route=\/wp\/v2\/media\/85628"}],"wp:attachment":[{"href":"https:\/\/noticiasbahia360.com.br\/index.php?rest_route=%2Fwp%2Fv2%2Fmedia&parent=85627"}],"wp:term":[{"taxonomy":"category","embeddable":true,"href":"https:\/\/noticiasbahia360.com.br\/index.php?rest_route=%2Fwp%2Fv2%2Fcategories&post=85627"},{"taxonomy":"post_tag","embeddable":true,"href":"https:\/\/noticiasbahia360.com.br\/index.php?rest_route=%2Fwp%2Fv2%2Ftags&post=85627"}],"curies":[{"name":"wp","href":"https:\/\/api.w.org\/{rel}","templated":true}]}}