{"id":85632,"date":"2025-05-10T12:53:37","date_gmt":"2025-05-10T15:53:37","guid":{"rendered":"https:\/\/noticiasbahia360.com.br\/?p=85632"},"modified":"2025-05-10T12:53:37","modified_gmt":"2025-05-10T15:53:37","slug":"dia-d-de-vacinacao-contra-gripe-movimenta-unidades-de-saude-em-feira-de-santana","status":"publish","type":"post","link":"https:\/\/noticiasbahia360.com.br\/?p=85632","title":{"rendered":"Dia D de vacina\u00e7\u00e3o contra gripe movimenta unidades de sa\u00fade em Feira de Santana"},"content":{"rendered":"<div>\n<div>\n<figure><img decoding=\"async\" src=\"http:\/\/noticiasbahia360.com.br\/wp-content\/uploads\/2025\/05\/campanhadevacincacao_edsantos_acordacidade-3.jpg\" alt=\"Campanha de Vacina\u00e7\u00e3o\"><figcaption>Foto: Ed Santos\/Acorda Cidade<\/figcaption><\/figure>\n<\/div>\n<p>Neste s\u00e1bado (10), <a href=\"https:\/\/www.acordacidade.com.br\/tag\/feira-de-santana\/\">Feira de Santana<\/a> realiza o Dia D de vacina\u00e7\u00e3o contra a gripe influenza, com mobiliza\u00e7\u00e3o em diversas unidades de sa\u00fade do munic\u00edpio. A a\u00e7\u00e3o faz parte da campanha nacional de imuniza\u00e7\u00e3o e tem como objetivo ampliar a cobertura vacinal da popula\u00e7\u00e3o, especialmente dos grupos priorit\u00e1rios.<\/p>\n<figure class=\"wp-block-image size-large\"><img fetchpriority=\"high\" data-dominant-color=\"aea49d\" data-has-transparency=\"false\" style=\"--dominant-color: #aea49d;\" fetchpriority=\"high\" decoding=\"async\" width=\"1024\" height=\"768\" sizes=\"(max-width: 1024px) 100vw, 1024px\" src=\"http:\/\/noticiasbahia360.com.br\/wp-content\/uploads\/2025\/05\/61Z4SC81-campanhadevacincacao_edsantos_acordacidade-1-1024x768-1.webp\" alt=\"Campanha de Vacina\u00e7\u00e3o\" class=\"wp-image-551835 not-transparent\" srcset=\"https:\/\/uploads.acordacidade.com.br\/2025\/05\/61Z4SC81-campanhadevacincacao_edsantos_acordacidade-1-300x225.webp 300w, http:\/\/noticiasbahia360.com.br\/wp-content\/uploads\/2025\/05\/61Z4SC81-campanhadevacincacao_edsantos_acordacidade-1-1024x768-1.webp 1024w, https:\/\/uploads.acordacidade.com.br\/2025\/05\/61Z4SC81-campanhadevacincacao_edsantos_acordacidade-1-768x576.webp 768w, https:\/\/uploads.acordacidade.com.br\/2025\/05\/61Z4SC81-campanhadevacincacao_edsantos_acordacidade-1-150x113.webp 150w, https:\/\/uploads.acordacidade.com.br\/2025\/05\/61Z4SC81-campanhadevacincacao_edsantos_acordacidade-1.webp 1200w\"><figcaption class=\"wp-element-caption\">Foto: Ed Santos\/Acorda Cidade<\/figcaption><\/figure>\n<p>Na Unidade de Sa\u00fade da Fam\u00edlia do Centro de Assist\u00eancia Social Santo Ant\u00f4nio (Cassa), localizada no bairro Santa M\u00f4nica, a movimenta\u00e7\u00e3o foi intensa pela manh\u00e3. A dentista Mayara Alves de Oliveira Chalegre levou os filhos Helena, de dois anos, e Isaac, de quatro, para serem vacinados. \u201cMeus filhos t\u00eam quadros respirat\u00f3rios graves, ent\u00e3o sempre que tem vacina eu priorizo trazer, para evitar que uma gripe se agrave\u201d, explicou ao Acorda Cidade.<\/p>\n<figure class=\"wp-block-image size-large\"><img data-dominant-color=\"908d88\" data-has-transparency=\"false\" style=\"--dominant-color: #908d88;\" decoding=\"async\" width=\"1024\" height=\"768\" sizes=\"(max-width: 1024px) 100vw, 1024px\" src=\"http:\/\/noticiasbahia360.com.br\/wp-content\/uploads\/2025\/05\/xUoZ32Xp-campanhadevacincacao_edsantos_acordacidade-2-1024x768-1.webp\" alt=\"Campanha de Vacina\u00e7\u00e3o\" class=\"wp-image-551834 not-transparent\" srcset=\"https:\/\/uploads.acordacidade.com.br\/2025\/05\/xUoZ32Xp-campanhadevacincacao_edsantos_acordacidade-2-300x225.webp 300w, http:\/\/noticiasbahia360.com.br\/wp-content\/uploads\/2025\/05\/xUoZ32Xp-campanhadevacincacao_edsantos_acordacidade-2-1024x768-1.webp 1024w, https:\/\/uploads.acordacidade.com.br\/2025\/05\/xUoZ32Xp-campanhadevacincacao_edsantos_acordacidade-2-768x576.webp 768w, https:\/\/uploads.acordacidade.com.br\/2025\/05\/xUoZ32Xp-campanhadevacincacao_edsantos_acordacidade-2-150x113.webp 150w, https:\/\/uploads.acordacidade.com.br\/2025\/05\/xUoZ32Xp-campanhadevacincacao_edsantos_acordacidade-2.webp 1200w\"><figcaption class=\"wp-element-caption\">Foto: Ed Santos\/Acorda Cidade<\/figcaption><\/figure>\n<p>Mayara aproveitou a ida \u00e0 unidade para atualizar o cart\u00e3o vacinal das crian\u00e7as. Helena recebeu duas doses: uma da vacina contra a gripe e outra da varicela, que estava em falta e havia retornado recentemente aos estoques do munic\u00edpio. Isaac tamb\u00e9m foi imunizado contra as duas doen\u00e7as.<\/p>\n<p>\u201cComo profissional de sa\u00fade, sei da import\u00e2ncia da vacina\u00e7\u00e3o. O posto est\u00e1 aberto no s\u00e1bado, facilitando para quem n\u00e3o consegue vir durante a semana. \u00c9 uma oportunidade de manter o calend\u00e1rio vacinal em dia\u201d, refor\u00e7ou.<\/p>\n<p><strong>Mais de 100 salas de vacina\u00e7\u00e3o ativas na cidade<\/strong><\/p>\n<p>O secret\u00e1rio municipal de Sa\u00fade, Rodrigo Matos, destacou o empenho da gest\u00e3o para alcan\u00e7ar o maior n\u00famero de pessoas poss\u00edvel. Segundo ele, 26 pontos foram abertos neste s\u00e1bado, incluindo unidades nos distritos, postos de sa\u00fade da sede e um ponto estrat\u00e9gico no Shopping Avenida, que funciona at\u00e9 as 20h.<\/p>\n<figure class=\"wp-block-image size-large\"><img data-dominant-color=\"bab6b1\" data-has-transparency=\"false\" style=\"--dominant-color: #bab6b1;\" decoding=\"async\" width=\"1024\" height=\"768\" sizes=\"(max-width: 1024px) 100vw, 1024px\" src=\"http:\/\/noticiasbahia360.com.br\/wp-content\/uploads\/2025\/05\/qqcYLpK1-rodrigomatos_edsantos_acordacidade-1024x768-1.webp\" alt=\"Campanha de Vacina\u00e7\u00e3o\" class=\"wp-image-551836 not-transparent\" srcset=\"https:\/\/uploads.acordacidade.com.br\/2025\/05\/qqcYLpK1-rodrigomatos_edsantos_acordacidade-300x225.webp 300w, http:\/\/noticiasbahia360.com.br\/wp-content\/uploads\/2025\/05\/qqcYLpK1-rodrigomatos_edsantos_acordacidade-1024x768-1.webp 1024w, https:\/\/uploads.acordacidade.com.br\/2025\/05\/qqcYLpK1-rodrigomatos_edsantos_acordacidade-768x576.webp 768w, https:\/\/uploads.acordacidade.com.br\/2025\/05\/qqcYLpK1-rodrigomatos_edsantos_acordacidade-150x113.webp 150w, https:\/\/uploads.acordacidade.com.br\/2025\/05\/qqcYLpK1-rodrigomatos_edsantos_acordacidade.webp 1200w\"><figcaption class=\"wp-element-caption\">Foto: Ed Santos\/Acorda Cidade<\/figcaption><\/figure>\n<p>\u201cA gripe ainda mata, infelizmente. Em 2024, cerca de 200 pessoas morreram por doen\u00e7as virais respirat\u00f3rias no pa\u00eds. Essa campanha busca justamente evitar interna\u00e7\u00f5es e \u00f3bitos\u201d, afirmou o secret\u00e1rio ao Acorda Cidade.<\/p>\n<p>O secret\u00e1rio explicou ainda que a vacina\u00e7\u00e3o segue dispon\u00edvel durante toda a semana nas 103 salas de vacina\u00e7\u00e3o do munic\u00edpio. A campanha busca atingir uma cobertura de 90% do p\u00fablico-alvo, estimado em cerca de 320 mil pessoas. At\u00e9 a \u00faltima quinta-feira, aproximadamente 42 mil haviam sido vacinadas.<\/p>\n<p><strong>P\u00fablico-alvo e novas inclus\u00f5es<\/strong><\/p>\n<p>Neste ano, o Minist\u00e9rio da Sa\u00fade atualizou o p\u00fablico-alvo da campanha, incluindo como prioridade as crian\u00e7as de 6 meses a menores de 6 anos, gestantes e idosos a partir de 60 anos. Tamb\u00e9m fazem parte do grupo priorit\u00e1rio profissionais da sa\u00fade, caminhoneiros, pessoas privadas de liberdade, entre outros.<\/p>\n<figure class=\"wp-block-image size-large\"><img data-dominant-color=\"72849a\" data-has-transparency=\"false\" style=\"--dominant-color: #72849a;\" decoding=\"async\" width=\"1024\" height=\"768\" sizes=\"(max-width: 1024px) 100vw, 1024px\" src=\"http:\/\/noticiasbahia360.com.br\/wp-content\/uploads\/2025\/05\/XvnUqxIx-campanhadevacincacao_edsantos_acordacidade-4-1024x768-1.webp\" alt=\"Unidade de Sa\u00fade da Fam\u00edlia\" class=\"wp-image-551832 not-transparent\" srcset=\"https:\/\/uploads.acordacidade.com.br\/2025\/05\/XvnUqxIx-campanhadevacincacao_edsantos_acordacidade-4-300x225.webp 300w, http:\/\/noticiasbahia360.com.br\/wp-content\/uploads\/2025\/05\/XvnUqxIx-campanhadevacincacao_edsantos_acordacidade-4-1024x768-1.webp 1024w, https:\/\/uploads.acordacidade.com.br\/2025\/05\/XvnUqxIx-campanhadevacincacao_edsantos_acordacidade-4-768x576.webp 768w, https:\/\/uploads.acordacidade.com.br\/2025\/05\/XvnUqxIx-campanhadevacincacao_edsantos_acordacidade-4-150x113.webp 150w, https:\/\/uploads.acordacidade.com.br\/2025\/05\/XvnUqxIx-campanhadevacincacao_edsantos_acordacidade-4.webp 1200w\"><figcaption class=\"wp-element-caption\">Foto: Ed Santos\/Acorda Cidade<\/figcaption><\/figure>\n<p>Pessoas com doen\u00e7as cr\u00f4nicas n\u00e3o transmiss\u00edveis, como hipertens\u00e3o e diabetes, tamb\u00e9m devem se vacinar. \u201cEssa popula\u00e7\u00e3o \u00e9 eleg\u00edvel e precisa da prote\u00e7\u00e3o, pois uma gripe pode agravar seu quadro de sa\u00fade\u201d, explicou o secret\u00e1rio.<\/p>\n<p><strong>Estrat\u00e9gia antes da Micareta<\/strong><\/p>\n<p>Antes da Micareta de Feira, foi realizado um Dia D municipal de vacina\u00e7\u00e3o. A a\u00e7\u00e3o visou proteger a popula\u00e7\u00e3o diante das grandes aglomera\u00e7\u00f5es t\u00edpicas do evento. \u201cFoi uma medida de preven\u00e7\u00e3o que deu certo. Estamos monitorando e, at\u00e9 o momento, n\u00e3o houve aumento de casos respirat\u00f3rios graves ap\u00f3s a festa\u201d, destacou Matos.<\/p>\n<p>Quem n\u00e3o conseguiu se vacinar neste s\u00e1bado pode procurar uma unidade de sa\u00fade a partir de segunda-feira. \u201cO importante \u00e9 que a popula\u00e7\u00e3o n\u00e3o perca a oportunidade de se proteger. Se n\u00e3o foi hoje, v\u00e1 na semana\u201d, orientou o secret\u00e1rio.<\/p>\n<p><em>Com informa\u00e7\u00f5es do rep\u00f3rter Ed Santos do Acorda Cidade<\/em><\/p>\n<p><em>Siga o Acorda Cidade no<\/em><a href=\"https:\/\/news.google.com\/search?q=acorda%20cidade&amp;hl=pt-BR&amp;gl=BR&amp;ceid=BR%3Apt-419\"><strong><em> Google Not\u00edcias<\/em><\/strong><\/a><em> e receba os principais destaques do dia. Participe tamb\u00e9m dos nossos canais no <\/em><a href=\"https:\/\/whatsapp.com\/channel\/0029Va6Rb4v3WHTNnsh8WI3N\"><strong><em>WhatsApp<\/em><\/strong><\/a><em> e <\/em><a href=\"https:\/\/www.youtube.com\/@acordacidadenoticias\/videos\"><strong>Youtube<\/strong><\/a><em> e grupo de <\/em><a href=\"https:\/\/t.me\/+sSz0khrgARA0ZmRh\"><strong><em>Telegram<\/em><\/strong><\/a><em>.<\/em><\/p>\n<\/div>\n","protected":false},"excerpt":{"rendered":"<div>\n<div>\n<figure><img decoding=\"async\" src=\"https:\/\/uploads.acordacidade.com.br\/2025\/05\/campanhadevacincacao_edsantos_acordacidade-3.jpg\" alt=\"Campanha de Vacina\u00e7\u00e3o\"><figcaption>Foto: Ed Santos\/Acorda Cidade<\/figcaption><\/figure>\n<\/div>\n<p>O secret\u00e1rio explicou ainda que a vacina\u00e7\u00e3o segue dispon\u00edvel durante toda a semana nas 103 salas de vacina\u00e7\u00e3o do munic\u00edpio.<\/p><\/div>\n","protected":false},"author":1,"featured_media":85633,"comment_status":"closed","ping_status":"closed","sticky":false,"template":"","format":"gallery","meta":{"footnotes":""},"categories":[8,9,6,57,56,10],"tags":[],"class_list":["post-85632","post","type-post","status-publish","format-gallery","has-post-thumbnail","hentry","category-bahia","category-brasil","category-feira-de-santana","category-mundo","category-policia","category-politica","post_format-post-format-gallery"],"featured_image_urls":{"full":["https:\/\/noticiasbahia360.com.br\/wp-content\/uploads\/2025\/05\/campanhadevacincacao_edsantos_acordacidade-3.jpg",1200,900,false],"thumbnail":["https:\/\/noticiasbahia360.com.br\/wp-content\/uploads\/2025\/05\/campanhadevacincacao_edsantos_acordacidade-3-150x150.jpg",150,150,true],"medium":["https:\/\/noticiasbahia360.com.br\/wp-content\/uploads\/2025\/05\/campanhadevacincacao_edsantos_acordacidade-3-300x225.jpg",300,225,true],"medium_large":["https:\/\/noticiasbahia360.com.br\/wp-content\/uploads\/2025\/05\/campanhadevacincacao_edsantos_acordacidade-3-768x576.jpg",640,480,true],"large":["https:\/\/noticiasbahia360.com.br\/wp-content\/uploads\/2025\/05\/campanhadevacincacao_edsantos_acordacidade-3-1024x768.jpg",640,480,true],"1536x1536":["https:\/\/noticiasbahia360.com.br\/wp-content\/uploads\/2025\/05\/campanhadevacincacao_edsantos_acordacidade-3.jpg",1200,900,false],"2048x2048":["https:\/\/noticiasbahia360.com.br\/wp-content\/uploads\/2025\/05\/campanhadevacincacao_edsantos_acordacidade-3.jpg",1200,900,false],"chromenews-featured":["https:\/\/noticiasbahia360.com.br\/wp-content\/uploads\/2025\/05\/campanhadevacincacao_edsantos_acordacidade-3-1024x768.jpg",1024,768,true],"chromenews-large":["https:\/\/noticiasbahia360.com.br\/wp-content\/uploads\/2025\/05\/campanhadevacincacao_edsantos_acordacidade-3-825x575.jpg",825,575,true],"chromenews-medium":["https:\/\/noticiasbahia360.com.br\/wp-content\/uploads\/2025\/05\/campanhadevacincacao_edsantos_acordacidade-3-590x410.jpg",590,410,true]},"author_info":{"display_name":"noticiasbahia360.com.br","author_link":"https:\/\/noticiasbahia360.com.br\/?author=1"},"category_info":"<a href=\"https:\/\/noticiasbahia360.com.br\/?cat=8\" rel=\"category\">Bahia<\/a> <a href=\"https:\/\/noticiasbahia360.com.br\/?cat=9\" rel=\"category\">Brasil<\/a> <a href=\"https:\/\/noticiasbahia360.com.br\/?cat=6\" rel=\"category\">Feira de Santana<\/a> <a href=\"https:\/\/noticiasbahia360.com.br\/?cat=57\" rel=\"category\">Mundo<\/a> <a href=\"https:\/\/noticiasbahia360.com.br\/?cat=56\" rel=\"category\">Pol\u00edcia<\/a> <a href=\"https:\/\/noticiasbahia360.com.br\/?cat=10\" rel=\"category\">Pol\u00edtica<\/a>","tag_info":"Pol\u00edtica","comment_count":"0","_links":{"self":[{"href":"https:\/\/noticiasbahia360.com.br\/index.php?rest_route=\/wp\/v2\/posts\/85632","targetHints":{"allow":["GET"]}}],"collection":[{"href":"https:\/\/noticiasbahia360.com.br\/index.php?rest_route=\/wp\/v2\/posts"}],"about":[{"href":"https:\/\/noticiasbahia360.com.br\/index.php?rest_route=\/wp\/v2\/types\/post"}],"author":[{"embeddable":true,"href":"https:\/\/noticiasbahia360.com.br\/index.php?rest_route=\/wp\/v2\/users\/1"}],"replies":[{"embeddable":true,"href":"https:\/\/noticiasbahia360.com.br\/index.php?rest_route=%2Fwp%2Fv2%2Fcomments&post=85632"}],"version-history":[{"count":0,"href":"https:\/\/noticiasbahia360.com.br\/index.php?rest_route=\/wp\/v2\/posts\/85632\/revisions"}],"wp:featuredmedia":[{"embeddable":true,"href":"https:\/\/noticiasbahia360.com.br\/index.php?rest_route=\/wp\/v2\/media\/85633"}],"wp:attachment":[{"href":"https:\/\/noticiasbahia360.com.br\/index.php?rest_route=%2Fwp%2Fv2%2Fmedia&parent=85632"}],"wp:term":[{"taxonomy":"category","embeddable":true,"href":"https:\/\/noticiasbahia360.com.br\/index.php?rest_route=%2Fwp%2Fv2%2Fcategories&post=85632"},{"taxonomy":"post_tag","embeddable":true,"href":"https:\/\/noticiasbahia360.com.br\/index.php?rest_route=%2Fwp%2Fv2%2Ftags&post=85632"}],"curies":[{"name":"wp","href":"https:\/\/api.w.org\/{rel}","templated":true}]}}