{"id":85644,"date":"2025-05-10T15:43:44","date_gmt":"2025-05-10T18:43:44","guid":{"rendered":"https:\/\/noticiasbahia360.com.br\/?p=85644"},"modified":"2025-05-10T15:43:44","modified_gmt":"2025-05-10T18:43:44","slug":"enem-2025-confira-o-calendario-de-inscricoes-e-provas","status":"publish","type":"post","link":"https:\/\/noticiasbahia360.com.br\/?p=85644","title":{"rendered":"Enem 2025: confira o calend\u00e1rio de inscri\u00e7\u00f5es e provas"},"content":{"rendered":"<div>\n<div>\n<figure><img decoding=\"async\" src=\"http:\/\/noticiasbahia360.com.br\/wp-content\/uploads\/2025\/05\/estudantes-enem.png\" alt=\"estudantes - enem\"><figcaption>Foto: Rafa Neddermeyer\/Ag\u00eancia Brasil <\/figcaption><\/figure>\n<\/div>\n<p>Ag\u00eancia Brasil \u2013 As inscri\u00e7\u00f5es para o Exame Nacional do Ensino M\u00e9dio (<a href=\"https:\/\/www.acordacidade.com.br\/tag\/enem\/\">Enem<\/a>) de 2025 poder\u00e3o ser feitas de 26 de maio a 6 de junho. As provas desta edi\u00e7\u00e3o est\u00e3o agendadas para os domingos,\u00a0dias\u00a09 e 16 de novembro. As datas definidas foram anunciadas pelo Minist\u00e9rio da Educa\u00e7\u00e3o (MEC) nesta sexta-feira (9).<img decoding=\"async\" src=\"https:\/\/agenciabrasil.ebc.com.br\/ebc.png?id=1642255&amp;o=node\"><img decoding=\"async\" src=\"https:\/\/agenciabrasil.ebc.com.br\/ebc.gif?id=1642255&amp;o=node\"><\/p>\n<p>A pasta prev\u00ea que o\u00a0<strong>edital com as regras do Enem 2025 ser\u00e1 publicado em breve no\u00a0<em>Di\u00e1rio Oficial da Uni\u00e3o<\/em>\u00a0<\/strong>com informa\u00e7\u00f5es como as \u00e1reas de conhecimento do ensino m\u00e9dio avaliadas, normas para participa\u00e7\u00e3o dos candidatos \u201ctreineiros\u201d, o valor da taxa de inscri\u00e7\u00e3o e as formas de pagamento. Na edi\u00e7\u00e3o de 2024, a taxa foi de R$ 85.<\/p>\n<p>Anualmente, os editais do Enem ainda trazem orienta\u00e7\u00f5es sobre como pedir atendimento especializado e\/ou de recurso de acessibilidade; como pedir o tratamento pelo nome social registrado na Receita Federal. Essa\u00a0possibilidade \u00e9 destinada \u00e0 pessoa que se identifica e quer ser reconhecida socialmente conforme sua identidade de g\u00eanero.<\/p>\n<p><strong>Os interessados em se inscrever devem, antes, criar cadastro e senha de acesso para a\u00a0<a href=\"https:\/\/enem.inep.gov.br\/participante\/#!\/%C2%A0\" target=\"_blank\" rel=\"noreferrer noopener\">P\u00e1gina do Participante<\/a>,\u00a0por meio do login \u00fanico no endere\u00e7o eletr\u00f4nico de servi\u00e7os digitais do governo federal, o Gov.br.<\/strong><\/p>\n<h2 class=\"wp-block-heading\" id=\"h-isencao-da-taxa-de-inscricao\">Isen\u00e7\u00e3o da taxa de inscri\u00e7\u00e3o<\/h2>\n<p>O\u00a0prazo para solicitar a isen\u00e7\u00e3o da taxa de inscri\u00e7\u00e3o\u00a0do exame terminou em 2 de maio. O mesmo prazo valeu para os participantes do Enem do ano passado que tiveram a gratuidade da taxa de inscri\u00e7\u00e3o, faltaram aos dias de prova, e, desejam fazer novamente o Enem, em 2025, de gra\u00e7a.<\/p>\n<p><strong>O resultado da justificativa de aus\u00eancia no Enem 2024 e solicita\u00e7\u00e3o de isen\u00e7\u00e3o da taxa de inscri\u00e7\u00e3o para o Enem 2025 ser\u00e1 publicado em 12 de maio.<\/strong><\/p>\n<p>Mesmo com a isen\u00e7\u00e3o confirmada pela equipe do Inep, o estudante precisar\u00e1 fazer a sua inscri\u00e7\u00e3o, no per\u00edodo a ser divulgado no futuro edital do Enem 2025.<\/p>\n<p>O solicitante que tiver o pedido negado para justificativa de aus\u00eancia no Enem 2024 ou para solicita\u00e7\u00e3o de isen\u00e7\u00e3o da taxa de inscri\u00e7\u00e3o para o Enem 2025 pode entrar com recurso entre 12 e 16 de maio. O resultado final das contesta\u00e7\u00f5es ser\u00e1 conhecido em 22 de maio.<\/p>\n<p>No futuro, os participantes que n\u00e3o solicitarem o recurso ou tiverem o pedido de isen\u00e7\u00e3o de pagamento da taxa de inscri\u00e7\u00e3o para o Enem 2025 reprovado dever\u00e3o se inscrever\u00a0conforme o futuro edital do Enem 2025.<\/p>\n<h2 class=\"wp-block-heading\" id=\"h-o-exame\">O exame<\/h2>\n<p><strong>O Enem avalia o desempenho escolar dos estudantes ao t\u00e9rmino da educa\u00e7\u00e3o b\u00e1sica.<\/strong>\u00a0Institui\u00e7\u00f5es de ensino p\u00fablicas e privadas usam a prova para selecionar estudantes: os resultados podem ser adotados como crit\u00e9rio \u00fanico ou complementar de processos seletivos, al\u00e9m de servirem de par\u00e2metro para acesso a aux\u00edlios governamentais, como o Fundo de Financiamento Estudantil (Fies).\u202f<\/p>\n<p><strong>Os resultados individuais do exame tamb\u00e9m podem ser aproveitados em processos seletivos de institui\u00e7\u00f5es portuguesas que possuem conv\u00eanio com o Inep.<\/strong>\u00a0Os acordos garantem acesso facilitado \u00e0s notas dos estudantes brasileiros interessados em cursar a educa\u00e7\u00e3o superior em Portugal.<\/p>\n<p><em>Siga o Acorda Cidade no<\/em><a href=\"https:\/\/news.google.com\/search?q=acorda%20cidade&amp;hl=pt-BR&amp;gl=BR&amp;ceid=BR%3Apt-419\"><strong><em> Google Not\u00edcias<\/em><\/strong><\/a><em> e receba os principais destaques do dia. Participe tamb\u00e9m dos nossos canais no <\/em><a href=\"https:\/\/whatsapp.com\/channel\/0029Va6Rb4v3WHTNnsh8WI3N\"><strong><em>WhatsApp<\/em><\/strong><\/a><em> e <\/em><a href=\"https:\/\/www.youtube.com\/@acordacidadenoticias\/videos\"><strong>Youtube<\/strong><\/a><em> e grupo de <\/em><a href=\"https:\/\/t.me\/+sSz0khrgARA0ZmRh\"><strong><em>Telegram<\/em><\/strong><\/a><em>.<\/em><\/p>\n<\/div>\n","protected":false},"excerpt":{"rendered":"<div>\n<div>\n<figure><img decoding=\"async\" src=\"https:\/\/uploads.acordacidade.com.br\/wp-content\/uploads\/2024\/08\/08113324\/estudantes-enem.png\" alt=\"estudantes - enem\"><figcaption>Foto: Rafa Neddermeyer\/Ag\u00eancia Brasil <\/figcaption><\/figure>\n<\/div>\n<p>Inscri\u00e7\u00f5es poder\u00e3o ser feitas de 26 de maio a 6 de junho.<\/p><\/div>\n","protected":false},"author":1,"featured_media":85645,"comment_status":"closed","ping_status":"closed","sticky":false,"template":"","format":"gallery","meta":{"footnotes":""},"categories":[8,9,6,57,56,10],"tags":[],"class_list":["post-85644","post","type-post","status-publish","format-gallery","has-post-thumbnail","hentry","category-bahia","category-brasil","category-feira-de-santana","category-mundo","category-policia","category-politica","post_format-post-format-gallery"],"featured_image_urls":{"full":["https:\/\/noticiasbahia360.com.br\/wp-content\/uploads\/2025\/05\/estudantes-enem.png",640,353,false],"thumbnail":["https:\/\/noticiasbahia360.com.br\/wp-content\/uploads\/2025\/05\/estudantes-enem-150x150.png",150,150,true],"medium":["https:\/\/noticiasbahia360.com.br\/wp-content\/uploads\/2025\/05\/estudantes-enem-300x165.png",300,165,true],"medium_large":["https:\/\/noticiasbahia360.com.br\/wp-content\/uploads\/2025\/05\/estudantes-enem.png",640,353,false],"large":["https:\/\/noticiasbahia360.com.br\/wp-content\/uploads\/2025\/05\/estudantes-enem.png",640,353,false],"1536x1536":["https:\/\/noticiasbahia360.com.br\/wp-content\/uploads\/2025\/05\/estudantes-enem.png",640,353,false],"2048x2048":["https:\/\/noticiasbahia360.com.br\/wp-content\/uploads\/2025\/05\/estudantes-enem.png",640,353,false],"chromenews-featured":["https:\/\/noticiasbahia360.com.br\/wp-content\/uploads\/2025\/05\/estudantes-enem.png",640,353,false],"chromenews-large":["https:\/\/noticiasbahia360.com.br\/wp-content\/uploads\/2025\/05\/estudantes-enem.png",640,353,false],"chromenews-medium":["https:\/\/noticiasbahia360.com.br\/wp-content\/uploads\/2025\/05\/estudantes-enem-590x353.png",590,353,true]},"author_info":{"display_name":"noticiasbahia360.com.br","author_link":"https:\/\/noticiasbahia360.com.br\/?author=1"},"category_info":"<a href=\"https:\/\/noticiasbahia360.com.br\/?cat=8\" rel=\"category\">Bahia<\/a> <a href=\"https:\/\/noticiasbahia360.com.br\/?cat=9\" rel=\"category\">Brasil<\/a> <a href=\"https:\/\/noticiasbahia360.com.br\/?cat=6\" rel=\"category\">Feira de Santana<\/a> <a href=\"https:\/\/noticiasbahia360.com.br\/?cat=57\" rel=\"category\">Mundo<\/a> <a href=\"https:\/\/noticiasbahia360.com.br\/?cat=56\" rel=\"category\">Pol\u00edcia<\/a> <a href=\"https:\/\/noticiasbahia360.com.br\/?cat=10\" rel=\"category\">Pol\u00edtica<\/a>","tag_info":"Pol\u00edtica","comment_count":"0","_links":{"self":[{"href":"https:\/\/noticiasbahia360.com.br\/index.php?rest_route=\/wp\/v2\/posts\/85644","targetHints":{"allow":["GET"]}}],"collection":[{"href":"https:\/\/noticiasbahia360.com.br\/index.php?rest_route=\/wp\/v2\/posts"}],"about":[{"href":"https:\/\/noticiasbahia360.com.br\/index.php?rest_route=\/wp\/v2\/types\/post"}],"author":[{"embeddable":true,"href":"https:\/\/noticiasbahia360.com.br\/index.php?rest_route=\/wp\/v2\/users\/1"}],"replies":[{"embeddable":true,"href":"https:\/\/noticiasbahia360.com.br\/index.php?rest_route=%2Fwp%2Fv2%2Fcomments&post=85644"}],"version-history":[{"count":0,"href":"https:\/\/noticiasbahia360.com.br\/index.php?rest_route=\/wp\/v2\/posts\/85644\/revisions"}],"wp:featuredmedia":[{"embeddable":true,"href":"https:\/\/noticiasbahia360.com.br\/index.php?rest_route=\/wp\/v2\/media\/85645"}],"wp:attachment":[{"href":"https:\/\/noticiasbahia360.com.br\/index.php?rest_route=%2Fwp%2Fv2%2Fmedia&parent=85644"}],"wp:term":[{"taxonomy":"category","embeddable":true,"href":"https:\/\/noticiasbahia360.com.br\/index.php?rest_route=%2Fwp%2Fv2%2Fcategories&post=85644"},{"taxonomy":"post_tag","embeddable":true,"href":"https:\/\/noticiasbahia360.com.br\/index.php?rest_route=%2Fwp%2Fv2%2Ftags&post=85644"}],"curies":[{"name":"wp","href":"https:\/\/api.w.org\/{rel}","templated":true}]}} 