{"id":85648,"date":"2025-05-10T15:57:23","date_gmt":"2025-05-10T18:57:23","guid":{"rendered":"https:\/\/noticiasbahia360.com.br\/?p=85648"},"modified":"2025-05-10T15:57:23","modified_gmt":"2025-05-10T18:57:23","slug":"lula-propoe-parceria-com-a-russia-para-explorar-minerais-estrategicos","status":"publish","type":"post","link":"https:\/\/noticiasbahia360.com.br\/?p=85648","title":{"rendered":"Lula prop\u00f5e parceria com a R\u00fassia para explorar minerais estrat\u00e9gicos"},"content":{"rendered":"<div>\n<div>\n<figure><img decoding=\"async\" src=\"http:\/\/noticiasbahia360.com.br\/wp-content\/uploads\/2025\/05\/Brasil-e-Russia-discutem-aumento-das-relacoes-na-area-de-energia-1.jpg\" alt=\"Brasil e R\u00fassia discutem aumento das rela\u00e7\u00f5es na \u00e1rea de energia\"><figcaption>Foto: Ricardo Stuckert \/ PR<br \/>\n<\/figcaption><\/figure>\n<\/div>\n<p>Ag\u00eancia Brasil \u2013 O presidente Luiz In\u00e1cio <a href=\"https:\/\/www.acordacidade.com.br\/tag\/lula\/\">Lula<\/a> da Silva afirmou, neste s\u00e1bado (10), que quer ampliar a pesquisa e explora\u00e7\u00e3o de minerais cr\u00edticos no pa\u00eds e busca na R\u00fassia as parcerias para esse projeto. Lula cumpriu agenda em Moscou nesta quinta (8) e sexta-feira (9) e disse hoje que o Brasil n\u00e3o pode jogar fora nenhuma oportunidade para a transi\u00e7\u00e3o energ\u00e9tica.<\/p>\n<p>Minerais como l\u00edtio, cobalto, n\u00edquel, grafite e outros elementos das terras raras s\u00e3o essenciais para setores estrat\u00e9gicos, como tecnologia, defesa e transi\u00e7\u00e3o energ\u00e9tica. Segundo Lula, o Minist\u00e9rio de Minas e Energia j\u00e1 atua na interlocu\u00e7\u00e3o com empresas russas.<\/p>\n<p>\u201cN\u00f3s temos a ideia de aumentar nossas pesquisas e explora\u00e7\u00e3o dos minerais cr\u00edticos porque s\u00f3 se fala nisso agora e n\u00f3s achamos que o Brasil n\u00e3o pode jogar fora nenhuma oportunidade\u201d, disse em coletiva de imprensa antes de deixar Moscou.<\/p>\n<p>\u201cApenas 30% do nosso territ\u00f3rio j\u00e1 foi pesquisado e ainda falta muita coisa para pesquisar e n\u00f3s queremos construir parceria com todos os pa\u00edses do mundo que t\u00eam expertise, para que a gente possa tirar proveito para que o Brasil se transforme numa grande economia\u201d, acrescentou o presidente.<\/p>\n<p>Lula lembrou que a R\u00fassia \u00e9 um parceiro importante na quest\u00e3o de \u00f3leo e g\u00e1s e em pequenos reatores nucleares, \u201cuma novidade extraordin\u00e1ria para que a gente possa ter energia garantida para todo o sempre\u201d.<\/p>\n<p>\u201cN\u00f3s sabemos da volatilidade da energia nuclear e solar, nem sempre elas produzem a mesma quantidade. E n\u00f3s precisamos ter num pa\u00eds que quer ser a s\u00e9tima, a sexta, a quinta economia do mundo, n\u00f3s precisamos ter muita energia e garantia de que nunca vai faltar energia\u201d, disse, lembrando que o sistema brasileiro de distribui\u00e7\u00e3o energ\u00e9tica j\u00e1 est\u00e1 quase 100% integrado.<\/p>\n<p>D\u00e9ficit comercial<br \/>A visita de Lula ocorreu no contexto das celebra\u00e7\u00f5es dos 80 anos da vit\u00f3ria da Uni\u00e3o Sovi\u00e9tica sobre a Alemanha nazista na Segunda Guerra Mundial. \u00c9 o feriado mais importante do pa\u00eds e foi comemorado, na manh\u00e3 desta sexta-feira (9), com um grandioso desfile c\u00edvico-militar.<\/p>\n<p>O presidente brasileiro tamb\u00e9m cumpriu agenda de Estado com o presidente russo, Vladimir Putin, com quem quer trabalhar para equilibrar a balan\u00e7a comercial entre as duas na\u00e7\u00f5es. \u201cN\u00f3s temos um d\u00e9ficit comercial. Nesse fluxo de praticamente US$ 12 bilh\u00f5es, n\u00f3s temos quase US$ 11 bilh\u00f5es de d\u00e9ficit comercial\u201d, lembrou Lula.<\/p>\n<p>O Brasil tem uma rela\u00e7\u00e3o comercial importante com a R\u00fassia, importando dois produtos fundamentais, fertilizantes e \u00f3leo diesel, e exportando, principalmente, produtos do agroneg\u00f3cio, como soja, carne bovina, caf\u00e9 n\u00e3o torrado, carne de aves e suas miudezas e tabaco.<\/p>\n<p>Durante a visita, foram assinados dois atos: o primeiro sobre coopera\u00e7\u00e3o em ci\u00eancia, tecnologia e inova\u00e7\u00e3o e outro sobre fortalecimento da coopera\u00e7\u00e3o no campo da pesquisa cient\u00edfica b\u00e1sica e aplicada.<\/p>\n<p>Antes da chegada de Lula \u00e0 R\u00fassia, uma comitiva brasileira, integrada pela primeira-dama Janja Lula da Silva, foi ao pa\u00eds para promover a Alian\u00e7a Global Contra a Fome e a Pobreza e tratar da coopera\u00e7\u00e3o na \u00e1rea de educa\u00e7\u00e3o e cultura. A convite do governo russo, Janja visitou a Universidade Estatal de S\u00e3o Petersburgo.<\/p>\n<p>Hoje, Lula contou que ser\u00e1 agraciado com o t\u00edtulo de doutor honoris causa da institui\u00e7\u00e3o. \u201cUma universidade em que estudou [Vladimir] Lenin [grande nome do socialismo russo] e uma universidade em que estudou [o presidente] Putin. E eu vou ser doutor honoris causa\u201d, comemorou.<\/p>\n<p>Agenda internacional<br \/>Ap\u00f3s a entrevista, Lula embarcou em dire\u00e7\u00e3o a Pequim, na China, onde participa da c\u00fapula entre o gigante asi\u00e1tico e pa\u00edses da Comunidade de Estados Latino-Americanos e Caribenhos (Celac), nos dias 12 e 13 de maio, al\u00e9m de fazer uma visita de Estado. Pelo menos, 16 acordos bilaterais devem ser assinados.<\/p>\n<p>Questionado sobre sua participa\u00e7\u00e3o na missa de posse do papa Le\u00e3o XIV , que ocorrer\u00e1 no pr\u00f3ximo dia 18 de maio, Lula disse que deve ser representado pelo vice-presidente Geraldo Alckmin.<\/p>\n<p>O motivo \u00e9 a prepara\u00e7\u00e3o para a visita de Estado que o presidente far\u00e1 \u00e0 Fran\u00e7a, no in\u00edcio de junho. No pa\u00eds europeu, o mandat\u00e1rio brasileiro tamb\u00e9m participar\u00e1 da Confer\u00eancia dos Oceanos das Na\u00e7\u00f5es Unidas, nos dias 8 e 9 de junho, em Nice.<\/p>\n<p><em>Siga o Acorda Cidade no<\/em><a href=\"https:\/\/news.google.com\/search?q=acorda%20cidade&amp;hl=pt-BR&amp;gl=BR&amp;ceid=BR%3Apt-419\"><strong><em> Google Not\u00edcias<\/em><\/strong><\/a><em> e receba os principais destaques do dia. Participe tamb\u00e9m dos nossos canais no <\/em><a href=\"https:\/\/whatsapp.com\/channel\/0029Va6Rb4v3WHTNnsh8WI3N\"><strong><em>WhatsApp<\/em><\/strong><\/a><em> e <\/em><a href=\"https:\/\/www.youtube.com\/@acordacidadenoticias\/videos\"><strong>Youtube<\/strong><\/a><em> e grupo de <\/em><a href=\"https:\/\/t.me\/+sSz0khrgARA0ZmRh\"><strong><em>Telegram<\/em><\/strong><\/a><em>.<\/em><\/p>\n<\/div>\n","protected":false},"excerpt":{"rendered":"<div>\n<div>\n<figure><img decoding=\"async\" src=\"https:\/\/uploads.acordacidade.com.br\/2025\/05\/Brasil-e-Russia-discutem-aumento-das-relacoes-na-area-de-energia.jpg\" alt=\"Brasil e R\u00fassia discutem aumento das rela\u00e7\u00f5es na \u00e1rea de energia\"><figcaption>Foto: Ricardo Stuckert \/ PR<br \/>\n<\/figcaption><\/figure>\n<\/div>\n<p>A parceria vai atuar para equilibrar a balan\u00e7a comercial entre os dois pa\u00edses.<\/p><\/div>\n","protected":false},"author":1,"featured_media":85649,"comment_status":"closed","ping_status":"closed","sticky":false,"template":"","format":"gallery","meta":{"footnotes":""},"categories":[8,9,6,57,56,10],"tags":[],"class_list":["post-85648","post","type-post","status-publish","format-gallery","has-post-thumbnail","hentry","category-bahia","category-brasil","category-feira-de-santana","category-mundo","category-policia","category-politica","post_format-post-format-gallery"],"featured_image_urls":{"full":["https:\/\/noticiasbahia360.com.br\/wp-content\/uploads\/2025\/05\/Brasil-e-Russia-discutem-aumento-das-relacoes-na-area-de-energia-1.jpg",1200,718,false],"thumbnail":["https:\/\/noticiasbahia360.com.br\/wp-content\/uploads\/2025\/05\/Brasil-e-Russia-discutem-aumento-das-relacoes-na-area-de-energia-1-150x150.jpg",150,150,true],"medium":["https:\/\/noticiasbahia360.com.br\/wp-content\/uploads\/2025\/05\/Brasil-e-Russia-discutem-aumento-das-relacoes-na-area-de-energia-1-300x180.jpg",300,180,true],"medium_large":["https:\/\/noticiasbahia360.com.br\/wp-content\/uploads\/2025\/05\/Brasil-e-Russia-discutem-aumento-das-relacoes-na-area-de-energia-1-768x460.jpg",640,383,true],"large":["https:\/\/noticiasbahia360.com.br\/wp-content\/uploads\/2025\/05\/Brasil-e-Russia-discutem-aumento-das-relacoes-na-area-de-energia-1-1024x613.jpg",640,383,true],"1536x1536":["https:\/\/noticiasbahia360.com.br\/wp-content\/uploads\/2025\/05\/Brasil-e-Russia-discutem-aumento-das-relacoes-na-area-de-energia-1.jpg",1200,718,false],"2048x2048":["https:\/\/noticiasbahia360.com.br\/wp-content\/uploads\/2025\/05\/Brasil-e-Russia-discutem-aumento-das-relacoes-na-area-de-energia-1.jpg",1200,718,false],"chromenews-featured":["https:\/\/noticiasbahia360.com.br\/wp-content\/uploads\/2025\/05\/Brasil-e-Russia-discutem-aumento-das-relacoes-na-area-de-energia-1-1024x613.jpg",1024,613,true],"chromenews-large":["https:\/\/noticiasbahia360.com.br\/wp-content\/uploads\/2025\/05\/Brasil-e-Russia-discutem-aumento-das-relacoes-na-area-de-energia-1-825x575.jpg",825,575,true],"chromenews-medium":["https:\/\/noticiasbahia360.com.br\/wp-content\/uploads\/2025\/05\/Brasil-e-Russia-discutem-aumento-das-relacoes-na-area-de-energia-1-590x410.jpg",590,410,true]},"author_info":{"display_name":"noticiasbahia360.com.br","author_link":"https:\/\/noticiasbahia360.com.br\/?author=1"},"category_info":"<a href=\"https:\/\/noticiasbahia360.com.br\/?cat=8\" rel=\"category\">Bahia<\/a> <a href=\"https:\/\/noticiasbahia360.com.br\/?cat=9\" rel=\"category\">Brasil<\/a> <a href=\"https:\/\/noticiasbahia360.com.br\/?cat=6\" rel=\"category\">Feira de Santana<\/a> <a href=\"https:\/\/noticiasbahia360.com.br\/?cat=57\" rel=\"category\">Mundo<\/a> <a href=\"https:\/\/noticiasbahia360.com.br\/?cat=56\" rel=\"category\">Pol\u00edcia<\/a> <a href=\"https:\/\/noticiasbahia360.com.br\/?cat=10\" rel=\"category\">Pol\u00edtica<\/a>","tag_info":"Pol\u00edtica","comment_count":"0","_links":{"self":[{"href":"https:\/\/noticiasbahia360.com.br\/index.php?rest_route=\/wp\/v2\/posts\/85648","targetHints":{"allow":["GET"]}}],"collection":[{"href":"https:\/\/noticiasbahia360.com.br\/index.php?rest_route=\/wp\/v2\/posts"}],"about":[{"href":"https:\/\/noticiasbahia360.com.br\/index.php?rest_route=\/wp\/v2\/types\/post"}],"author":[{"embeddable":true,"href":"https:\/\/noticiasbahia360.com.br\/index.php?rest_route=\/wp\/v2\/users\/1"}],"replies":[{"embeddable":true,"href":"https:\/\/noticiasbahia360.com.br\/index.php?rest_route=%2Fwp%2Fv2%2Fcomments&post=85648"}],"version-history":[{"count":0,"href":"https:\/\/noticiasbahia360.com.br\/index.php?rest_route=\/wp\/v2\/posts\/85648\/revisions"}],"wp:featuredmedia":[{"embeddable":true,"href":"https:\/\/noticiasbahia360.com.br\/index.php?rest_route=\/wp\/v2\/media\/85649"}],"wp:attachment":[{"href":"https:\/\/noticiasbahia360.com.br\/index.php?rest_route=%2Fwp%2Fv2%2Fmedia&parent=85648"}],"wp:term":[{"taxonomy":"category","embeddable":true,"href":"https:\/\/noticiasbahia360.com.br\/index.php?rest_route=%2Fwp%2Fv2%2Fcategories&post=85648"},{"taxonomy":"post_tag","embeddable":true,"href":"https:\/\/noticiasbahia360.com.br\/index.php?rest_route=%2Fwp%2Fv2%2Ftags&post=85648"}],"curies":[{"name":"wp","href":"https:\/\/api.w.org\/{rel}","templated":true}]}}