{"id":85650,"date":"2025-05-10T15:57:27","date_gmt":"2025-05-10T18:57:27","guid":{"rendered":"https:\/\/noticiasbahia360.com.br\/?p=85650"},"modified":"2025-05-10T15:57:27","modified_gmt":"2025-05-10T18:57:27","slug":"governador-jeronimo-acompanha-lula-em-missao-oficial-a-china-em-busca-de-investimentos-para-a-bahia","status":"publish","type":"post","link":"https:\/\/noticiasbahia360.com.br\/?p=85650","title":{"rendered":"Governador Jer\u00f4nimo acompanha Lula em miss\u00e3o oficial \u00e0 China em busca de investimentos para a Bahia"},"content":{"rendered":"<div>\n<div>\n<figure><img decoding=\"async\" src=\"http:\/\/noticiasbahia360.com.br\/wp-content\/uploads\/2025\/05\/Governador-em-Serrinha-ft-ney-silva-acorda-cidade3.jpg\" alt=\"Governador Jer\u00f4nimo Rodrigues em Serrinha\"><figcaption>Governador Jer\u00f4nimo Rodrigues | Foto: Ney Silva\/Acorda Cidade<\/figcaption><\/figure>\n<\/div>\n<p>O governador Jer\u00f4nimo Rodrigues viaja, neste s\u00e1bado (10), para uma miss\u00e3o internacional na China, ao lado do presidente Luiz In\u00e1cio <a href=\"https:\/\/www.acordacidade.com.br\/tag\/lula\/\">Lula<\/a> da Silva. Jer\u00f4nimo integra a comitiva brasileira, que vai a Pequim para uma s\u00e9rie de reuni\u00f5es bilaterais, com o governo e empres\u00e1rios chineses, em busca de novos investimentos e parcerias estrat\u00e9gicas em \u00e1reas como energia, infraestrutura, tecnologia e sa\u00fade. Al\u00e9m do presidente Lula, a miss\u00e3o internacional ter\u00e1 a participa\u00e7\u00e3o de ministros, como Rui Costa, da Casa Civil; Alexandre Padilha, da Sa\u00fade, entre outros.<\/p>\n<p>\u201cEstou seguindo para a China, ao lado do presidente Lula e de ministros, com boas expectativas para que possamos trazer ainda mais investimentos e desenvolvimento para a Bahia. O estado tem projetos importantes, em parceria com os chineses, como a Ponte Salvador-Itaparica, a f\u00e1brica da BYD, em Cama\u00e7ari, al\u00e9m de rela\u00e7\u00f5es importantes com empresas da \u00e1rea de energias renov\u00e1veis\u201d, destacou Jer\u00f4nimo.<\/p>\n<p>Ap\u00f3s os compromissos conjuntos com o Governo Federal, o governador permanecer\u00e1 mais alguns dias na China, para reuni\u00f5es com empresas locais que pretendem investir ou ampliar investimentos na Bahia. A comitiva da Bahia visitar\u00e1, ainda, a f\u00e1brica e a sede da empresa Hotgen, especializada em produtos de sa\u00fade, no munic\u00edpio de Langfang, a 70 quil\u00f4metros de Pequim. O encontro, articulado pela Secretaria da Sa\u00fade da Bahia (Sesab), visa a coopera\u00e7\u00e3o em tecnologia laboratorial e a produ\u00e7\u00e3o de testes r\u00e1pidos para doen\u00e7as como dengue, zika e covid-19, pela Bahiafarma.<\/p>\n<p>Al\u00e9m das visitas t\u00e9cnicas e reuni\u00f5es, Jer\u00f4nimo Rodrigues participar\u00e1 do F\u00f3rum Empresarial China-Brasil, que re\u00fane lideran\u00e7as dos dois pa\u00edses para apresentar oportunidades de investimentos e novos neg\u00f3cios. O retorno do governador baiano est\u00e1 previsto para o pr\u00f3ximo s\u00e1bado (17), com chegada a Salvador no domingo, dia 18 de maio.<\/p>\n<p><em>Siga o Acorda Cidade no<\/em><a href=\"https:\/\/news.google.com\/search?q=acorda%20cidade&amp;hl=pt-BR&amp;gl=BR&amp;ceid=BR%3Apt-419\"><strong><em> Google Not\u00edcias<\/em><\/strong><\/a><em> e receba os principais destaques do dia. Participe tamb\u00e9m dos nossos canais no <\/em><a href=\"https:\/\/whatsapp.com\/channel\/0029Va6Rb4v3WHTNnsh8WI3N\"><strong><em>WhatsApp<\/em><\/strong><\/a><em> e <\/em><a href=\"https:\/\/www.youtube.com\/@acordacidadenoticias\/videos\"><strong>Youtube<\/strong><\/a><em> e grupo de <\/em><a href=\"https:\/\/t.me\/+sSz0khrgARA0ZmRh\"><strong><em>Telegram<\/em><\/strong><\/a><em>.<\/em><\/p>\n<\/div>\n","protected":false},"excerpt":{"rendered":"<div>\n<div>\n<figure><img decoding=\"async\" src=\"https:\/\/uploads.acordacidade.com.br\/2025\/02\/Governador-em-Serrinha-ft-ney-silva-acorda-cidade3.jpg\" alt=\"Governador Jer\u00f4nimo Rodrigues em Serrinha\"><figcaption>Governador Jer\u00f4nimo Rodrigues | Foto: Ney Silva\/Acorda Cidade<\/figcaption><\/figure>\n<\/div>\n<p>Jer\u00f4nimo integra a comitiva brasileira, que vai a Pequim para uma s\u00e9rie de reuni\u00f5es bilaterais.<\/p><\/div>\n","protected":false},"author":1,"featured_media":85651,"comment_status":"closed","ping_status":"closed","sticky":false,"template":"","format":"gallery","meta":{"footnotes":""},"categories":[8,9,6,57,56,10],"tags":[],"class_list":["post-85650","post","type-post","status-publish","format-gallery","has-post-thumbnail","hentry","category-bahia","category-brasil","category-feira-de-santana","category-mundo","category-policia","category-politica","post_format-post-format-gallery"],"featured_image_urls":{"full":["https:\/\/noticiasbahia360.com.br\/wp-content\/uploads\/2025\/05\/Governador-em-Serrinha-ft-ney-silva-acorda-cidade3.jpg",1920,1303,false],"thumbnail":["https:\/\/noticiasbahia360.com.br\/wp-content\/uploads\/2025\/05\/Governador-em-Serrinha-ft-ney-silva-acorda-cidade3-150x150.jpg",150,150,true],"medium":["https:\/\/noticiasbahia360.com.br\/wp-content\/uploads\/2025\/05\/Governador-em-Serrinha-ft-ney-silva-acorda-cidade3-300x204.jpg",300,204,true],"medium_large":["https:\/\/noticiasbahia360.com.br\/wp-content\/uploads\/2025\/05\/Governador-em-Serrinha-ft-ney-silva-acorda-cidade3-768x521.jpg",640,434,true],"large":["https:\/\/noticiasbahia360.com.br\/wp-content\/uploads\/2025\/05\/Governador-em-Serrinha-ft-ney-silva-acorda-cidade3-1024x695.jpg",640,434,true],"1536x1536":["https:\/\/noticiasbahia360.com.br\/wp-content\/uploads\/2025\/05\/Governador-em-Serrinha-ft-ney-silva-acorda-cidade3-1536x1042.jpg",1536,1042,true],"2048x2048":["https:\/\/noticiasbahia360.com.br\/wp-content\/uploads\/2025\/05\/Governador-em-Serrinha-ft-ney-silva-acorda-cidade3.jpg",1920,1303,false],"chromenews-featured":["https:\/\/noticiasbahia360.com.br\/wp-content\/uploads\/2025\/05\/Governador-em-Serrinha-ft-ney-silva-acorda-cidade3-1024x695.jpg",1024,695,true],"chromenews-large":["https:\/\/noticiasbahia360.com.br\/wp-content\/uploads\/2025\/05\/Governador-em-Serrinha-ft-ney-silva-acorda-cidade3-825x575.jpg",825,575,true],"chromenews-medium":["https:\/\/noticiasbahia360.com.br\/wp-content\/uploads\/2025\/05\/Governador-em-Serrinha-ft-ney-silva-acorda-cidade3-590x410.jpg",590,410,true]},"author_info":{"display_name":"noticiasbahia360.com.br","author_link":"https:\/\/noticiasbahia360.com.br\/?author=1"},"category_info":"<a href=\"https:\/\/noticiasbahia360.com.br\/?cat=8\" rel=\"category\">Bahia<\/a> <a href=\"https:\/\/noticiasbahia360.com.br\/?cat=9\" rel=\"category\">Brasil<\/a> <a href=\"https:\/\/noticiasbahia360.com.br\/?cat=6\" rel=\"category\">Feira de Santana<\/a> <a href=\"https:\/\/noticiasbahia360.com.br\/?cat=57\" rel=\"category\">Mundo<\/a> <a href=\"https:\/\/noticiasbahia360.com.br\/?cat=56\" rel=\"category\">Pol\u00edcia<\/a> <a href=\"https:\/\/noticiasbahia360.com.br\/?cat=10\" rel=\"category\">Pol\u00edtica<\/a>","tag_info":"Pol\u00edtica","comment_count":"0","_links":{"self":[{"href":"https:\/\/noticiasbahia360.com.br\/index.php?rest_route=\/wp\/v2\/posts\/85650","targetHints":{"allow":["GET"]}}],"collection":[{"href":"https:\/\/noticiasbahia360.com.br\/index.php?rest_route=\/wp\/v2\/posts"}],"about":[{"href":"https:\/\/noticiasbahia360.com.br\/index.php?rest_route=\/wp\/v2\/types\/post"}],"author":[{"embeddable":true,"href":"https:\/\/noticiasbahia360.com.br\/index.php?rest_route=\/wp\/v2\/users\/1"}],"replies":[{"embeddable":true,"href":"https:\/\/noticiasbahia360.com.br\/index.php?rest_route=%2Fwp%2Fv2%2Fcomments&post=85650"}],"version-history":[{"count":0,"href":"https:\/\/noticiasbahia360.com.br\/index.php?rest_route=\/wp\/v2\/posts\/85650\/revisions"}],"wp:featuredmedia":[{"embeddable":true,"href":"https:\/\/noticiasbahia360.com.br\/index.php?rest_route=\/wp\/v2\/media\/85651"}],"wp:attachment":[{"href":"https:\/\/noticiasbahia360.com.br\/index.php?rest_route=%2Fwp%2Fv2%2Fmedia&parent=85650"}],"wp:term":[{"taxonomy":"category","embeddable":true,"href":"https:\/\/noticiasbahia360.com.br\/index.php?rest_route=%2Fwp%2Fv2%2Fcategories&post=85650"},{"taxonomy":"post_tag","embeddable":true,"href":"https:\/\/noticiasbahia360.com.br\/index.php?rest_route=%2Fwp%2Fv2%2Ftags&post=85650"}],"curies":[{"name":"wp","href":"https:\/\/api.w.org\/{rel}","templated":true}]}}