{"id":85652,"date":"2025-05-10T15:57:32","date_gmt":"2025-05-10T18:57:32","guid":{"rendered":"https:\/\/noticiasbahia360.com.br\/?p=85652"},"modified":"2025-05-10T15:57:32","modified_gmt":"2025-05-10T18:57:32","slug":"dia-d-da-vacinacao-contra-a-gripe-tem-adesao-completa-na-bahia","status":"publish","type":"post","link":"https:\/\/noticiasbahia360.com.br\/?p=85652","title":{"rendered":"Dia D da vacina\u00e7\u00e3o contra a gripe tem ades\u00e3o completa na Bahia"},"content":{"rendered":"<div>\n<div>\n<figure><img decoding=\"async\" src=\"http:\/\/noticiasbahia360.com.br\/wp-content\/uploads\/2025\/05\/campanhadevacinacao_salvador_ascom_sesab.jpg\" alt=\"Campanha de Vacina\u00e7\u00e3o\"><figcaption>Foto: Ascom\/Sesab<\/figcaption><\/figure>\n<\/div>\n<p>Neste s\u00e1bado (10), Dia D da vacina\u00e7\u00e3o contra a gripe, todos os 417 munic\u00edpios baianos aderiram \u00e0 mobiliza\u00e7\u00e3o nacional, numa demonstra\u00e7\u00e3o de unidade e compromisso com a sa\u00fade p\u00fablica. Em Salvador, a a\u00e7\u00e3o contou com um drive-thru de vacina\u00e7\u00e3o montado no estacionamento do Centro de Conven\u00e7\u00f5es, fruto de parceria entre o Governo do Estado e a Prefeitura.<\/p>\n<p>A mobiliza\u00e7\u00e3o teve in\u00edcio na sexta-feira (9), quando 899 doses foram aplicadas apenas no drive, segundo a coordenadora de imuniza\u00e7\u00e3o da capital, Doiane Lemos. \u201cHoje, esperamos superar esse n\u00famero. A ades\u00e3o da popula\u00e7\u00e3o tem sido expressiva e mostra que as pessoas compreendem a import\u00e2ncia de se proteger\u201d, afirmou.<\/p>\n<p>Presente na a\u00e7\u00e3o, a secret\u00e1ria da Sa\u00fade do Estado, Roberta Santana, refor\u00e7ou o apelo pela vacina\u00e7\u00e3o como forma de cuidado coletivo. \u201cVacinar \u00e9 mais do que um ato de prote\u00e7\u00e3o individual: \u00e9 um gesto de amor com quem a gente ama e tamb\u00e9m com quem a gente n\u00e3o conhece. \u00c9 assim que fortalecemos o SUS e salvamos vidas\u201d, declarou.<\/p>\n<p>O vice-governador, Geraldo J\u00fanior, tamb\u00e9m acompanhou a mobiliza\u00e7\u00e3o e destacou o esfor\u00e7o conjunto para alcan\u00e7ar os baianos em todos os territ\u00f3rios. \u201cEstamos nas ruas, nos postos e nos shoppings, garantindo que todos tenham acesso \u00e0 vacina. Essa \u00e9 uma demonstra\u00e7\u00e3o clara de que sa\u00fade \u00e9 prioridade para o nosso governo\u201d, disse.<\/p>\n<p>A a\u00e7\u00e3o ocorre na v\u00e9spera do Dia das M\u00e3es e busca sensibilizar as fam\u00edlias a cuidarem umas das outras. A campanha tem como p\u00fablico-alvo mais de 3,6 milh\u00f5es de baianos, sendo as crian\u00e7as de 6 meses a menores de 6 anos, gestantes e idosos os p\u00fablicos priorit\u00e1rios.<\/p>\n<p>Tamb\u00e9m fazem parte dos grupos eleg\u00edveis as pu\u00e9rperas, povos ind\u00edgenas, quilombolas, pessoas em situa\u00e7\u00e3o de rua, trabalhadores da sa\u00fade, professores, profissionais das for\u00e7as de seguran\u00e7a e salvamento, for\u00e7as armadas, pessoas com defici\u00eancia permanente, caminhoneiros, trabalhadores de transporte coletivo rodovi\u00e1rio, trabalhadores portu\u00e1rios, trabalhadores dos Correios, popula\u00e7\u00e3o privada de liberdade e funcion\u00e1rios do sistema prisional, al\u00e9m de adolescentes e jovens de 12 a 21 anos sob medidas socioeducativas e pessoas com doen\u00e7as cr\u00f4nicas n\u00e3o transmiss\u00edveis e outras condi\u00e7\u00f5es cl\u00ednicas especiais, independentemente da idade.<\/p>\n<p>At\u00e9 o momento, mais de 880 mil doses j\u00e1 foram aplicadas em toda a Bahia, que ocupa a quinta coloca\u00e7\u00e3o no ranking nacional de cobertura.<\/p>\n<p>A Bahia registrou uma redu\u00e7\u00e3o de 37,11% nos casos de S\u00edndromes Respirat\u00f3rias Agudas Graves (SRAGs) em rela\u00e7\u00e3o ao mesmo per\u00edodo do ano passado. A vacina\u00e7\u00e3o segue como principal estrat\u00e9gia para evitar o agravamento dessas doen\u00e7as, especialmente com a chegada do per\u00edodo mais frio.<\/p>\n<p><em>Siga o Acorda Cidade no<\/em><a href=\"https:\/\/news.google.com\/search?q=acorda%20cidade&amp;hl=pt-BR&amp;gl=BR&amp;ceid=BR%3Apt-419\"><strong><em> Google Not\u00edcias<\/em><\/strong><\/a><em> e receba os principais destaques do dia. Participe tamb\u00e9m dos nossos canais no <\/em><a href=\"https:\/\/whatsapp.com\/channel\/0029Va6Rb4v3WHTNnsh8WI3N\"><strong><em>WhatsApp<\/em><\/strong><\/a><em> e <\/em><a href=\"https:\/\/www.youtube.com\/@acordacidadenoticias\/videos\"><strong>Youtube<\/strong><\/a><em> e grupo de <\/em><a href=\"https:\/\/t.me\/+sSz0khrgARA0ZmRh\"><strong><em>Telegram<\/em><\/strong><\/a><em>.<\/em><\/p>\n<\/div>\n","protected":false},"excerpt":{"rendered":"<div>\n<div>\n<figure><img decoding=\"async\" src=\"https:\/\/uploads.acordacidade.com.br\/2025\/05\/campanhadevacinacao_salvador_ascom_sesab.jpg\" alt=\"Campanha de Vacina\u00e7\u00e3o\"><figcaption>Foto: Ascom\/Sesab<\/figcaption><\/figure>\n<\/div>\n<p>Em Salvador, a a\u00e7\u00e3o contou com um drive-thru de vacina\u00e7\u00e3o montado no estacionamento do Centro de Conven\u00e7\u00f5es.<\/p><\/div>\n","protected":false},"author":1,"featured_media":85653,"comment_status":"closed","ping_status":"closed","sticky":false,"template":"","format":"gallery","meta":{"footnotes":""},"categories":[8,9,6,57,56,10],"tags":[],"class_list":["post-85652","post","type-post","status-publish","format-gallery","has-post-thumbnail","hentry","category-bahia","category-brasil","category-feira-de-santana","category-mundo","category-policia","category-politica","post_format-post-format-gallery"],"featured_image_urls":{"full":["https:\/\/noticiasbahia360.com.br\/wp-content\/uploads\/2025\/05\/campanhadevacinacao_salvador_ascom_sesab.jpg",1200,900,false],"thumbnail":["https:\/\/noticiasbahia360.com.br\/wp-content\/uploads\/2025\/05\/campanhadevacinacao_salvador_ascom_sesab-150x150.jpg",150,150,true],"medium":["https:\/\/noticiasbahia360.com.br\/wp-content\/uploads\/2025\/05\/campanhadevacinacao_salvador_ascom_sesab-300x225.jpg",300,225,true],"medium_large":["https:\/\/noticiasbahia360.com.br\/wp-content\/uploads\/2025\/05\/campanhadevacinacao_salvador_ascom_sesab-768x576.jpg",640,480,true],"large":["https:\/\/noticiasbahia360.com.br\/wp-content\/uploads\/2025\/05\/campanhadevacinacao_salvador_ascom_sesab-1024x768.jpg",640,480,true],"1536x1536":["https:\/\/noticiasbahia360.com.br\/wp-content\/uploads\/2025\/05\/campanhadevacinacao_salvador_ascom_sesab.jpg",1200,900,false],"2048x2048":["https:\/\/noticiasbahia360.com.br\/wp-content\/uploads\/2025\/05\/campanhadevacinacao_salvador_ascom_sesab.jpg",1200,900,false],"chromenews-featured":["https:\/\/noticiasbahia360.com.br\/wp-content\/uploads\/2025\/05\/campanhadevacinacao_salvador_ascom_sesab-1024x768.jpg",1024,768,true],"chromenews-large":["https:\/\/noticiasbahia360.com.br\/wp-content\/uploads\/2025\/05\/campanhadevacinacao_salvador_ascom_sesab-825x575.jpg",825,575,true],"chromenews-medium":["https:\/\/noticiasbahia360.com.br\/wp-content\/uploads\/2025\/05\/campanhadevacinacao_salvador_ascom_sesab-590x410.jpg",590,410,true]},"author_info":{"display_name":"noticiasbahia360.com.br","author_link":"https:\/\/noticiasbahia360.com.br\/?author=1"},"category_info":"<a href=\"https:\/\/noticiasbahia360.com.br\/?cat=8\" rel=\"category\">Bahia<\/a> <a href=\"https:\/\/noticiasbahia360.com.br\/?cat=9\" rel=\"category\">Brasil<\/a> <a href=\"https:\/\/noticiasbahia360.com.br\/?cat=6\" rel=\"category\">Feira de Santana<\/a> <a href=\"https:\/\/noticiasbahia360.com.br\/?cat=57\" rel=\"category\">Mundo<\/a> <a href=\"https:\/\/noticiasbahia360.com.br\/?cat=56\" rel=\"category\">Pol\u00edcia<\/a> <a href=\"https:\/\/noticiasbahia360.com.br\/?cat=10\" rel=\"category\">Pol\u00edtica<\/a>","tag_info":"Pol\u00edtica","comment_count":"0","_links":{"self":[{"href":"https:\/\/noticiasbahia360.com.br\/index.php?rest_route=\/wp\/v2\/posts\/85652","targetHints":{"allow":["GET"]}}],"collection":[{"href":"https:\/\/noticiasbahia360.com.br\/index.php?rest_route=\/wp\/v2\/posts"}],"about":[{"href":"https:\/\/noticiasbahia360.com.br\/index.php?rest_route=\/wp\/v2\/types\/post"}],"author":[{"embeddable":true,"href":"https:\/\/noticiasbahia360.com.br\/index.php?rest_route=\/wp\/v2\/users\/1"}],"replies":[{"embeddable":true,"href":"https:\/\/noticiasbahia360.com.br\/index.php?rest_route=%2Fwp%2Fv2%2Fcomments&post=85652"}],"version-history":[{"count":0,"href":"https:\/\/noticiasbahia360.com.br\/index.php?rest_route=\/wp\/v2\/posts\/85652\/revisions"}],"wp:featuredmedia":[{"embeddable":true,"href":"https:\/\/noticiasbahia360.com.br\/index.php?rest_route=\/wp\/v2\/media\/85653"}],"wp:attachment":[{"href":"https:\/\/noticiasbahia360.com.br\/index.php?rest_route=%2Fwp%2Fv2%2Fmedia&parent=85652"}],"wp:term":[{"taxonomy":"category","embeddable":true,"href":"https:\/\/noticiasbahia360.com.br\/index.php?rest_route=%2Fwp%2Fv2%2Fcategories&post=85652"},{"taxonomy":"post_tag","embeddable":true,"href":"https:\/\/noticiasbahia360.com.br\/index.php?rest_route=%2Fwp%2Fv2%2Ftags&post=85652"}],"curies":[{"name":"wp","href":"https:\/\/api.w.org\/{rel}","templated":true}]}}