{"id":85657,"date":"2025-05-10T18:58:05","date_gmt":"2025-05-10T21:58:05","guid":{"rendered":"https:\/\/noticiasbahia360.com.br\/?p=85657"},"modified":"2025-05-10T18:58:05","modified_gmt":"2025-05-10T21:58:05","slug":"duas-mulheres-morrem-em-acidente-entre-carro-e-moto-em-estrada-vicinal-de-valente","status":"publish","type":"post","link":"https:\/\/noticiasbahia360.com.br\/?p=85657","title":{"rendered":"Duas mulheres morrem em acidente entre carro e moto em estrada vicinal de Valente"},"content":{"rendered":"<div>\n<div>\n<figure><img decoding=\"async\" src=\"http:\/\/noticiasbahia360.com.br\/wp-content\/uploads\/2025\/05\/mulheresmortasemacidente_valente.jpg\" alt=\"V\u00edtimas de Acidente\"><figcaption>Foto: Arquivo Pessoal<\/figcaption><\/figure>\n<\/div>\n<p>Duas mulheres morreram na manh\u00e3 deste s\u00e1bado (10) ap\u00f3s um grave acidente entre uma motocicleta e um ve\u00edculo na zona rural do munic\u00edpio.<\/p>\n<p>As v\u00edtimas foram identificadas como Geol\u00e2ndia Rodrigues dos Santos, de 46 anos, que conduzia a moto, e Dorotildes Maria da Silva, de 59 anos, que completaria 60 anos em 4 de junho. Ambas residiam na comunidade de Cip\u00f3 de Leite, em Valente, e eram primas.<\/p>\n<p>De acordo com informa\u00e7\u00f5es do Portal Calila Not\u00edcias, parceiro do Acorda Cidade, as mulheres seguiam em dire\u00e7\u00e3o \u00e0 sede do munic\u00edpio quando, por volta das 8h, foram atingidas por um ve\u00edculo Fiat Strada, que trafegava no sentido oposto. O acidente ocorreu em uma curva conhecida como \u201cCurva dos Eucaliptos\u201d. As duas v\u00edtimas morreram ainda no local.<\/p>\n<p>O motorista do carro teria fugido do local logo ap\u00f3s a colis\u00e3o. Testemunhas relataram que o ve\u00edculo estava em alta velocidade no momento do impacto.<\/p>\n<p>Dhi\u00f3, \u00fanico filho de Dorotildes e seguran\u00e7a do Banco do Nordeste de Concei\u00e7\u00e3o do Coit\u00e9, relatou que as primas costumavam fazer esse trajeto com frequ\u00eancia. \u201cEu estava em Cip\u00f3 de Leite quando soube do acidente. Fui at\u00e9 o local, mas, infelizmente, j\u00e1 encontrei as duas sem vida\u201d, declarou, emocionado.<\/p>\n<p>Os corpos foram recolhidos no in\u00edcio da tarde por uma equipe do Departamento de Pol\u00edcia T\u00e9cnica (DPT) de Serrinha. O caso ocorre poucos dias ap\u00f3s outro acidente fatal envolvendo tr\u00eas idosos.<\/p>\n<p>A Pol\u00edcia Civil investiga as circunst\u00e2ncias do acidente e realiza dilig\u00eancias para localizar o motorista do Fiat Strada.<\/p>\n<p><strong>Leia tamb\u00e9m:<\/strong><\/p>\n<p><a href=\"https:\/\/www.acordacidade.com.br\/bahia\/numero-de-mortos-em-acidente-na-ba-416-sobe-para-tres\/\">N\u00famero de mortos em acidente na BA-416 sobe para tr\u00eas<\/a><\/p>\n<p><a href=\"https:\/\/www.acordacidade.com.br\/bahia\/grave-acidente-deixa-tio-e-sobrinho-mortos-na-ba-416-entre-valente-e-sao-domingos\/\">Grave acidente deixa tio e sobrinho mortos na BA-416, entre Valente e S\u00e3o Domingos<\/a><\/p>\n<p><em>Siga o Acorda Cidade no<\/em><a href=\"https:\/\/news.google.com\/search?q=acorda%20cidade&amp;hl=pt-BR&amp;gl=BR&amp;ceid=BR%3Apt-419\"><strong><em> Google Not\u00edcias<\/em><\/strong><\/a><em> e receba os principais destaques do dia. Participe tamb\u00e9m dos nossos canais no <\/em><a href=\"https:\/\/whatsapp.com\/channel\/0029Va6Rb4v3WHTNnsh8WI3N\"><strong><em>WhatsApp<\/em><\/strong><\/a><em> e <\/em><a href=\"https:\/\/www.youtube.com\/@acordacidadenoticias\/videos\"><strong>Youtube<\/strong><\/a><em> e grupo de <\/em><a href=\"https:\/\/t.me\/+sSz0khrgARA0ZmRh\"><strong><em>Telegram<\/em><\/strong><\/a><em>.<\/em><\/p>\n<\/div>\n","protected":false},"excerpt":{"rendered":"<div>\n<div>\n<figure><img decoding=\"async\" src=\"https:\/\/uploads.acordacidade.com.br\/2025\/05\/mulheresmortasemacidente_valente.jpg\" alt=\"V\u00edtimas de Acidente\"><figcaption>Foto: Arquivo Pessoal<\/figcaption><\/figure>\n<\/div>\n<p>A Pol\u00edcia Civil investiga as circunst\u00e2ncias do acidente.<\/p><\/div>\n","protected":false},"author":1,"featured_media":85658,"comment_status":"closed","ping_status":"closed","sticky":false,"template":"","format":"gallery","meta":{"footnotes":""},"categories":[8,9,6,57,56,10],"tags":[],"class_list":["post-85657","post","type-post","status-publish","format-gallery","has-post-thumbnail","hentry","category-bahia","category-brasil","category-feira-de-santana","category-mundo","category-policia","category-politica","post_format-post-format-gallery"],"featured_image_urls":{"full":["https:\/\/noticiasbahia360.com.br\/wp-content\/uploads\/2025\/05\/mulheresmortasemacidente_valente.jpg",1200,720,false],"thumbnail":["https:\/\/noticiasbahia360.com.br\/wp-content\/uploads\/2025\/05\/mulheresmortasemacidente_valente-150x150.jpg",150,150,true],"medium":["https:\/\/noticiasbahia360.com.br\/wp-content\/uploads\/2025\/05\/mulheresmortasemacidente_valente-300x180.jpg",300,180,true],"medium_large":["https:\/\/noticiasbahia360.com.br\/wp-content\/uploads\/2025\/05\/mulheresmortasemacidente_valente-768x461.jpg",640,384,true],"large":["https:\/\/noticiasbahia360.com.br\/wp-content\/uploads\/2025\/05\/mulheresmortasemacidente_valente-1024x614.jpg",640,384,true],"1536x1536":["https:\/\/noticiasbahia360.com.br\/wp-content\/uploads\/2025\/05\/mulheresmortasemacidente_valente.jpg",1200,720,false],"2048x2048":["https:\/\/noticiasbahia360.com.br\/wp-content\/uploads\/2025\/05\/mulheresmortasemacidente_valente.jpg",1200,720,false],"chromenews-featured":["https:\/\/noticiasbahia360.com.br\/wp-content\/uploads\/2025\/05\/mulheresmortasemacidente_valente-1024x614.jpg",1024,614,true],"chromenews-large":["https:\/\/noticiasbahia360.com.br\/wp-content\/uploads\/2025\/05\/mulheresmortasemacidente_valente-825x575.jpg",825,575,true],"chromenews-medium":["https:\/\/noticiasbahia360.com.br\/wp-content\/uploads\/2025\/05\/mulheresmortasemacidente_valente-590x410.jpg",590,410,true]},"author_info":{"display_name":"noticiasbahia360.com.br","author_link":"https:\/\/noticiasbahia360.com.br\/?author=1"},"category_info":"<a href=\"https:\/\/noticiasbahia360.com.br\/?cat=8\" rel=\"category\">Bahia<\/a> <a href=\"https:\/\/noticiasbahia360.com.br\/?cat=9\" rel=\"category\">Brasil<\/a> <a href=\"https:\/\/noticiasbahia360.com.br\/?cat=6\" rel=\"category\">Feira de Santana<\/a> <a href=\"https:\/\/noticiasbahia360.com.br\/?cat=57\" rel=\"category\">Mundo<\/a> <a href=\"https:\/\/noticiasbahia360.com.br\/?cat=56\" rel=\"category\">Pol\u00edcia<\/a> <a href=\"https:\/\/noticiasbahia360.com.br\/?cat=10\" rel=\"category\">Pol\u00edtica<\/a>","tag_info":"Pol\u00edtica","comment_count":"0","_links":{"self":[{"href":"https:\/\/noticiasbahia360.com.br\/index.php?rest_route=\/wp\/v2\/posts\/85657","targetHints":{"allow":["GET"]}}],"collection":[{"href":"https:\/\/noticiasbahia360.com.br\/index.php?rest_route=\/wp\/v2\/posts"}],"about":[{"href":"https:\/\/noticiasbahia360.com.br\/index.php?rest_route=\/wp\/v2\/types\/post"}],"author":[{"embeddable":true,"href":"https:\/\/noticiasbahia360.com.br\/index.php?rest_route=\/wp\/v2\/users\/1"}],"replies":[{"embeddable":true,"href":"https:\/\/noticiasbahia360.com.br\/index.php?rest_route=%2Fwp%2Fv2%2Fcomments&post=85657"}],"version-history":[{"count":0,"href":"https:\/\/noticiasbahia360.com.br\/index.php?rest_route=\/wp\/v2\/posts\/85657\/revisions"}],"wp:featuredmedia":[{"embeddable":true,"href":"https:\/\/noticiasbahia360.com.br\/index.php?rest_route=\/wp\/v2\/media\/85658"}],"wp:attachment":[{"href":"https:\/\/noticiasbahia360.com.br\/index.php?rest_route=%2Fwp%2Fv2%2Fmedia&parent=85657"}],"wp:term":[{"taxonomy":"category","embeddable":true,"href":"https:\/\/noticiasbahia360.com.br\/index.php?rest_route=%2Fwp%2Fv2%2Fcategories&post=85657"},{"taxonomy":"post_tag","embeddable":true,"href":"https:\/\/noticiasbahia360.com.br\/index.php?rest_route=%2Fwp%2Fv2%2Ftags&post=85657"}],"curies":[{"name":"wp","href":"https:\/\/api.w.org\/{rel}","templated":true}]}}