{"id":85661,"date":"2025-05-10T21:01:07","date_gmt":"2025-05-11T00:01:07","guid":{"rendered":"https:\/\/noticiasbahia360.com.br\/?p=85661"},"modified":"2025-05-10T21:01:07","modified_gmt":"2025-05-11T00:01:07","slug":"show-oracional-com-frei-mario-sergio-abre-preparativos-para-o-trezenario-de-santo-antonio-em-feira-de-santana","status":"publish","type":"post","link":"https:\/\/noticiasbahia360.com.br\/?p=85661","title":{"rendered":"Show oracional com Frei M\u00e1rio S\u00e9rgio abre preparativos para o Trezen\u00e1rio de Santo Ant\u00f4nio, em Feira de Santana"},"content":{"rendered":"<div>\n<div>\n<figure><img decoding=\"async\" src=\"http:\/\/noticiasbahia360.com.br\/wp-content\/uploads\/2025\/05\/festadosromeiros_edsantos_acordacidade-13.jpeg\" alt=\"Festa dos Romeiros\"><figcaption>Foto: Ed Santos\/Acorda Cidade<\/figcaption><\/figure>\n<\/div>\n<p>A comunidade cat\u00f3lica de Feira de Santana se prepara para um importante momento de f\u00e9 e solidariedade. No pr\u00f3ximo dia 18 de maio, \u00e0s 19h, acontece o show oracional com o Frei M\u00e1rio S\u00e9rgio, na quadra do Col\u00e9gio Santo Ant\u00f4nio. Com o tema \u201cA esperan\u00e7a n\u00e3o decepciona\u201d, o evento tem car\u00e1ter espiritual e beneficente, sendo parte da prepara\u00e7\u00e3o para o Trezen\u00e1rio de Santo Ant\u00f4nio, que ocorrer\u00e1 entre os dias 31 de maio e 13 de junho.<\/p>\n<figure class=\"wp-block-image size-large\"><img fetchpriority=\"high\" data-dominant-color=\"70695b\" data-has-transparency=\"false\" style=\"--dominant-color: #70695b;\" fetchpriority=\"high\" decoding=\"async\" width=\"819\" height=\"1024\" sizes=\"(max-width: 819px) 100vw, 819px\" src=\"http:\/\/noticiasbahia360.com.br\/wp-content\/uploads\/2025\/05\/SQb0uPdX-showdefreimariosergio_divulgacao-1-819x1024-1.webp\" alt=\"Show Oracional\" class=\"wp-image-551931 not-transparent\" srcset=\"https:\/\/uploads.acordacidade.com.br\/2025\/05\/SQb0uPdX-showdefreimariosergio_divulgacao-1-240x300.webp 240w, http:\/\/noticiasbahia360.com.br\/wp-content\/uploads\/2025\/05\/SQb0uPdX-showdefreimariosergio_divulgacao-1-819x1024-1.webp 819w, https:\/\/uploads.acordacidade.com.br\/2025\/05\/SQb0uPdX-showdefreimariosergio_divulgacao-1-768x960.webp 768w, https:\/\/uploads.acordacidade.com.br\/2025\/05\/SQb0uPdX-showdefreimariosergio_divulgacao-1-150x188.webp 150w, https:\/\/uploads.acordacidade.com.br\/2025\/05\/SQb0uPdX-showdefreimariosergio_divulgacao-1.webp 1200w\"><figcaption class=\"wp-element-caption\">Foto: Divulga\u00e7\u00e3o<\/figcaption><\/figure>\n<p>Os ingressos para o show j\u00e1 est\u00e3o \u00e0 venda na Secretaria Paroquial do Santu\u00e1rio Santo Ant\u00f4nio dos Frades Capuchinhos. O valor individual \u00e9 de R$ 40, mas h\u00e1 a op\u00e7\u00e3o de adquirir o ingresso com a camisa oficial da festa por R$ 70. Os ingressos s\u00e3o limitados.<\/p>\n<p>De acordo com Cl\u00e1udio Gonzaga, membro da comiss\u00e3o organizadora do Trezen\u00e1rio, o show tem papel fundamental para a viabiliza\u00e7\u00e3o da festa. \u201cEsse show \u00e9 de extrema import\u00e2ncia porque vai nos ajudar com as despesas, que s\u00e3o muitas. Frei M\u00e1rio S\u00e9rgio vem com toda boa vontade, se deslocando de Aracaju para estar conosco nesse momento de ora\u00e7\u00e3o\u201d, afirmou em entrevista ao portal Acorda Cidade.<\/p>\n<p>Ainda segundo Cl\u00e1udio, o objetivo do evento vai al\u00e9m da arrecada\u00e7\u00e3o de recursos. \u201cO mais importante \u00e9 levar as pessoas \u00e0 ora\u00e7\u00e3o, tocar o cora\u00e7\u00e3o dos fi\u00e9is e aproxim\u00e1-los de Deus. Por isso ser\u00e1 um show oracional, voltado \u00e0 espiritualidade\u201d, destacou.<\/p>\n<blockquote class=\"instagram-media\" data-instgrm-captioned data-instgrm-permalink=\"https:\/\/www.instagram.com\/reel\/DIyxI7SstAq\/?utm_source=ig_embed&amp;utm_campaign=loading\" data-instgrm-version=\"14\" style=\" background:#FFF; border:0; border-radius:3px; box-shadow:0 0 1px 0 rgba(0,0,0,0.5),0 1px 10px 0 rgba(0,0,0,0.15); margin: 1px; max-width:540px; min-width:326px; padding:0; width:99.375%; width:-webkit-calc(100% - 2px); width:calc(100% - 2px);\">\n<div style=\"padding:16px;\"> <a href=\"https:\/\/www.instagram.com\/reel\/DIyxI7SstAq\/?utm_source=ig_embed&amp;utm_campaign=loading\" style=\" background:#FFFFFF; line-height:0; padding:0 0; text-align:center; text-decoration:none; width:100%;\" target=\"_blank\"> <\/p>\n<div style=\" display: flex; flex-direction: row; align-items: center;\">\n<div style=\"background-color: #F4F4F4; border-radius: 50%; flex-grow: 0; height: 40px; margin-right: 14px; width: 40px;\"><\/div>\n<div style=\"display: flex; flex-direction: column; flex-grow: 1; justify-content: center;\">\n<div style=\" background-color: #F4F4F4; border-radius: 4px; flex-grow: 0; height: 14px; margin-bottom: 6px; width: 100px;\"><\/div>\n<div style=\" background-color: #F4F4F4; border-radius: 4px; flex-grow: 0; height: 14px; width: 60px;\"><\/div>\n<\/div>\n<\/div>\n<div style=\"padding: 19% 0;\"><\/div>\n<div style=\"display:block; height:50px; margin:0 auto 12px; width:50px;\"><svg width=\"50px\" height=\"50px\" viewbox=\"0 0 60 60\" version=\"1.1\" xmlns=\"https:\/\/www.w3.org\/2000\/svg\" xmlns:xlink=\"https:\/\/www.w3.org\/1999\/xlink\"><g stroke=\"none\" stroke-width=\"1\" fill=\"none\" fill-rule=\"evenodd\"><g transform=\"translate(-511.000000, -20.000000)\" fill=\"#000000\"><g><path d=\"M556.869,30.41 C554.814,30.41 553.148,32.076 553.148,34.131 C553.148,36.186 554.814,37.852 556.869,37.852 C558.924,37.852 560.59,36.186 560.59,34.131 C560.59,32.076 558.924,30.41 556.869,30.41 M541,60.657 C535.114,60.657 530.342,55.887 530.342,50 C530.342,44.114 535.114,39.342 541,39.342 C546.887,39.342 551.658,44.114 551.658,50 C551.658,55.887 546.887,60.657 541,60.657 M541,33.886 C532.1,33.886 524.886,41.1 524.886,50 C524.886,58.899 532.1,66.113 541,66.113 C549.9,66.113 557.115,58.899 557.115,50 C557.115,41.1 549.9,33.886 541,33.886 M565.378,62.101 C565.244,65.022 564.756,66.606 564.346,67.663 C563.803,69.06 563.154,70.057 562.106,71.106 C561.058,72.155 560.06,72.803 558.662,73.347 C557.607,73.757 556.021,74.244 553.102,74.378 C549.944,74.521 548.997,74.552 541,74.552 C533.003,74.552 532.056,74.521 528.898,74.378 C525.979,74.244 524.393,73.757 523.338,73.347 C521.94,72.803 520.942,72.155 519.894,71.106 C518.846,70.057 518.197,69.06 517.654,67.663 C517.244,66.606 516.755,65.022 516.623,62.101 C516.479,58.943 516.448,57.996 516.448,50 C516.448,42.003 516.479,41.056 516.623,37.899 C516.755,34.978 517.244,33.391 517.654,32.338 C518.197,30.938 518.846,29.942 519.894,28.894 C520.942,27.846 521.94,27.196 523.338,26.654 C524.393,26.244 525.979,25.756 528.898,25.623 C532.057,25.479 533.004,25.448 541,25.448 C548.997,25.448 549.943,25.479 553.102,25.623 C556.021,25.756 557.607,26.244 558.662,26.654 C560.06,27.196 561.058,27.846 562.106,28.894 C563.154,29.942 563.803,30.938 564.346,32.338 C564.756,33.391 565.244,34.978 565.378,37.899 C565.522,41.056 565.552,42.003 565.552,50 C565.552,57.996 565.522,58.943 565.378,62.101 M570.82,37.631 C570.674,34.438 570.167,32.258 569.425,30.349 C568.659,28.377 567.633,26.702 565.965,25.035 C564.297,23.368 562.623,22.342 560.652,21.575 C558.743,20.834 556.562,20.326 553.369,20.18 C550.169,20.033 549.148,20 541,20 C532.853,20 531.831,20.033 528.631,20.18 C525.438,20.326 523.257,20.834 521.349,21.575 C519.376,22.342 517.703,23.368 516.035,25.035 C514.368,26.702 513.342,28.377 512.574,30.349 C511.834,32.258 511.326,34.438 511.181,37.631 C511.035,40.831 511,41.851 511,50 C511,58.147 511.035,59.17 511.181,62.369 C511.326,65.562 511.834,67.743 512.574,69.651 C513.342,71.625 514.368,73.296 516.035,74.965 C517.703,76.634 519.376,77.658 521.349,78.425 C523.257,79.167 525.438,79.673 528.631,79.82 C531.831,79.965 532.853,80.001 541,80.001 C549.148,80.001 550.169,79.965 553.369,79.82 C556.562,79.673 558.743,79.167 560.652,78.425 C562.623,77.658 564.297,76.634 565.965,74.965 C567.633,73.296 568.659,71.625 569.425,69.651 C570.167,67.743 570.674,65.562 570.82,62.369 C570.966,59.17 571,58.147 571,50 C571,41.851 570.966,40.831 570.82,37.631\"><\/path><\/g><\/g><\/g><\/svg><\/div>\n<div style=\"padding-top: 8px;\">\n<div style=\" color:#3897f0; font-family:Arial,sans-serif; font-size:14px; font-style:normal; font-weight:550; line-height:18px;\">Ver essa foto no Instagram<\/div>\n<\/div>\n<div style=\"padding: 12.5% 0;\"><\/div>\n<div style=\"display: flex; flex-direction: row; margin-bottom: 14px; align-items: center;\">\n<div>\n<div style=\"background-color: #F4F4F4; border-radius: 50%; height: 12.5px; width: 12.5px; transform: translateX(0px) translateY(7px);\"><\/div>\n<div style=\"background-color: #F4F4F4; height: 12.5px; transform: rotate(-45deg) translateX(3px) translateY(1px); width: 12.5px; flex-grow: 0; margin-right: 14px; margin-left: 2px;\"><\/div>\n<div style=\"background-color: #F4F4F4; border-radius: 50%; height: 12.5px; width: 12.5px; transform: translateX(9px) translateY(-18px);\"><\/div>\n<\/div>\n<div style=\"margin-left: 8px;\">\n<div style=\" background-color: #F4F4F4; border-radius: 50%; flex-grow: 0; height: 20px; width: 20px;\"><\/div>\n<div style=\" width: 0; height: 0; border-top: 2px solid transparent; border-left: 6px solid #f4f4f4; border-bottom: 2px solid transparent; transform: translateX(16px) translateY(-4px) rotate(30deg)\"><\/div>\n<\/div>\n<div style=\"margin-left: auto;\">\n<div style=\" width: 0px; border-top: 8px solid #F4F4F4; border-right: 8px solid transparent; transform: translateY(16px);\"><\/div>\n<div style=\" background-color: #F4F4F4; flex-grow: 0; height: 12px; width: 16px; transform: translateY(-4px);\"><\/div>\n<div style=\" width: 0; height: 0; border-top: 8px solid #F4F4F4; border-left: 8px solid transparent; transform: translateY(-4px) translateX(8px);\"><\/div>\n<\/div>\n<\/div>\n<div style=\"display: flex; flex-direction: column; flex-grow: 1; justify-content: center; margin-bottom: 24px;\">\n<div style=\" background-color: #F4F4F4; border-radius: 4px; flex-grow: 0; height: 14px; margin-bottom: 6px; width: 224px;\"><\/div>\n<div style=\" background-color: #F4F4F4; border-radius: 4px; flex-grow: 0; height: 14px; width: 144px;\"><\/div>\n<\/div>\n<p><\/a><\/p>\n<p style=\" color:#c9c8cd; font-family:Arial,sans-serif; font-size:14px; line-height:17px; margin-bottom:0; margin-top:8px; overflow:hidden; padding:8px 0 7px; text-align:center; text-overflow:ellipsis; white-space:nowrap;\"><a href=\"https:\/\/www.instagram.com\/reel\/DIyxI7SstAq\/?utm_source=ig_embed&amp;utm_campaign=loading\" style=\" color:#c9c8cd; font-family:Arial,sans-serif; font-size:14px; font-style:normal; font-weight:normal; line-height:17px; text-decoration:none;\" target=\"_blank\">Uma publica\u00e7\u00e3o compartilhada por Santu\u00e1rio de Santo Ant\u00f4nio (@santuariodoscapuchinhos)<\/a><\/p>\n<\/div>\n<\/blockquote>\n<p><script async src=\"\/\/www.instagram.com\/embed.js\"><\/script><\/p>\n<p>A apresenta\u00e7\u00e3o de Frei M\u00e1rio S\u00e9rgio integra uma s\u00e9rie de a\u00e7\u00f5es voltadas para o fortalecimento da tradi\u00e7\u00e3o do Trezen\u00e1rio. No dia 1\u00ba de junho, por exemplo, est\u00e1 programada a primeira Cavalgada de Santo Ant\u00f4nio, com expectativa de reunir entre 300 e 500 cavaleiros. A programa\u00e7\u00e3o come\u00e7a com a Santa Missa, \u00e0s 8h30, no Santu\u00e1rio Santo Ant\u00f4nio dos Frades Capuchinhos, seguida de cavalgada at\u00e9 o Parque de Exposi\u00e7\u00f5es de Feira de Santana, onde haver\u00e1 atividades durante todo o dia, com shows, comidas t\u00edpicas e momentos de confraterniza\u00e7\u00e3o.<\/p>\n<figure class=\"wp-block-image size-large is-resized\"><img data-dominant-color=\"4c3b26\" data-has-transparency=\"false\" decoding=\"async\" width=\"576\" height=\"1024\" sizes=\"(max-width: 576px) 100vw, 576px\" src=\"http:\/\/noticiasbahia360.com.br\/wp-content\/uploads\/2025\/05\/xSgDg9uP-showdefreimariosergio_divulgacao-2-576x1024-1.webp\" alt=\"Show Oracional\" class=\"wp-image-551932 not-transparent\" style=\"--dominant-color: #4c3b26; width:840px;height:auto\" srcset=\"https:\/\/uploads.acordacidade.com.br\/2025\/05\/xSgDg9uP-showdefreimariosergio_divulgacao-2-169x300.webp 169w, http:\/\/noticiasbahia360.com.br\/wp-content\/uploads\/2025\/05\/xSgDg9uP-showdefreimariosergio_divulgacao-2-576x1024-1.webp 576w, https:\/\/uploads.acordacidade.com.br\/2025\/05\/xSgDg9uP-showdefreimariosergio_divulgacao-2-768x1365.webp 768w, https:\/\/uploads.acordacidade.com.br\/2025\/05\/xSgDg9uP-showdefreimariosergio_divulgacao-2-864x1536.webp 864w, https:\/\/uploads.acordacidade.com.br\/2025\/05\/xSgDg9uP-showdefreimariosergio_divulgacao-2-1152x2048.webp 1152w, https:\/\/uploads.acordacidade.com.br\/2025\/05\/xSgDg9uP-showdefreimariosergio_divulgacao-2-150x267.webp 150w, https:\/\/uploads.acordacidade.com.br\/2025\/05\/xSgDg9uP-showdefreimariosergio_divulgacao-2.webp 1200w\"><figcaption class=\"wp-element-caption\">Foto: Divulga\u00e7\u00e3o<\/figcaption><\/figure>\n<p>A abertura do Trezen\u00e1rio ser\u00e1 no dia 31 de maio, com a Noite de Nossa Senhora. A programa\u00e7\u00e3o segue at\u00e9 o dia 13 de junho, com missas di\u00e1rias, pregadores convidados e quermesse com comidas t\u00edpicas e apresenta\u00e7\u00f5es musicais ap\u00f3s as celebra\u00e7\u00f5es. O evento \u00e9 coordenado pelo Frei Liomar, reitor do Santu\u00e1rio Santo Ant\u00f4nio dos Frades dos Capuchinhos.<\/p>\n<p>O ponto alto das comemora\u00e7\u00f5es ser\u00e1 no dia 8 de junho, quando acontece o Festival dos Romeiros. A celebra\u00e7\u00e3o atrai fi\u00e9is de mais de 10 cidades da regi\u00e3o e conta com infraestrutura ampliada este ano, com novos banheiros e \u00e1rea de acolhimento. Na data, o cantor William Sanfona comandar\u00e1 o show especial para os romeiros.<\/p>\n<p>A Festa de Santo Ant\u00f4nio \u00e9 considerada uma das maiores manifesta\u00e7\u00f5es religiosas da regi\u00e3o, reunindo milhares de fi\u00e9is em momentos de f\u00e9, devo\u00e7\u00e3o e cultura popular.<\/p>\n<p><strong>Leia tamb\u00e9m:<\/strong> <a href=\"https:\/\/www.acordacidade.com.br\/feira-de-santana\/cerca-de-80-caravanas-participam-da-festa-dos-romeiros-em-feira-de-santana\/\">Cerca de 90 caravanas participam da Festa dos Romeiros em Feira de Santana<\/a><\/p>\n<p><em>Siga o Acorda Cidade no<\/em><a href=\"https:\/\/news.google.com\/search?q=acorda%20cidade&amp;hl=pt-BR&amp;gl=BR&amp;ceid=BR%3Apt-419\"><strong><em> Google Not\u00edcias<\/em><\/strong><\/a><em> e receba os principais destaques do dia. Participe tamb\u00e9m dos nossos canais no <\/em><a href=\"https:\/\/whatsapp.com\/channel\/0029Va6Rb4v3WHTNnsh8WI3N\"><strong><em>WhatsApp<\/em><\/strong><\/a><em> e <\/em><a href=\"https:\/\/www.youtube.com\/@acordacidadenoticias\/videos\"><strong>Youtube<\/strong><\/a><em> e grupo de <\/em><a href=\"https:\/\/t.me\/+sSz0khrgARA0ZmRh\"><strong><em>Telegram<\/em><\/strong><\/a><em>.<\/em><\/p>\n<\/div>\n","protected":false},"excerpt":{"rendered":"<div>\n<div>\n<figure><img decoding=\"async\" src=\"https:\/\/www.acordacidade.com.br\/wp-content\/uploads\/2024\/06\/festadosromeiros_edsantos_acordacidade-13.jpeg\" alt=\"Festa dos Romeiros\"><figcaption>Foto: Ed Santos\/Acorda Cidade<\/figcaption><\/figure>\n<\/div>\n<p>O Trezen\u00e1rio de Santo Ant\u00f4nio, que ocorrer\u00e1 entre os dias 31 de maio e 13 de junho.<\/p><\/div>\n","protected":false},"author":1,"featured_media":85662,"comment_status":"closed","ping_status":"closed","sticky":false,"template":"","format":"gallery","meta":{"footnotes":""},"categories":[8,9,6,57,56,10],"tags":[],"class_list":["post-85661","post","type-post","status-publish","format-gallery","has-post-thumbnail","hentry","category-bahia","category-brasil","category-feira-de-santana","category-mundo","category-policia","category-politica","post_format-post-format-gallery"],"featured_image_urls":{"full":["https:\/\/noticiasbahia360.com.br\/wp-content\/uploads\/2025\/05\/festadosromeiros_edsantos_acordacidade-13.jpeg",640,360,false],"thumbnail":["https:\/\/noticiasbahia360.com.br\/wp-content\/uploads\/2025\/05\/festadosromeiros_edsantos_acordacidade-13-150x150.jpeg",150,150,true],"medium":["https:\/\/noticiasbahia360.com.br\/wp-content\/uploads\/2025\/05\/festadosromeiros_edsantos_acordacidade-13-300x169.jpeg",300,169,true],"medium_large":["https:\/\/noticiasbahia360.com.br\/wp-content\/uploads\/2025\/05\/festadosromeiros_edsantos_acordacidade-13.jpeg",640,360,false],"large":["https:\/\/noticiasbahia360.com.br\/wp-content\/uploads\/2025\/05\/festadosromeiros_edsantos_acordacidade-13.jpeg",640,360,false],"1536x1536":["https:\/\/noticiasbahia360.com.br\/wp-content\/uploads\/2025\/05\/festadosromeiros_edsantos_acordacidade-13.jpeg",640,360,false],"2048x2048":["https:\/\/noticiasbahia360.com.br\/wp-content\/uploads\/2025\/05\/festadosromeiros_edsantos_acordacidade-13.jpeg",640,360,false],"chromenews-featured":["https:\/\/noticiasbahia360.com.br\/wp-content\/uploads\/2025\/05\/festadosromeiros_edsantos_acordacidade-13.jpeg",640,360,false],"chromenews-large":["https:\/\/noticiasbahia360.com.br\/wp-content\/uploads\/2025\/05\/festadosromeiros_edsantos_acordacidade-13.jpeg",640,360,false],"chromenews-medium":["https:\/\/noticiasbahia360.com.br\/wp-content\/uploads\/2025\/05\/festadosromeiros_edsantos_acordacidade-13-590x360.jpeg",590,360,true]},"author_info":{"display_name":"noticiasbahia360.com.br","author_link":"https:\/\/noticiasbahia360.com.br\/?author=1"},"category_info":"<a href=\"https:\/\/noticiasbahia360.com.br\/?cat=8\" rel=\"category\">Bahia<\/a> <a href=\"https:\/\/noticiasbahia360.com.br\/?cat=9\" rel=\"category\">Brasil<\/a> <a href=\"https:\/\/noticiasbahia360.com.br\/?cat=6\" rel=\"category\">Feira de Santana<\/a> <a href=\"https:\/\/noticiasbahia360.com.br\/?cat=57\" rel=\"category\">Mundo<\/a> <a href=\"https:\/\/noticiasbahia360.com.br\/?cat=56\" rel=\"category\">Pol\u00edcia<\/a> <a href=\"https:\/\/noticiasbahia360.com.br\/?cat=10\" rel=\"category\">Pol\u00edtica<\/a>","tag_info":"Pol\u00edtica","comment_count":"0","_links":{"self":[{"href":"https:\/\/noticiasbahia360.com.br\/index.php?rest_route=\/wp\/v2\/posts\/85661","targetHints":{"allow":["GET"]}}],"collection":[{"href":"https:\/\/noticiasbahia360.com.br\/index.php?rest_route=\/wp\/v2\/posts"}],"about":[{"href":"https:\/\/noticiasbahia360.com.br\/index.php?rest_route=\/wp\/v2\/types\/post"}],"author":[{"embeddable":true,"href":"https:\/\/noticiasbahia360.com.br\/index.php?rest_route=\/wp\/v2\/users\/1"}],"replies":[{"embeddable":true,"href":"https:\/\/noticiasbahia360.com.br\/index.php?rest_route=%2Fwp%2Fv2%2Fcomments&post=85661"}],"version-history":[{"count":0,"href":"https:\/\/noticiasbahia360.com.br\/index.php?rest_route=\/wp\/v2\/posts\/85661\/revisions"}],"wp:featuredmedia":[{"embeddable":true,"href":"https:\/\/noticiasbahia360.com.br\/index.php?rest_route=\/wp\/v2\/media\/85662"}],"wp:attachment":[{"href":"https:\/\/noticiasbahia360.com.br\/index.php?rest_route=%2Fwp%2Fv2%2Fmedia&parent=85661"}],"wp:term":[{"taxonomy":"category","embeddable":true,"href":"https:\/\/noticiasbahia360.com.br\/index.php?rest_route=%2Fwp%2Fv2%2Fcategories&post=85661"},{"taxonomy":"post_tag","embeddable":true,"href":"https:\/\/noticiasbahia360.com.br\/index.php?rest_route=%2Fwp%2Fv2%2Ftags&post=85661"}],"curies":[{"name":"wp","href":"https:\/\/api.w.org\/{rel}","templated":true}]}}