{"id":85667,"date":"2025-05-11T07:06:41","date_gmt":"2025-05-11T10:06:41","guid":{"rendered":"https:\/\/noticiasbahia360.com.br\/?p=85667"},"modified":"2025-05-11T07:06:41","modified_gmt":"2025-05-11T10:06:41","slug":"renato-kayzer-tem-noite-de-gala-na-estreia-e-comanda-virada-heroica-do-vitoria-sobre-o-vasco","status":"publish","type":"post","link":"https:\/\/noticiasbahia360.com.br\/?p=85667","title":{"rendered":"Renato Kayzer tem noite de gala na estreia e comanda virada her\u00f3ica do Vit\u00f3ria sobre o Vasco"},"content":{"rendered":"<div>\n<div>\n<figure><img decoding=\"async\" src=\"http:\/\/noticiasbahia360.com.br\/wp-content\/uploads\/2025\/05\/esporteclubevitoria_foto_mauriciamatta_bn.jpg\" alt=\"Esporte Clube Vit\u00f3ria\"><figcaption>Foto: Maur\u00edcia da Matta\/Bahia Not\u00edcias<\/figcaption><\/figure>\n<\/div>\n<p>Vit\u00f3ria e Vasco da Gama mediram for\u00e7as na noite deste s\u00e1bado (10), pela 8\u00aa rodada do Campeonato Brasileiro. No placar de 2 a 1, Renato Kayzer comandou a virada do Le\u00e3o no Barrad\u00e3o com dois gols ap\u00f3s Vegetti marcar o primeiro.<\/p>\n<p>Com o resultado, o Rubro-Negro Baiano sai da zona de rebaixamento e vai de seis para nove pontos na tabela, pulando moment\u00e2neamente para a 13\u00aa coloca\u00e7\u00e3o na tabela do Brasileiro. O Cruzmaltino, por sua vez, foi para 17\u00aa e entrou na zona de rebaixamento.<\/p>\n<p>Agora, o time comandado por Thiago Carpini viaja para o Uruguai, onde vai encarar o Cerro Largo pela 5\u00aa rodada da fase de grupos na Copa Sul-Americana na pr\u00f3xima quarta-feira (14), no Centen\u00e1rio. Na sequ\u00eancia tem Ba-Vi, o Le\u00e3o volta a jogar pelo Campeonato Brasileiro, desta vez contra o arquirrival Bahia, na Casa de Apostas Arena Fonte Nova. A bola vai rolar no pr\u00f3ximo domingo (18), \u00e0s 16h.<\/p>\n<p><strong>O JOGO<\/strong><\/p>\n<p>O duelo come\u00e7ou muito f\u00edsico e com muitos erros de passes protagonizados entre as duas equipes. O primeiro lance de perigo saiu com uma falta em cima de Coutinho aos oito minutos. Na cobran\u00e7a, Vegetti subiu mais que a defesa e cabeceou com perigo aos nove.<\/p>\n<p><strong>Vit\u00f3ria chega com perigo<\/strong><\/p>\n<p>Aos 14 minutos, foi a vez do Vit\u00f3ria responde. Ronald tabelou com Jamerson pela esquerda e devolveu para o lateral dentro da \u00e1rea, que rolou rasteiro para Wellington Rato chutar em cima da defesa alvinegra.<\/p>\n<p><strong>UM BALA\u00c7O DE JAMERSON!!!!<\/strong><\/p>\n<p>O Vit\u00f3ria passou a dominar completamente a partida! Em jogada individual, Jamerson arrancou, passou por todo mundo e chutou de fora da \u00e1rea para o gol do Vasco. A bola desviou, mas Leo Jardim salvou aos 23 minutos.<\/p>\n<p><strong>Vasco devolve na mesma moeda<\/strong><\/p>\n<p>Coutinho passou pelo meio e achou Rayan livre na entrada da \u00e1rea. O camisa 77 girou e chutou forte de fora da \u00e1rea para Lucas Arcanjo espalmar e fazer uma defesa\u00e7a no minuto 26.<\/p>\n<p><strong>Matheuzinho expulso!<\/strong><\/p>\n<p>No momento em que o Vasco passou a crescer, o Vit\u00f3ria viu a situa\u00e7\u00e3o se agravar ainda mais. Aos 32 minutos, Matheuzinho acertou o cotovelo na cabe\u00e7a do volante Paulinho. Wilton Pereira Sampaio deu amarelo, mas o VAR foi chamado. Na sequ\u00eancia, o amarelo foi anulado e o camisa 30 rubro-negro foi expulso da partida.<\/p>\n<p><strong>Janderson quase chega l\u00e1<\/strong><\/p>\n<p>Aos 37 minutos, Osvaldo passou pela ponta esquerda do ataque do Vit\u00f3ria e cruzou forte na \u00e1rea com muito efeito. A bola passou por todo mundo e Janderson quase chegou para guardar o primeiro da partida, mas Leo Jardim ficou com a bola.<\/p>\n<p><strong>Gol do Vasco<\/strong><\/p>\n<p>O gol estava maduro! Nuno Moreira achou belo passe entre a defesa do Vit\u00f3ria para Lucas Piton dentro da \u00e1rea pela esquerda. O lateral cruzou para Vegetti, que subiu sozinho e marcou o gol cruzmaltino de cabe\u00e7a aos 41 minutos.<\/p>\n<p><strong>SEGUNDO TEMPO<\/strong><\/p>\n<p>Assim como na primeira etapa, foi o Vasco da Gama quem chegou com perigo pela primeira vez. Aos tr\u00eas minutos, o portugu\u00eas Nuno Moreira passou pela esquerda e arriscou um chute de fora da \u00e1rea com muito efeito, mas Arcanjo encaixou a bola.<\/p>\n<p><strong>Coutinho bate bem e Lucas Arcanjo defende mais uma!<\/strong><\/p>\n<p>Aos nove minutos, Philippe Coutinho recebeu passe no meio de campo, disparou para at\u00e9 a meia lua e chutou chapado no canto esquerdo do gol do Vit\u00f3ria, mas Lucas Arcanjo mais uma vez apareceu para defender.<\/p>\n<p><strong>\u00c9 GOL DO ESTREANTE!!!!!!!<\/strong><\/p>\n<p>Ele demorou, mas em pouco tempo mostrou para o que veio! Aos 14 minutos, Jamerson cobrou falta pela direita, Fabri cabeceou, Leo Jardim espalmou e Renato Kayzer apareceu no oportunismo para guardar a bola no fundo da rede Alvinegra.<\/p>\n<p><strong>Baralhas quase faz o da virada<\/strong><\/p>\n<p>O Vit\u00f3ria cobrou escanteio aos 27 minutos e ap\u00f3s bate e rebate, a bola sobrou no p\u00e9 de Baralhas. O camisa 44 dominou e experimentou um chute forte com a bola no ar, mas a bola passou no canto direito de L\u00e9o Jardim.<\/p>\n<p><strong>Vasco volta a causar perigo<\/strong><\/p>\n<p>Suportando a press\u00e3o rubro-negra, o Vasco voltou a causar um lance de perigo. Aos 41 minutos, Lucas Piton disparou pela esquerda e cruzou para Hugo Moura cabecear, mas Arcanjo novamente salvou o Le\u00e3o.<\/p>\n<p><strong>VIRADA SENSACIONAL DO VIT\u00d3RIA!!!!!!!!!!!!!<\/strong><\/p>\n<p>O Vit\u00f3ria havia perdido um lance inacredit\u00e1vel com Gustavo Mosquito na trave, ap\u00f3s falha de L\u00e9o Jardim, mas prontamente curou a dor de cabe\u00e7a do torcedor. Aos 43 minutos, Ronald cobrou escanteio ensaiado com Baralhas, que cruzou na \u00e1rea para Mosquito escorar e Kayzer novamente fazer o da virada.<\/p>\n<p><em>Fonte: <a href=\"https:\/\/www.bahianoticias.com.br\/esportes\/vitoria\/29458-renato-kayzer-tem-noite-de-gala-na-estreia-e-comanda-virada-heroica-do-vitoria-sobre-o-vasco\">Bahia Not\u00edcias<\/a>, parceiro do Acorda Cidade<\/em><\/p>\n<p><em>Siga o Acorda Cidade no<\/em><a href=\"https:\/\/news.google.com\/search?q=acorda%20cidade&amp;hl=pt-BR&amp;gl=BR&amp;ceid=BR%3Apt-419\"><strong><em> Google Not\u00edcias<\/em><\/strong><\/a><em> e receba os principais destaques do dia. Participe tamb\u00e9m dos nossos canais no <\/em><a href=\"https:\/\/whatsapp.com\/channel\/0029Va6Rb4v3WHTNnsh8WI3N\"><strong><em>WhatsApp<\/em><\/strong><\/a><em> e <\/em><a href=\"https:\/\/www.youtube.com\/@acordacidadenoticias\/videos\"><strong>Youtube<\/strong><\/a><em> e grupo de <\/em><a href=\"https:\/\/t.me\/+sSz0khrgARA0ZmRh\"><strong><em>Telegram<\/em><\/strong><\/a><em>.<\/em><\/p>\n<\/div>\n","protected":false},"excerpt":{"rendered":"<div>\n<div>\n<figure><img decoding=\"async\" src=\"https:\/\/uploads.acordacidade.com.br\/2025\/05\/esporteclubevitoria_foto_mauriciamatta_bn.jpg\" alt=\"Esporte Clube Vit\u00f3ria\"><figcaption>Foto: Maur\u00edcia da Matta\/Bahia Not\u00edcias<\/figcaption><\/figure>\n<\/div>\n<p>Agora o Vit\u00f3ria viaja para o Uruguai, onde vai encarar o Cerro Largo pela 5\u00aa rodada da fase de grupos na Copa Sul-Americana.<\/p><\/div>\n","protected":false},"author":1,"featured_media":85668,"comment_status":"closed","ping_status":"closed","sticky":false,"template":"","format":"gallery","meta":{"footnotes":""},"categories":[8,9,6,57,56,10],"tags":[],"class_list":["post-85667","post","type-post","status-publish","format-gallery","has-post-thumbnail","hentry","category-bahia","category-brasil","category-feira-de-santana","category-mundo","category-policia","category-politica","post_format-post-format-gallery"],"featured_image_urls":{"full":["https:\/\/noticiasbahia360.com.br\/wp-content\/uploads\/2025\/05\/esporteclubevitoria_foto_mauriciamatta_bn.jpg",1200,630,false],"thumbnail":["https:\/\/noticiasbahia360.com.br\/wp-content\/uploads\/2025\/05\/esporteclubevitoria_foto_mauriciamatta_bn-150x150.jpg",150,150,true],"medium":["https:\/\/noticiasbahia360.com.br\/wp-content\/uploads\/2025\/05\/esporteclubevitoria_foto_mauriciamatta_bn-300x158.jpg",300,158,true],"medium_large":["https:\/\/noticiasbahia360.com.br\/wp-content\/uploads\/2025\/05\/esporteclubevitoria_foto_mauriciamatta_bn-768x403.jpg",640,336,true],"large":["https:\/\/noticiasbahia360.com.br\/wp-content\/uploads\/2025\/05\/esporteclubevitoria_foto_mauriciamatta_bn-1024x538.jpg",640,336,true],"1536x1536":["https:\/\/noticiasbahia360.com.br\/wp-content\/uploads\/2025\/05\/esporteclubevitoria_foto_mauriciamatta_bn.jpg",1200,630,false],"2048x2048":["https:\/\/noticiasbahia360.com.br\/wp-content\/uploads\/2025\/05\/esporteclubevitoria_foto_mauriciamatta_bn.jpg",1200,630,false],"chromenews-featured":["https:\/\/noticiasbahia360.com.br\/wp-content\/uploads\/2025\/05\/esporteclubevitoria_foto_mauriciamatta_bn-1024x538.jpg",1024,538,true],"chromenews-large":["https:\/\/noticiasbahia360.com.br\/wp-content\/uploads\/2025\/05\/esporteclubevitoria_foto_mauriciamatta_bn-825x575.jpg",825,575,true],"chromenews-medium":["https:\/\/noticiasbahia360.com.br\/wp-content\/uploads\/2025\/05\/esporteclubevitoria_foto_mauriciamatta_bn-590x410.jpg",590,410,true]},"author_info":{"display_name":"noticiasbahia360.com.br","author_link":"https:\/\/noticiasbahia360.com.br\/?author=1"},"category_info":"<a href=\"https:\/\/noticiasbahia360.com.br\/?cat=8\" rel=\"category\">Bahia<\/a> <a href=\"https:\/\/noticiasbahia360.com.br\/?cat=9\" rel=\"category\">Brasil<\/a> <a href=\"https:\/\/noticiasbahia360.com.br\/?cat=6\" rel=\"category\">Feira de Santana<\/a> <a href=\"https:\/\/noticiasbahia360.com.br\/?cat=57\" rel=\"category\">Mundo<\/a> <a href=\"https:\/\/noticiasbahia360.com.br\/?cat=56\" rel=\"category\">Pol\u00edcia<\/a> <a href=\"https:\/\/noticiasbahia360.com.br\/?cat=10\" rel=\"category\">Pol\u00edtica<\/a>","tag_info":"Pol\u00edtica","comment_count":"0","_links":{"self":[{"href":"https:\/\/noticiasbahia360.com.br\/index.php?rest_route=\/wp\/v2\/posts\/85667","targetHints":{"allow":["GET"]}}],"collection":[{"href":"https:\/\/noticiasbahia360.com.br\/index.php?rest_route=\/wp\/v2\/posts"}],"about":[{"href":"https:\/\/noticiasbahia360.com.br\/index.php?rest_route=\/wp\/v2\/types\/post"}],"author":[{"embeddable":true,"href":"https:\/\/noticiasbahia360.com.br\/index.php?rest_route=\/wp\/v2\/users\/1"}],"replies":[{"embeddable":true,"href":"https:\/\/noticiasbahia360.com.br\/index.php?rest_route=%2Fwp%2Fv2%2Fcomments&post=85667"}],"version-history":[{"count":0,"href":"https:\/\/noticiasbahia360.com.br\/index.php?rest_route=\/wp\/v2\/posts\/85667\/revisions"}],"wp:featuredmedia":[{"embeddable":true,"href":"https:\/\/noticiasbahia360.com.br\/index.php?rest_route=\/wp\/v2\/media\/85668"}],"wp:attachment":[{"href":"https:\/\/noticiasbahia360.com.br\/index.php?rest_route=%2Fwp%2Fv2%2Fmedia&parent=85667"}],"wp:term":[{"taxonomy":"category","embeddable":true,"href":"https:\/\/noticiasbahia360.com.br\/index.php?rest_route=%2Fwp%2Fv2%2Fcategories&post=85667"},{"taxonomy":"post_tag","embeddable":true,"href":"https:\/\/noticiasbahia360.com.br\/index.php?rest_route=%2Fwp%2Fv2%2Ftags&post=85667"}],"curies":[{"name":"wp","href":"https:\/\/api.w.org\/{rel}","templated":true}]}}