{"id":85669,"date":"2025-05-11T07:11:00","date_gmt":"2025-05-11T10:11:00","guid":{"rendered":"https:\/\/noticiasbahia360.com.br\/?p=85669"},"modified":"2025-05-11T07:11:00","modified_gmt":"2025-05-11T10:11:00","slug":"fluminense-de-feira-e-galicia-empatam-em-jogo-equilibrado-pela-serie-b-do-baianao","status":"publish","type":"post","link":"https:\/\/noticiasbahia360.com.br\/?p=85669","title":{"rendered":"Fluminense de Feira e Gal\u00edcia empatam em jogo equilibrado pela S\u00e9rie B do Baian\u00e3o"},"content":{"rendered":"<div>\n<div>\n<figure><img decoding=\"async\" src=\"http:\/\/noticiasbahia360.com.br\/wp-content\/uploads\/2025\/05\/fluminensedefeira_foto_rafaelfalcao.jpg\" alt=\"Fluminense de Feira\"><figcaption>Foto: Rafael Falc\u00e3o<\/figcaption><\/figure>\n<\/div>\n<p>Fluminense de Feira e Gal\u00edcia ficaram no empate por 1 a 1, em partida v\u00e1lida pela quarta rodada da S\u00e9rie B do <a href=\"https:\/\/www.acordacidade.com.br\/tag\/campeonato-baiano\/\">Campeonato Baiano<\/a>, realizada na tarde deste s\u00e1bado (10), no Est\u00e1dio Joia da Princesa. Com o resultado, o Touro do Sert\u00e3o permanece na quarta posi\u00e7\u00e3o, agora com quatro pontos, enquanto o Gal\u00edcia segue em terceiro, com cinco pontos conquistados.<\/p>\n<p>De acordo com o Portal Folha do Estado, o Fluminense abriu o placar ainda no primeiro tempo com um gol do meia Jo\u00e3o Grilo. O Gal\u00edcia, por\u00e9m, reagiu na etapa final e deixou tudo igual com Brendon Souza. O zagueiro Vitor Salvador, do time visitante, foi eleito o melhor em campo, se destacando pela firme atua\u00e7\u00e3o na defesa.<\/p>\n<p>A rodada ser\u00e1 conclu\u00edda neste domingo (11), com tr\u00eas confrontos importantes: Grapi\u00fana enfrenta o Ypiranga no Lomanto J\u00fanior; SSA pega o Teixeira de Freitas no Joia da Princesa; e Itabuna encara o Vit\u00f3ria da Conquista no Est\u00e1dio Ant\u00f4nio Carneiro, em um duelo direto que pode mexer na ponta da tabela.<\/p>\n<p>Na pr\u00f3xima semana, as equipes voltam a campo. O Fluminense de Feira enfrenta o Le\u00f4nico na sexta-feira (16), \u00e0s 15h, no Est\u00e1dio Jos\u00e9 Rocha, em Jacobina. J\u00e1 o Gal\u00edcia entra em campo no domingo (18), tamb\u00e9m \u00e0s 15h, contra o Itabuna, no Est\u00e1dio Ant\u00f4nio Carneiro, em Alagoinhas.<\/p>\n<p><em>Siga o Acorda Cidade no<\/em><a href=\"https:\/\/news.google.com\/search?q=acorda%20cidade&amp;hl=pt-BR&amp;gl=BR&amp;ceid=BR%3Apt-419\"><strong><em> Google Not\u00edcias<\/em><\/strong><\/a><em> e receba os principais destaques do dia. Participe tamb\u00e9m dos nossos canais no <\/em><a href=\"https:\/\/whatsapp.com\/channel\/0029Va6Rb4v3WHTNnsh8WI3N\"><strong><em>WhatsApp<\/em><\/strong><\/a><em> e <\/em><a href=\"https:\/\/www.youtube.com\/@acordacidadenoticias\/videos\"><strong>Youtube<\/strong><\/a><em> e grupo de <\/em><a href=\"https:\/\/t.me\/+sSz0khrgARA0ZmRh\"><strong><em>Telegram<\/em><\/strong><\/a><em>.<\/em><\/p>\n<\/div>\n","protected":false},"excerpt":{"rendered":"<div>\n<div>\n<figure><img decoding=\"async\" src=\"https:\/\/uploads.acordacidade.com.br\/2025\/05\/fluminensedefeira_foto_rafaelfalcao.jpg\" alt=\"Fluminense de Feira\"><figcaption>Foto: Rafael Falc\u00e3o<\/figcaption><\/figure>\n<\/div>\n<p>O Fluminense de Feira enfrenta o Le\u00f4nico na sexta-feira (16), \u00e0s 15h, no Est\u00e1dio Jos\u00e9 Rocha, em Jacobina.<\/p><\/div>\n","protected":false},"author":1,"featured_media":85670,"comment_status":"closed","ping_status":"closed","sticky":false,"template":"","format":"gallery","meta":{"footnotes":""},"categories":[8,9,6,57,56,10],"tags":[],"class_list":["post-85669","post","type-post","status-publish","format-gallery","has-post-thumbnail","hentry","category-bahia","category-brasil","category-feira-de-santana","category-mundo","category-policia","category-politica","post_format-post-format-gallery"],"featured_image_urls":{"full":["https:\/\/noticiasbahia360.com.br\/wp-content\/uploads\/2025\/05\/fluminensedefeira_foto_rafaelfalcao.jpg",1200,801,false],"thumbnail":["https:\/\/noticiasbahia360.com.br\/wp-content\/uploads\/2025\/05\/fluminensedefeira_foto_rafaelfalcao-150x150.jpg",150,150,true],"medium":["https:\/\/noticiasbahia360.com.br\/wp-content\/uploads\/2025\/05\/fluminensedefeira_foto_rafaelfalcao-300x200.jpg",300,200,true],"medium_large":["https:\/\/noticiasbahia360.com.br\/wp-content\/uploads\/2025\/05\/fluminensedefeira_foto_rafaelfalcao-768x513.jpg",640,428,true],"large":["https:\/\/noticiasbahia360.com.br\/wp-content\/uploads\/2025\/05\/fluminensedefeira_foto_rafaelfalcao-1024x684.jpg",640,428,true],"1536x1536":["https:\/\/noticiasbahia360.com.br\/wp-content\/uploads\/2025\/05\/fluminensedefeira_foto_rafaelfalcao.jpg",1200,801,false],"2048x2048":["https:\/\/noticiasbahia360.com.br\/wp-content\/uploads\/2025\/05\/fluminensedefeira_foto_rafaelfalcao.jpg",1200,801,false],"chromenews-featured":["https:\/\/noticiasbahia360.com.br\/wp-content\/uploads\/2025\/05\/fluminensedefeira_foto_rafaelfalcao-1024x684.jpg",1024,684,true],"chromenews-large":["https:\/\/noticiasbahia360.com.br\/wp-content\/uploads\/2025\/05\/fluminensedefeira_foto_rafaelfalcao-825x575.jpg",825,575,true],"chromenews-medium":["https:\/\/noticiasbahia360.com.br\/wp-content\/uploads\/2025\/05\/fluminensedefeira_foto_rafaelfalcao-590x410.jpg",590,410,true]},"author_info":{"display_name":"noticiasbahia360.com.br","author_link":"https:\/\/noticiasbahia360.com.br\/?author=1"},"category_info":"<a href=\"https:\/\/noticiasbahia360.com.br\/?cat=8\" rel=\"category\">Bahia<\/a> <a href=\"https:\/\/noticiasbahia360.com.br\/?cat=9\" rel=\"category\">Brasil<\/a> <a href=\"https:\/\/noticiasbahia360.com.br\/?cat=6\" rel=\"category\">Feira de Santana<\/a> <a href=\"https:\/\/noticiasbahia360.com.br\/?cat=57\" rel=\"category\">Mundo<\/a> <a href=\"https:\/\/noticiasbahia360.com.br\/?cat=56\" rel=\"category\">Pol\u00edcia<\/a> <a href=\"https:\/\/noticiasbahia360.com.br\/?cat=10\" rel=\"category\">Pol\u00edtica<\/a>","tag_info":"Pol\u00edtica","comment_count":"0","_links":{"self":[{"href":"https:\/\/noticiasbahia360.com.br\/index.php?rest_route=\/wp\/v2\/posts\/85669","targetHints":{"allow":["GET"]}}],"collection":[{"href":"https:\/\/noticiasbahia360.com.br\/index.php?rest_route=\/wp\/v2\/posts"}],"about":[{"href":"https:\/\/noticiasbahia360.com.br\/index.php?rest_route=\/wp\/v2\/types\/post"}],"author":[{"embeddable":true,"href":"https:\/\/noticiasbahia360.com.br\/index.php?rest_route=\/wp\/v2\/users\/1"}],"replies":[{"embeddable":true,"href":"https:\/\/noticiasbahia360.com.br\/index.php?rest_route=%2Fwp%2Fv2%2Fcomments&post=85669"}],"version-history":[{"count":0,"href":"https:\/\/noticiasbahia360.com.br\/index.php?rest_route=\/wp\/v2\/posts\/85669\/revisions"}],"wp:featuredmedia":[{"embeddable":true,"href":"https:\/\/noticiasbahia360.com.br\/index.php?rest_route=\/wp\/v2\/media\/85670"}],"wp:attachment":[{"href":"https:\/\/noticiasbahia360.com.br\/index.php?rest_route=%2Fwp%2Fv2%2Fmedia&parent=85669"}],"wp:term":[{"taxonomy":"category","embeddable":true,"href":"https:\/\/noticiasbahia360.com.br\/index.php?rest_route=%2Fwp%2Fv2%2Fcategories&post=85669"},{"taxonomy":"post_tag","embeddable":true,"href":"https:\/\/noticiasbahia360.com.br\/index.php?rest_route=%2Fwp%2Fv2%2Ftags&post=85669"}],"curies":[{"name":"wp","href":"https:\/\/api.w.org\/{rel}","templated":true}]}}