{"id":85671,"date":"2025-05-11T07:11:03","date_gmt":"2025-05-11T10:11:03","guid":{"rendered":"https:\/\/noticiasbahia360.com.br\/?p=85671"},"modified":"2025-05-11T07:11:03","modified_gmt":"2025-05-11T10:11:03","slug":"bahia-de-feira-goleia-o-leonico-e-assume-a-lideranca-provisoria-da-serie-b","status":"publish","type":"post","link":"https:\/\/noticiasbahia360.com.br\/?p=85671","title":{"rendered":"Bahia de Feira goleia o Le\u00f4nico e assume a lideran\u00e7a provis\u00f3ria da S\u00e9rie B"},"content":{"rendered":"<div>\n<p>O Bahia de Feira n\u00e3o tomou conhecimento do Le\u00f4nico e aplicou uma goleada por 6 a 2, na tarde deste s\u00e1bado (10), na Arena Cajueiro, em partida v\u00e1lida pela terceira rodada da S\u00e9rie B do <a href=\"https:\/\/www.acordacidade.com.br\/tag\/campeonato-baiano\/\">Campeonato Baiano<\/a>. Com a vit\u00f3ria, o Tremend\u00e3o chegou aos 7 pontos e assumiu, de forma provis\u00f3ria, a lideran\u00e7a da competi\u00e7\u00e3o, ultrapassando o Itabuna, que ainda entra em campo nesta rodada e soma 6 pontos.<\/p>\n<p>De acordo com o Portal Folha do Estado, a equipe feirense teve uma atua\u00e7\u00e3o impec\u00e1vel no setor ofensivo. Os gols foram marcados por Patrick (duas vezes), J\u00fanior Santos, Cazumba, Marquinho e Rhuann \u2014 que converteu uma cobran\u00e7a de p\u00eanalti. O grande destaque da partida foi o lateral Marquinho, autor de um gola\u00e7o de fora da \u00e1rea, sem chances para o goleiro Tassio Gabriel.<\/p>\n<p>Com a derrota, o Le\u00f4nico segue com 3 pontos e ocupa a quinta posi\u00e7\u00e3o na tabela. O time at\u00e9 estreou com vit\u00f3ria na competi\u00e7\u00e3o, mas encontrou dificuldades diante de um advers\u00e1rio mais entrosado e dominante durante os 90 minutos.<\/p>\n<p>Invicto at\u00e9 aqui, o Bahia de Feira demonstra solidez e efici\u00eancia neste in\u00edcio de campeonato, empolgando sua torcida com um futebol ofensivo e um dos melhores ataques da competi\u00e7\u00e3o.<\/p>\n<p>O Tremend\u00e3o volta a campo no pr\u00f3ximo s\u00e1bado (17), \u00e0s 15h, na Arena Cajueiro, para enfrentar o SSA. J\u00e1 o Le\u00f4nico tem compromisso na sexta-feira (16), tamb\u00e9m \u00e0s 15h, contra o Fluminense de Feira, no Est\u00e1dio Jos\u00e9 Rocha, em Jacobina.<\/p>\n<p><em>Siga o Acorda Cidade no<\/em><a href=\"https:\/\/news.google.com\/search?q=acorda%20cidade&amp;hl=pt-BR&amp;gl=BR&amp;ceid=BR%3Apt-419\"><strong><em> Google Not\u00edcias<\/em><\/strong><\/a><em> e receba os principais destaques do dia. Participe tamb\u00e9m dos nossos canais no <\/em><a href=\"https:\/\/whatsapp.com\/channel\/0029Va6Rb4v3WHTNnsh8WI3N\"><strong><em>WhatsApp<\/em><\/strong><\/a><em> e <\/em><a href=\"https:\/\/www.youtube.com\/@acordacidadenoticias\/videos\"><strong>Youtube<\/strong><\/a><em> e grupo de <\/em><a href=\"https:\/\/t.me\/+sSz0khrgARA0ZmRh\"><strong><em>Telegram<\/em><\/strong><\/a><em>.<\/em><\/p>\n<\/div>\n","protected":false},"excerpt":{"rendered":"<div>O Bahia de Feira volta a campo no pr\u00f3ximo s\u00e1bado (17), \u00e0s 15h, na Arena Cajueiro, para enfrentar o SSA.<\/div>\n","protected":false},"author":1,"featured_media":0,"comment_status":"closed","ping_status":"closed","sticky":false,"template":"","format":"gallery","meta":{"footnotes":""},"categories":[8,9,6,57,56,10],"tags":[],"class_list":["post-85671","post","type-post","status-publish","format-gallery","hentry","category-bahia","category-brasil","category-feira-de-santana","category-mundo","category-policia","category-politica","post_format-post-format-gallery"],"featured_image_urls":{"full":"","thumbnail":"","medium":"","medium_large":"","large":"","1536x1536":"","2048x2048":"","chromenews-featured":"","chromenews-large":"","chromenews-medium":""},"author_info":{"display_name":"noticiasbahia360.com.br","author_link":"https:\/\/noticiasbahia360.com.br\/?author=1"},"category_info":"<a href=\"https:\/\/noticiasbahia360.com.br\/?cat=8\" rel=\"category\">Bahia<\/a> <a href=\"https:\/\/noticiasbahia360.com.br\/?cat=9\" rel=\"category\">Brasil<\/a> <a href=\"https:\/\/noticiasbahia360.com.br\/?cat=6\" rel=\"category\">Feira de Santana<\/a> <a href=\"https:\/\/noticiasbahia360.com.br\/?cat=57\" rel=\"category\">Mundo<\/a> <a href=\"https:\/\/noticiasbahia360.com.br\/?cat=56\" rel=\"category\">Pol\u00edcia<\/a> <a href=\"https:\/\/noticiasbahia360.com.br\/?cat=10\" rel=\"category\">Pol\u00edtica<\/a>","tag_info":"Pol\u00edtica","comment_count":"0","_links":{"self":[{"href":"https:\/\/noticiasbahia360.com.br\/index.php?rest_route=\/wp\/v2\/posts\/85671","targetHints":{"allow":["GET"]}}],"collection":[{"href":"https:\/\/noticiasbahia360.com.br\/index.php?rest_route=\/wp\/v2\/posts"}],"about":[{"href":"https:\/\/noticiasbahia360.com.br\/index.php?rest_route=\/wp\/v2\/types\/post"}],"author":[{"embeddable":true,"href":"https:\/\/noticiasbahia360.com.br\/index.php?rest_route=\/wp\/v2\/users\/1"}],"replies":[{"embeddable":true,"href":"https:\/\/noticiasbahia360.com.br\/index.php?rest_route=%2Fwp%2Fv2%2Fcomments&post=85671"}],"version-history":[{"count":0,"href":"https:\/\/noticiasbahia360.com.br\/index.php?rest_route=\/wp\/v2\/posts\/85671\/revisions"}],"wp:attachment":[{"href":"https:\/\/noticiasbahia360.com.br\/index.php?rest_route=%2Fwp%2Fv2%2Fmedia&parent=85671"}],"wp:term":[{"taxonomy":"category","embeddable":true,"href":"https:\/\/noticiasbahia360.com.br\/index.php?rest_route=%2Fwp%2Fv2%2Fcategories&post=85671"},{"taxonomy":"post_tag","embeddable":true,"href":"https:\/\/noticiasbahia360.com.br\/index.php?rest_route=%2Fwp%2Fv2%2Ftags&post=85671"}],"curies":[{"name":"wp","href":"https:\/\/api.w.org\/{rel}","templated":true}]}}