{"id":85674,"date":"2025-05-11T08:14:53","date_gmt":"2025-05-11T11:14:53","guid":{"rendered":"https:\/\/noticiasbahia360.com.br\/?p=85674"},"modified":"2025-05-11T08:14:53","modified_gmt":"2025-05-11T11:14:53","slug":"camerata-de-feira-de-santana-apresenta-concerto-encontros","status":"publish","type":"post","link":"https:\/\/noticiasbahia360.com.br\/?p=85674","title":{"rendered":"Camerata de Feira de Santana apresenta concerto Encontros"},"content":{"rendered":"<div>\n<div>\n<figure><img decoding=\"async\" src=\"https:\/\/uploads.acordacidade.com.br\/wp-content\/uploads\/2024\/08\/16095909\/Nucleo-Territorial-NEOJIBA-Feira-de-Santana_Foto-Eduardo-Quintela-1.jpg\" alt=\"Camerata de Feira de Santana apresenta concerto Encontros\"><figcaption>Foto: Eduardo Quintela<\/figcaption><\/figure>\n<\/div>\n<p>Na pr\u00f3xima sexta-feira (16), a Camerata de Feira de Santana apresenta o concerto <em>Encontros<\/em>, uma celebra\u00e7\u00e3o da m\u00fasica como espa\u00e7o de trocas, escuta e afeto. No teatro do Centro Universit\u00e1rio de Cultura e Arte (Cuca) da Universidade Estadual de Feira de Santana (Uefs).<\/p>\n<p>No evento aconteceram encontros entre \u00e9pocas e estilos, entre compositores de mundos distintos e, de maneira especial, entre m\u00fasicos que compartilham n\u00e3o apenas o palco, mas tamb\u00e9m la\u00e7os de amizade, afinidade e inspira\u00e7\u00e3o m\u00fatua.<\/p>\n<p>Nesta edi\u00e7\u00e3o, os irm\u00e3os Lucas e Luan Santa Clara s\u00e3o os convidados especiais. O repert\u00f3rio escolhido reflete esse di\u00e1logo sens\u00edvel. \u201cEles somar\u00e3o seus talentos \u00e0 Camerata, fortalecendo o esp\u00edrito de conex\u00e3o que norteia esta proposta art\u00edstica, onde sons e hist\u00f3rias se entrela\u00e7am em experi\u00eancias vivas e transformadoras\u201d, destacou a organiza\u00e7\u00e3o do concerto <em>Encontros<\/em>.<\/p>\n<p>A organiza\u00e7\u00e3o disse que o \u201crepert\u00f3rio escolhido reflete esse di\u00e1logo sens\u00edvel. De Mozart, ouviremos obras que transbordam tanto leveza quanto profundidade \u2014 do encantador Divertimento K. 138 ao comovente Lacrimosa, passando pela Fantasia em R\u00e9 menor para piano solo, interpretada por Simone Gon\u00e7alves, que nos conduz ao lirismo e ao drama t\u00edpicos do compositor austr\u00edaco\u201d.<\/p>\n<p>\u201cA jornada musical segue com a Su\u00edte Holberg, de Edvard Grieg, na qual o passado barroco \u00e9 reimaginado com o romantismo n\u00f3rdico e refinado senso de forma. O concerto culmina com a pot\u00eancia emocional do tango de Astor Piazzolla, em Libertango e La Muerte del \u00c1ngel \u2014 obras que expressam com intensidade a beleza, o conflito e a paix\u00e3o que ultrapassam fronteiras e estilos\u201d, completou.<\/p>\n<p>Ser\u00e1 um <em>Encontro<\/em> entre m\u00fasicos e p\u00fablico, tradi\u00e7\u00e3o e reinven\u00e7\u00e3o, emo\u00e7\u00e3o e escuta. Prometendo ser uma experi\u00eancia de m\u00fasica de c\u00e2mara, viva, pr\u00f3xima e transformadora.<\/p>\n<h2 class=\"wp-block-heading\" id=\"h-camerata-de-feira-de-santana\">Camerata de Feira de Santana<\/h2>\n<p>A Camerata de Feira de Santana foi criada em 2022, fruto de um sonho que deu in\u00edcio a um projeto novo na cidade. Formado por 2 violinos, 1 Viola, 1 violoncelo e 1 piano, o grupo busca apresentar a Feira de Santana m\u00fasica camer\u00edstica, com repert\u00f3rio que vai do erudito ao popular buscando a diversidade de estilos e ritmos. <\/p>\n<p>O objetivo principal do grupo \u00e9 criar uma refer\u00eancia em m\u00fasica de c\u00e2mara na cidade, cultivando a diversidade da m\u00fasica em diferentes estilos, em s\u00e9rie de apresenta\u00e7\u00f5es did\u00e1ticas e tem\u00e1ticas na cidade. J\u00e1 se apresentou em diversos espa\u00e7os culturais importantes na cidade, em locais, tais como, Teatro do Cuca (Centro Universit\u00e1rio de Cultura e Arte), Museu Regional de Artes (MRA \/ Cuca), Casa de Cultura e Arte Dr Silvio Marques, Natal da Prefeitura Municipal de Irar\u00e1, Show Thiago in Concert se apresentando para mais de 1 mil pessoas ao longo dos anos e eventos.<\/p>\n<h2 class=\"wp-block-heading\" id=\"h-instituto-antonio-gasparini\">Instituto Ant\u00f4nio Gasparini<\/h2>\n<p>O Instituto Ant\u00f4nio Gasparini (IAG), que acolhe a camerata, \u00e9 uma institui\u00e7\u00e3o sem fins lucrativos que busca desenvolver a\u00e7\u00f5es sociais para idosos, jovens, adolescentes e crian\u00e7as, a partir da rela\u00e7\u00e3o com pol\u00edticas p\u00fablicas ligadas principalmente ao fomento da autoestima e respaldadas nos Direitos Humanos e na Cidadania, conforme a Lei n\u00ba 8742\/93 (Loas). <\/p>\n<p>O Instituto atua em duas importantes frentes: o Centro de Conviv\u00eancia Domingos Mincarone \u2013 que se configura como um espa\u00e7o de conv\u00edvio entre gera\u00e7\u00f5es, voltado para atender pessoas em situa\u00e7\u00e3o de vulnerabilidade social e em busca do desenvolvimento humano, atrav\u00e9s de atividades que promovem o resgate da plena cidadania \u2013 e o N\u00facleo Ant\u00f4nio Gasparini, que integra o programa Neojiba e promove a integra\u00e7\u00e3o social por meio do ensino e da pr\u00e1tica musical coletiva.<\/p>\n<p><strong>Servi\u00e7o:<\/strong><\/p>\n<p><strong>Concerto da Camerata de Feira de Santana<\/strong><\/p>\n<p><strong>S\u00e9rie<\/strong>: Encontros;<\/p>\n<p><strong>Data: <\/strong>16 de Maio de 2025;<\/p>\n<p><strong>Hor\u00e1rio:<\/strong> 20h;<\/p>\n<p><strong>Local: <\/strong>Teatro do Cuca. Rua conselheiro Franco, em Feira de Santana;<\/p>\n<p><strong>Entrada: <\/strong>R$30 (inteira), R$15 (meia);<\/p>\n<p><strong>Vendas<\/strong>: <a href=\"https:\/\/www.sympla.com.br\/evento\/camerata-de-feira-de-santana\/2940876\" target=\"_blank\" rel=\"noreferrer noopener\">Sympla<\/a>.<\/p>\n<figure class=\"wp-block-image size-large\"><img fetchpriority=\"high\" data-dominant-color=\"a39589\" data-has-transparency=\"false\" style=\"--dominant-color: #a39589;\" fetchpriority=\"high\" decoding=\"async\" width=\"819\" height=\"1024\" sizes=\"(max-width: 819px) 100vw, 819px\" src=\"http:\/\/noticiasbahia360.com.br\/wp-content\/uploads\/2025\/05\/ldUL3QhT-cuca-819x1024-1.webp\" alt=\"Camerata de Feira de Santana apresenta concerto Encontros\" class=\"wp-image-551612 not-transparent\" srcset=\"https:\/\/uploads.acordacidade.com.br\/2025\/05\/ldUL3QhT-cuca-240x300.webp 240w, http:\/\/noticiasbahia360.com.br\/wp-content\/uploads\/2025\/05\/ldUL3QhT-cuca-819x1024-1.webp 819w, https:\/\/uploads.acordacidade.com.br\/2025\/05\/ldUL3QhT-cuca-768x960.webp 768w, https:\/\/uploads.acordacidade.com.br\/2025\/05\/ldUL3QhT-cuca-150x188.webp 150w, https:\/\/uploads.acordacidade.com.br\/2025\/05\/ldUL3QhT-cuca.webp 1080w\"><figcaption class=\"wp-element-caption\">Foto: Divulga\u00e7\u00e3o <\/figcaption><\/figure>\n<p><em>Siga o Acorda Cidade no<\/em><a href=\"https:\/\/news.google.com\/search?q=acorda%20cidade&amp;hl=pt-BR&amp;gl=BR&amp;ceid=BR%3Apt-419\"><strong><em>\u00a0Google Not\u00edcias<\/em><\/strong><\/a><em>\u00a0e receba os principais destaques do dia. Participe tamb\u00e9m dos nossos canais no\u00a0<\/em><a href=\"https:\/\/www.whatsapp.com\/channel\/0029Va6Rb4v3WHTNnsh8WI3N\"><strong><em>WhatsApp<\/em><\/strong><\/a><em>\u00a0e\u00a0<\/em><a href=\"https:\/\/www.youtube.com\/@acordacidadenoticias\/videos\"><strong>YouTube<\/strong><\/a><em>\u00a0e do grupo no\u00a0<\/em><a href=\"https:\/\/t.me\/+sSz0khrgARA0ZmRh\"><strong><em>Telegram<\/em><\/strong><\/a><\/p>\n<\/div>\n","protected":false},"excerpt":{"rendered":"<div>\n<div>\n<figure><img decoding=\"async\" src=\"https:\/\/uploads.acordacidade.com.br\/wp-content\/uploads\/2024\/08\/16095909\/Nucleo-Territorial-NEOJIBA-Feira-de-Santana_Foto-Eduardo-Quintela-1.jpg\" alt=\"Camerata de Feira de Santana apresenta concerto Encontros\"><figcaption>Foto: Eduardo Quintela<\/figcaption><\/figure>\n<\/div>\n<p>Ser\u00e1 um Encontro entre m\u00fasicos e p\u00fablico, tradi\u00e7\u00e3o e reinven\u00e7\u00e3o, emo\u00e7\u00e3o e escuta.<\/p><\/div>\n","protected":false},"author":1,"featured_media":85675,"comment_status":"closed","ping_status":"closed","sticky":false,"template":"","format":"gallery","meta":{"footnotes":""},"categories":[8,9,6,57,56,10],"tags":[],"class_list":["post-85674","post","type-post","status-publish","format-gallery","has-post-thumbnail","hentry","category-bahia","category-brasil","category-feira-de-santana","category-mundo","category-policia","category-politica","post_format-post-format-gallery"],"featured_image_urls":{"full":["https:\/\/noticiasbahia360.com.br\/wp-content\/uploads\/2025\/05\/ldUL3QhT-cuca-819x1024-1.webp",819,1024,false],"thumbnail":["https:\/\/noticiasbahia360.com.br\/wp-content\/uploads\/2025\/05\/ldUL3QhT-cuca-819x1024-1-150x150.webp",150,150,true],"medium":["https:\/\/noticiasbahia360.com.br\/wp-content\/uploads\/2025\/05\/ldUL3QhT-cuca-819x1024-1-240x300.webp",240,300,true],"medium_large":["https:\/\/noticiasbahia360.com.br\/wp-content\/uploads\/2025\/05\/ldUL3QhT-cuca-819x1024-1-768x960.webp",640,800,true],"large":["https:\/\/noticiasbahia360.com.br\/wp-content\/uploads\/2025\/05\/ldUL3QhT-cuca-819x1024-1.webp",640,800,false],"1536x1536":["https:\/\/noticiasbahia360.com.br\/wp-content\/uploads\/2025\/05\/ldUL3QhT-cuca-819x1024-1.webp",819,1024,false],"2048x2048":["https:\/\/noticiasbahia360.com.br\/wp-content\/uploads\/2025\/05\/ldUL3QhT-cuca-819x1024-1.webp",819,1024,false],"chromenews-featured":["https:\/\/noticiasbahia360.com.br\/wp-content\/uploads\/2025\/05\/ldUL3QhT-cuca-819x1024-1.webp",819,1024,false],"chromenews-large":["https:\/\/noticiasbahia360.com.br\/wp-content\/uploads\/2025\/05\/ldUL3QhT-cuca-819x1024-1-819x575.webp",819,575,true],"chromenews-medium":["https:\/\/noticiasbahia360.com.br\/wp-content\/uploads\/2025\/05\/ldUL3QhT-cuca-819x1024-1-590x410.webp",590,410,true]},"author_info":{"display_name":"noticiasbahia360.com.br","author_link":"https:\/\/noticiasbahia360.com.br\/?author=1"},"category_info":"<a href=\"https:\/\/noticiasbahia360.com.br\/?cat=8\" rel=\"category\">Bahia<\/a> <a href=\"https:\/\/noticiasbahia360.com.br\/?cat=9\" rel=\"category\">Brasil<\/a> <a href=\"https:\/\/noticiasbahia360.com.br\/?cat=6\" rel=\"category\">Feira de Santana<\/a> <a href=\"https:\/\/noticiasbahia360.com.br\/?cat=57\" rel=\"category\">Mundo<\/a> <a href=\"https:\/\/noticiasbahia360.com.br\/?cat=56\" rel=\"category\">Pol\u00edcia<\/a> <a href=\"https:\/\/noticiasbahia360.com.br\/?cat=10\" rel=\"category\">Pol\u00edtica<\/a>","tag_info":"Pol\u00edtica","comment_count":"0","_links":{"self":[{"href":"https:\/\/noticiasbahia360.com.br\/index.php?rest_route=\/wp\/v2\/posts\/85674","targetHints":{"allow":["GET"]}}],"collection":[{"href":"https:\/\/noticiasbahia360.com.br\/index.php?rest_route=\/wp\/v2\/posts"}],"about":[{"href":"https:\/\/noticiasbahia360.com.br\/index.php?rest_route=\/wp\/v2\/types\/post"}],"author":[{"embeddable":true,"href":"https:\/\/noticiasbahia360.com.br\/index.php?rest_route=\/wp\/v2\/users\/1"}],"replies":[{"embeddable":true,"href":"https:\/\/noticiasbahia360.com.br\/index.php?rest_route=%2Fwp%2Fv2%2Fcomments&post=85674"}],"version-history":[{"count":0,"href":"https:\/\/noticiasbahia360.com.br\/index.php?rest_route=\/wp\/v2\/posts\/85674\/revisions"}],"wp:featuredmedia":[{"embeddable":true,"href":"https:\/\/noticiasbahia360.com.br\/index.php?rest_route=\/wp\/v2\/media\/85675"}],"wp:attachment":[{"href":"https:\/\/noticiasbahia360.com.br\/index.php?rest_route=%2Fwp%2Fv2%2Fmedia&parent=85674"}],"wp:term":[{"taxonomy":"category","embeddable":true,"href":"https:\/\/noticiasbahia360.com.br\/index.php?rest_route=%2Fwp%2Fv2%2Fcategories&post=85674"},{"taxonomy":"post_tag","embeddable":true,"href":"https:\/\/noticiasbahia360.com.br\/index.php?rest_route=%2Fwp%2Fv2%2Ftags&post=85674"}],"curies":[{"name":"wp","href":"https:\/\/api.w.org\/{rel}","templated":true}]}}