{"id":85676,"date":"2025-05-11T08:34:00","date_gmt":"2025-05-11T11:34:00","guid":{"rendered":"https:\/\/noticiasbahia360.com.br\/?p=85676"},"modified":"2025-05-11T08:34:00","modified_gmt":"2025-05-11T11:34:00","slug":"sete-livros-recomendados-para-as-mamaes","status":"publish","type":"post","link":"https:\/\/noticiasbahia360.com.br\/?p=85676","title":{"rendered":"Sete livros recomendados para as mam\u00e3es"},"content":{"rendered":"<div>\n<div>\n<figure><img decoding=\"async\" src=\"http:\/\/noticiasbahia360.com.br\/wp-content\/uploads\/2025\/05\/jornalista_carlasousa.jpg\" alt=\"Carla Sousa\"><figcaption>Foto: Divulga\u00e7\u00e3o<\/figcaption><\/figure>\n<\/div>\n<p>Se a psican\u00e1lise defende a cura pela fala, a Biblioterapia busca o cuidado atrav\u00e9s da literatura. Nas viv\u00eancias de Biblioterapia, um livro torna-se um objeto com poder de acolhimento e suporte no desenvolvimento pessoal. A mensagem liter\u00e1ria, como toda subjetividade e profundidade, \u00e9 utilizada a favor do autoconhecimento, sem concorrer ou substituir as <a href=\"https:\/\/www.acordacidade.com.br\/tag\/terapias\/\">terapias<\/a> tradicionais. <\/p>\n<p>Uma das profissionais que \u00e9 refer\u00eancia na \u00e1rea \u00e9 a jornalista <a href=\"https:\/\/www.instagram.com\/dosesdebiblioterapia\/\" target=\"_blank\" rel=\"noreferrer noopener\">Carla Sousa<\/a>. Apaixonada pela escrita e leitura, ela encontrou na Biblioterapia um prop\u00f3sito de vida. <\/p>\n<p>\u201cA Biblioterapia transforma vidas a come\u00e7ar pela minha e de tantos profissionais que decidem trilhar essa jornada apaixonante para se tornarem multiplicadores dessa pr\u00e1tica t\u00e3o poderosa\u201d, comenta a jornalista que, desde 2017, dedica-se exclusivamente \u00e0s viv\u00eancias e cursos de forma\u00e7\u00e3o de Mediadores de <a href=\"https:\/\/dosesdebiblioterapia.com\/\" target=\"_blank\" rel=\"noreferrer noopener\">Biblioterapia<\/a>.<\/p>\n<p>Com larga experi\u00eancia no uso dos livros como instrumento de cuidado, Carla Sousa compartilha sete dicas de livros recomendados para as m\u00e3es. Todos abordam o tema maternidade e t\u00eam potencial terap\u00eautico. Dicas valiosas de leitura para as mam\u00e3es e tamb\u00e9m para os filhos. <\/p>\n<p>\u201cOs livros dessa lista j\u00e1 foram terap\u00eauticos para mim em algum momento da minha maternidade. Mesmo antes de me tornar m\u00e3e eu j\u00e1 lia sobre o tema, at\u00e9 mesmo para entender de forma racional e emocional se a maternidade seria para mim. A literatura tem esse poder de nos colocar diante de uma realidade diferente da nossa, nos fazer refletir, nos emocionar e at\u00e9 mesmo conduzir a uma mudan\u00e7a de atitude\u201d, pontua a especialista em Biblioterapia Carla Sousa.<\/p>\n<p>1 \u2013 <a href=\"https:\/\/www.amazon.com.br\/M%C3%A3e-Cris-Guerra\/dp\/8574421871\/ref=sr_1_1?crid=30UNTG88P9R8S&amp;dib=eyJ2IjoiMSJ9.jkc68ymMCnDNKOxig_HsX5sMW1oAQUeMHvUGHYktBXmS64tXEcWRb2wv6R1T1mrJ.KaMVdspwWhq_R7ix-xv7JMWewrO9ayznbyeGISY36DM&amp;dib_tag=se&amp;keywords=m%C3%A3e+cris+guerra&amp;qid=1746050589&amp;sprefix=m%C3%A3e+cris+%2Caps%2C200&amp;sr=8-1\" target=\"_blank\" rel=\"noreferrer noopener\">M\u00e3e<\/a>. Cris Guerra , Ilustra\u00e7\u00e3o: Anna Cunha \/ Editora: Miguilim<\/p>\n<p>2 \u2013 <a href=\"https:\/\/www.amazon.com.br\/luz-maternidade-Fernanda-Carvalho\/dp\/8555402549\/ref=sr_1_1?crid=281GTCU2H7PTG&amp;dib=eyJ2IjoiMSJ9.iC8L4oERtd21DejsIelHqFCq-du6w2EzsY4uWCWy6z_sYJISnzLIicOIYIIhbH1obGLDCrrRAQaV8AssfHRly0we1IqSHOkE4VSvUEeCXHIYXZMgMvOw2tQmD-_hgJYLOlounG953ObF_9HKevCNr7uvGf3Jea1zvIiKlJkgc_Z-e0fLNHcKwMC3mTJHkRyhHCilpZViRSOo4u6u4qHTqHR5mTqqSOTyh2lrR9vthPXElec9oER0Dm1t9PfXrU12gEw_c77FzcIMq69GwEzD9He1G4P7w0sNYE4o-yv3VYc.Syc2TgY9XN4NV0T6zIO4YcZrWHs9ujs9sIFwQfjbhtY&amp;dib_tag=se&amp;keywords=a+luz+da+maternidade&amp;qid=1746050535&amp;sprefix=a+luz+da+mater%2Caps%2C279&amp;sr=8-1&amp;ufe=app_do%3Aamzn1.fos.6d798eae-cadf-45de-946a-f477d47705b9\" target=\"_blank\" rel=\"noreferrer noopener\">A Luz da Maternidade<\/a>. Fernanda Carvalho \/ Inverso<\/p>\n<p>3 \u2013 <a href=\"https:\/\/www.amazon.com.br\/M%C3%A3e-rec%C3%A9m-nascida-Tha%C3%ADs-Vilarinho\/dp\/8593156975\/ref=sr_1_1?crid=15B300FOAGMC7&amp;dib=eyJ2IjoiMSJ9.xAyWRdLW_Ng4Qj8VQVaZQ6kHps1_NNyxvye-4FKB7sTsYJISnzLIicOIYIIhbH1ocLEvD5x_7EEorZizQqUfkiWz6FLc73r_bwfEO2pQnIXv2TfBnflXJ24scD19t3YuoozaL7d3hJH-xCuYjW6pli_O8YkbZCjMOAkqfZASy-LJWLY-QA8UjKZwnQ3R_OYvuCQKjFSyxfuTc-oADf_6xHmWK6cTg7EnyaUiKKu9K9UVX_nXhl30cIJxjuUhYAR88xRAmcM7_jLZPeZaX2HCf7whOiiMVcxTLhrXwtwp8dE.Ji-c3gFm7tqFJ58Qm7oSxl1jVRojY2Cvj11SVUhD6ig&amp;dib_tag=se&amp;keywords=m%C3%A3e+rec%C3%A9m+nascida+livro&amp;qid=1746050507&amp;sprefix=m%C3%A3e+rec%2Caps%2C233&amp;sr=8-1&amp;ufe=app_do%3Aamzn1.fos.6d798eae-cadf-45de-946a-f477d47705b9\" target=\"_blank\" rel=\"noreferrer noopener\">M\u00e3e rec\u00e9m-nascida<\/a>. Tha\u00eds Vilarinho \/ BUZ<\/p>\n<p>4 \u2013 <a href=\"https:\/\/www.amazon.com.br\/Afetos-colaterais-busca-poesia-despedida\/dp\/8542222075\/ref=sr_1_1?crid=1XZSYONDL7PPX&amp;dib=eyJ2IjoiMSJ9.dYzGqNs_-_5GgS0XrNOOO3l1koAYTq-lsor7oJMxH_E.QzHHnKbIpsYbNCqGPzxk6n7FGQ2OtQdz2gpZ7G3d91U&amp;dib_tag=se&amp;keywords=afetos+colaterais+por+bettina+bopp&amp;qid=1746050463&amp;sprefix=afetos+col%2Caps%2C221&amp;sr=8-1\" target=\"_blank\" rel=\"noreferrer noopener\">Afetos colaterais: a busca pela poesia na despedida de minha m\u00e3e<\/a>. Bettina Bopp \/ Planeta<\/p>\n<p>5 \u2013 <a href=\"https:\/\/www.amazon.com.br\/Maternidade-Um-romance-Sheila-Heti\/dp\/8535932046\/ref=sr_1_1?crid=2GML3YLZLMGH&amp;dib=eyJ2IjoiMSJ9.iSjy5yPSXY936v-OckDgNRxJWY79hvYt8votl6bIekAkz65h3u7U7WFbCfQEFYgEJo0SlxbXgu90dU-lDsPblRwlX0_tdivEOgxfLVRgm_aBj2r1UKY-M5RyqTXSxvC9AsAfpdNa4bW8bRqKn3EzV9QMStv4vYWnBm80heeHBTpwM-5U4w9Qeq4Is6lbv4uY.XKcbVybZHgtwqpf6iBG20mPdi8S85njCuxL8UdUe5o4&amp;dib_tag=se&amp;keywords=maternidade+sheila+heti&amp;qid=1746050433&amp;sprefix=maternidade+sh%2Caps%2C203&amp;sr=8-1&amp;ufe=app_do%3Aamzn1.fos.6d798eae-cadf-45de-946a-f477d47705b9\" target=\"_blank\" rel=\"noreferrer noopener\">Maternidade<\/a>. Sheila Heti \/ Companhia das Letras<\/p>\n<p>6 \u2013 <a href=\"https:\/\/www.amazon.com.br\/Filha-Perdida-Elena-Ferrante\/dp\/8551000322\/ref=sr_1_1?crid=2Z6V77RA4F9CB&amp;dib=eyJ2IjoiMSJ9.lxOy4aafDjXDGTyoNAjh_4fLAmkM2EeHrKYJPWCswlQfFX333vvQu6pumKZxP3TIiUgserQ3n38B-xqP07zRDUzvq0WyejVTJtt_HWPDyedENNtldz2rWs9bPx-17-IoSE0CZ4mf0gW_SI36xYIs8Fz38tJrX3Fk7yZiAZFHSNxlDsik0YU68RO7DhYq0pd5SDU3_eUbUWgBUX9woECfVe-VC1LwXJgTH1kds8hWON6SK7G9Q9TdxPHKoMFPWAq9nrfl7CYBDTK-0HOkKalxy3zFVbHj9K1ArmUE047rbmc.8Fr8-zNd27izgtm650D_IfvCPmXiUr5vRfvVZ3seN_s&amp;dib_tag=se&amp;keywords=a+filha+perdida&amp;qid=1746050398&amp;sprefix=a+filha+%2Caps%2C266&amp;sr=8-1\" target=\"_blank\" rel=\"noreferrer noopener\">A filha perdida<\/a>. Elena Ferrante \/ Intr\u00ednseca<\/p>\n<p>7 \u2013 <a href=\"https:\/\/www.amazon.com.br\/Voc%C3%AA-nunca-mais-ficar-sozinha\/dp\/8535933417\/ref=sr_1_1?crid=2K48QGQ448705&amp;dib=eyJ2IjoiMSJ9.k7gRdaP1gSF2VBNeXl4gR_q9dgrri-xWk7pQqx0khe44YO5A8LVJ2-2VGhJI7wo7lMk20symigX89Gzfy_FmY4SpZu7wZ_DEjxTE8H2btLyj1RnVPnX4NdhZ9GNeINuc1rkhdjnw9d2yfEFYnfnf4khp7BO1pxOaPg-gEWUmVhpgVF63VY5zMjcZ0kKr9aDxGKN3bf4xU2HtWFTxIUFwQ7PKz89uhI0LAFBvKA0AR5Bk9Mqf2nZ3YArQfXvakgWXa-3cXoCT4qpSdp8UaCmB3trp2c1VZZbVxxZ-69Jjxgo.4BeTKBHO4QQep1Gahb2nVpXGZAyFZx7qTVCxw_UE08k&amp;dib_tag=se&amp;keywords=voc%C3%AA+nunca+mais+vai+ficar+sozinha&amp;qid=1746050299&amp;sprefix=voc%C3%AA+nunca+mais+%2Caps%2C266&amp;sr=8-1&amp;ufe=app_do%3Aamzn1.fos.6d798eae-cadf-45de-946a-f477d47705b9\" target=\"_blank\" rel=\"noreferrer noopener\">Voc\u00ea nunca mais vai ficar sozinha<\/a>. Tati Bernardi \/ Companhia das Letras<\/p>\n<p><em>Siga o Acorda Cidade no<\/em><a href=\"https:\/\/news.google.com\/search?q=acorda%20cidade&amp;hl=pt-BR&amp;gl=BR&amp;ceid=BR%3Apt-419\"><strong><em> Google Not\u00edcias<\/em><\/strong><\/a><em> e receba os principais destaques do dia. Participe tamb\u00e9m dos nossos canais no <\/em><a href=\"https:\/\/whatsapp.com\/channel\/0029Va6Rb4v3WHTNnsh8WI3N\"><strong><em>WhatsApp<\/em><\/strong><\/a><em> e <\/em><a href=\"https:\/\/www.youtube.com\/@acordacidadenoticias\/videos\"><strong>Youtube<\/strong><\/a><em> e grupo de <\/em><a href=\"https:\/\/t.me\/+sSz0khrgARA0ZmRh\"><strong><em>Telegram<\/em><\/strong><\/a><em>.<\/em><\/p>\n<\/div>\n","protected":false},"excerpt":{"rendered":"<div>\n<div>\n<figure><img decoding=\"async\" src=\"https:\/\/uploads.acordacidade.com.br\/2025\/05\/jornalista_carlasousa.jpg\" alt=\"Carla Sousa\"><figcaption>Foto: Divulga\u00e7\u00e3o<\/figcaption><\/figure>\n<\/div>\n<p>As dicas das obras com potencial terap\u00eautico s\u00e3o da especialista em Biblioterapia Carla Sousa.<\/p><\/div>\n","protected":false},"author":1,"featured_media":85677,"comment_status":"closed","ping_status":"closed","sticky":false,"template":"","format":"gallery","meta":{"footnotes":""},"categories":[8,9,6,57,56,10],"tags":[],"class_list":["post-85676","post","type-post","status-publish","format-gallery","has-post-thumbnail","hentry","category-bahia","category-brasil","category-feira-de-santana","category-mundo","category-policia","category-politica","post_format-post-format-gallery"],"featured_image_urls":{"full":["https:\/\/noticiasbahia360.com.br\/wp-content\/uploads\/2025\/05\/jornalista_carlasousa.jpg",1200,800,false],"thumbnail":["https:\/\/noticiasbahia360.com.br\/wp-content\/uploads\/2025\/05\/jornalista_carlasousa-150x150.jpg",150,150,true],"medium":["https:\/\/noticiasbahia360.com.br\/wp-content\/uploads\/2025\/05\/jornalista_carlasousa-300x200.jpg",300,200,true],"medium_large":["https:\/\/noticiasbahia360.com.br\/wp-content\/uploads\/2025\/05\/jornalista_carlasousa-768x512.jpg",640,427,true],"large":["https:\/\/noticiasbahia360.com.br\/wp-content\/uploads\/2025\/05\/jornalista_carlasousa-1024x683.jpg",640,427,true],"1536x1536":["https:\/\/noticiasbahia360.com.br\/wp-content\/uploads\/2025\/05\/jornalista_carlasousa.jpg",1200,800,false],"2048x2048":["https:\/\/noticiasbahia360.com.br\/wp-content\/uploads\/2025\/05\/jornalista_carlasousa.jpg",1200,800,false],"chromenews-featured":["https:\/\/noticiasbahia360.com.br\/wp-content\/uploads\/2025\/05\/jornalista_carlasousa-1024x683.jpg",1024,683,true],"chromenews-large":["https:\/\/noticiasbahia360.com.br\/wp-content\/uploads\/2025\/05\/jornalista_carlasousa-825x575.jpg",825,575,true],"chromenews-medium":["https:\/\/noticiasbahia360.com.br\/wp-content\/uploads\/2025\/05\/jornalista_carlasousa-590x410.jpg",590,410,true]},"author_info":{"display_name":"noticiasbahia360.com.br","author_link":"https:\/\/noticiasbahia360.com.br\/?author=1"},"category_info":"<a href=\"https:\/\/noticiasbahia360.com.br\/?cat=8\" rel=\"category\">Bahia<\/a> <a href=\"https:\/\/noticiasbahia360.com.br\/?cat=9\" rel=\"category\">Brasil<\/a> <a href=\"https:\/\/noticiasbahia360.com.br\/?cat=6\" rel=\"category\">Feira de Santana<\/a> <a href=\"https:\/\/noticiasbahia360.com.br\/?cat=57\" rel=\"category\">Mundo<\/a> <a href=\"https:\/\/noticiasbahia360.com.br\/?cat=56\" rel=\"category\">Pol\u00edcia<\/a> <a href=\"https:\/\/noticiasbahia360.com.br\/?cat=10\" rel=\"category\">Pol\u00edtica<\/a>","tag_info":"Pol\u00edtica","comment_count":"0","_links":{"self":[{"href":"https:\/\/noticiasbahia360.com.br\/index.php?rest_route=\/wp\/v2\/posts\/85676","targetHints":{"allow":["GET"]}}],"collection":[{"href":"https:\/\/noticiasbahia360.com.br\/index.php?rest_route=\/wp\/v2\/posts"}],"about":[{"href":"https:\/\/noticiasbahia360.com.br\/index.php?rest_route=\/wp\/v2\/types\/post"}],"author":[{"embeddable":true,"href":"https:\/\/noticiasbahia360.com.br\/index.php?rest_route=\/wp\/v2\/users\/1"}],"replies":[{"embeddable":true,"href":"https:\/\/noticiasbahia360.com.br\/index.php?rest_route=%2Fwp%2Fv2%2Fcomments&post=85676"}],"version-history":[{"count":0,"href":"https:\/\/noticiasbahia360.com.br\/index.php?rest_route=\/wp\/v2\/posts\/85676\/revisions"}],"wp:featuredmedia":[{"embeddable":true,"href":"https:\/\/noticiasbahia360.com.br\/index.php?rest_route=\/wp\/v2\/media\/85677"}],"wp:attachment":[{"href":"https:\/\/noticiasbahia360.com.br\/index.php?rest_route=%2Fwp%2Fv2%2Fmedia&parent=85676"}],"wp:term":[{"taxonomy":"category","embeddable":true,"href":"https:\/\/noticiasbahia360.com.br\/index.php?rest_route=%2Fwp%2Fv2%2Fcategories&post=85676"},{"taxonomy":"post_tag","embeddable":true,"href":"https:\/\/noticiasbahia360.com.br\/index.php?rest_route=%2Fwp%2Fv2%2Ftags&post=85676"}],"curies":[{"name":"wp","href":"https:\/\/api.w.org\/{rel}","templated":true}]}}