{"id":85678,"date":"2025-05-11T09:05:32","date_gmt":"2025-05-11T12:05:32","guid":{"rendered":"https:\/\/noticiasbahia360.com.br\/?p=85678"},"modified":"2025-05-11T09:05:32","modified_gmt":"2025-05-11T12:05:32","slug":"dia-das-maes-conheca-os-direitos-trabalhistas-que-todas-as-maes-precisam-saber","status":"publish","type":"post","link":"https:\/\/noticiasbahia360.com.br\/?p=85678","title":{"rendered":"Dia das M\u00e3es: conhe\u00e7a os direitos trabalhistas que todas as m\u00e3es precisam saber"},"content":{"rendered":"<div>\n<div>\n<figure><img decoding=\"async\" src=\"http:\/\/noticiasbahia360.com.br\/wp-content\/uploads\/2025\/05\/45WjpgZw-mae-passando-tempo-com-seu-filho-amado_23-2149505244.webp\" alt=\"m\u00e3es - ttabalho\"><figcaption>Foto: Freepik<\/figcaption><\/figure>\n<\/div>\n<p>Voc\u00ea sabia que m\u00e3es t\u00eam direito a faltar ao trabalho para levar o filho ao m\u00e9dico ou amamentar durante o expediente? Al\u00e9m da licen\u00e7a-maternidade, a lei garante uma s\u00e9rie de prote\u00e7\u00f5es trabalhistas. No <strong><a href=\"https:\/\/www.acordacidade.com.br\/tag\/dia-das-maes\/\">Dia das M\u00e3es<\/a><\/strong>, o professor de Direito do Trabalho <strong>Giovanni Cesar<\/strong> relembra os principais direitos das trabalhadoras e responde \u00e0s d\u00favidas mais comuns sobre estabilidade, consultas m\u00e9dicas, aux\u00edlio-creche e muito mais.<\/p>\n<h2 class=\"wp-block-heading\" id=\"h-licenca-maternidade-e-so-o-comeco\">Licen\u00e7a-maternidade \u00e9 s\u00f3 o come\u00e7o<\/h2>\n<p>O direito mais conhecido \u00e9 o da <strong>licen\u00e7a-maternidade<\/strong>. Previsto em lei, ele garante \u00e0 gestante, adotante ou m\u00e3e com guarda o afastamento remunerado do trabalho para se dedicar aos cuidados com o beb\u00ea. O per\u00edodo \u00e9 de 120 dias e pode ser estendido para 180 em empresas que participam do programa Empresa Cidad\u00e3.<\/p>\n<h2 class=\"wp-block-heading\" id=\"h-estabilidade-no-emprego-durante-a-gravidez\">Estabilidade no emprego durante a gravidez<\/h2>\n<p>Desde a confirma\u00e7\u00e3o da gesta\u00e7\u00e3o at\u00e9 cinco meses ap\u00f3s o parto, a trabalhadora tem estabilidade no emprego. Isso significa que n\u00e3o pode ser demitida sem justa causa nesse per\u00edodo. \u201cEssa prote\u00e7\u00e3o assegura a tranquilidade emocional e financeira da m\u00e3e, al\u00e9m de evitar demiss\u00f5es por discrimina\u00e7\u00e3o\u201d, afirma Giovanni.<\/p>\n<h2 class=\"wp-block-heading\" id=\"h-faltas-para-exames-e-consultas\">Faltas para exames e consultas<\/h2>\n<p>A gestante tem direito a se ausentar do trabalho, sem desconto no sal\u00e1rio, para realizar exames e consultas do pr\u00e9-natal. \u201cA lei garante pelo menos seis consultas m\u00e9dicas, mas, na pr\u00e1tica, pode haver mais, conforme a necessidade. Basta avisar a empresa e apresentar a comprova\u00e7\u00e3o\u201d, explica o professor.<\/p>\n<h2 class=\"wp-block-heading\" id=\"h-amamentacao-no-expediente\">Amamenta\u00e7\u00e3o no expediente<\/h2>\n<p>Ap\u00f3s o nascimento, a m\u00e3e tem direito a dois intervalos de 30 minutos por dia, durante a jornada de trabalho, para amamentar o beb\u00ea at\u00e9 que ele complete seis meses. Em casos de guarda ou ado\u00e7\u00e3o, o direito tamb\u00e9m \u00e9 mantido.<\/p>\n<h3 class=\"wp-block-heading\" id=\"h-auxilio-creche-obrigatorio-em-algumas-empresas\">Aux\u00edlio-creche obrigat\u00f3rio em algumas empresas<\/h3>\n<p>Empresas com mais de 30 funcion\u00e1rias (com mais de 16 anos) devem oferecer aux\u00edlio-creche. O benef\u00edcio garante apoio para que m\u00e3es e pais possam trabalhar com mais tranquilidade. \u201cMesmo n\u00e3o sendo obrigat\u00f3rio no setor p\u00fablico, o aux\u00edlio pode ser oferecido de forma volunt\u00e1ria ou prevista em conven\u00e7\u00f5es coletivas\u201d, explica <strong>Giovanni<\/strong>.<\/p>\n<h2 class=\"wp-block-heading\" id=\"h-falta-para-levar-o-filho-ao-medico\">Falta para levar o filho ao m\u00e9dico<\/h2>\n<p>A Consolida\u00e7\u00e3o das Leis do Trabalho (<strong><a href=\"https:\/\/www.acordacidade.com.br\/tag\/clt\/\">CLT<\/a><\/strong>) tamb\u00e9m garante uma falta justificada por ano para que a m\u00e3e ou o pai leve o filho de at\u00e9 seis anos a uma consulta m\u00e9dica. Esse direito pode ser ampliado conforme a conven\u00e7\u00e3o coletiva da categoria.<\/p>\n<h3 class=\"wp-block-heading\">Gravidez e Contrato de Experi\u00eancia: O que a Lei Garante<\/h3>\n<p><strong>Giovanni<\/strong> lembra que at\u00e9 mesmo mulheres contratadas em regime de experi\u00eancia tem estabilidade garantida. Se a gesta\u00e7\u00e3o for confirmada durante esse per\u00edodo, a empresa n\u00e3o pode encerrar o contrato sem justa causa. E, mesmo que a gravidez s\u00f3 seja descoberta ap\u00f3s o fim do v\u00ednculo, ainda assim a mulher pode ter direito \u00e0 reintegra\u00e7\u00e3o.<\/p>\n<p><em>Siga o Acorda Cidade no<\/em><a href=\"https:\/\/news.google.com\/search?q=acorda%20cidade&amp;hl=pt-BR&amp;gl=BR&amp;ceid=BR%3Apt-419\"><strong><em>\u00a0Google Not\u00edcias<\/em><\/strong><\/a><em>\u00a0e receba os principais destaques do dia. Participe tamb\u00e9m dos nossos canais no\u00a0<\/em><a href=\"https:\/\/whatsapp.com\/channel\/0029Va6Rb4v3WHTNnsh8WI3N\"><strong><em>WhatsApp<\/em><\/strong><\/a><em>\u00a0e\u00a0<\/em><a href=\"https:\/\/www.youtube.com\/@acordacidadenoticias\/videos\"><strong>Youtube<\/strong><\/a><em>\u00a0e grupo de\u00a0<\/em><a href=\"https:\/\/t.me\/+sSz0khrgARA0ZmRh\"><strong><em>Telegram<\/em><\/strong><\/a><em>.<\/em><\/p>\n<\/div>\n","protected":false},"excerpt":{"rendered":"<div>\n<div>\n<figure><img decoding=\"async\" src=\"https:\/\/uploads.acordacidade.com.br\/2025\/05\/45WjpgZw-mae-passando-tempo-com-seu-filho-amado_23-2149505244.webp\" alt=\"m\u00e3es - ttabalho\"><figcaption>Foto: Freepik<\/figcaption><\/figure>\n<\/div>\n<p>Licen\u00e7a, estabilidade, exames e creche. Professor de Direito do Trabalho explica o que toda m\u00e3e precisa saber sobre seus direitos trabalhistas.<\/p><\/div>\n","protected":false},"author":1,"featured_media":85679,"comment_status":"closed","ping_status":"closed","sticky":false,"template":"","format":"gallery","meta":{"footnotes":""},"categories":[8,9,6,57,56,10],"tags":[],"class_list":["post-85678","post","type-post","status-publish","format-gallery","has-post-thumbnail","hentry","category-bahia","category-brasil","category-feira-de-santana","category-mundo","category-policia","category-politica","post_format-post-format-gallery"],"featured_image_urls":{"full":["https:\/\/noticiasbahia360.com.br\/wp-content\/uploads\/2025\/05\/45WjpgZw-mae-passando-tempo-com-seu-filho-amado_23-2149505244.webp",1200,799,false],"thumbnail":["https:\/\/noticiasbahia360.com.br\/wp-content\/uploads\/2025\/05\/45WjpgZw-mae-passando-tempo-com-seu-filho-amado_23-2149505244-150x150.webp",150,150,true],"medium":["https:\/\/noticiasbahia360.com.br\/wp-content\/uploads\/2025\/05\/45WjpgZw-mae-passando-tempo-com-seu-filho-amado_23-2149505244-300x200.webp",300,200,true],"medium_large":["https:\/\/noticiasbahia360.com.br\/wp-content\/uploads\/2025\/05\/45WjpgZw-mae-passando-tempo-com-seu-filho-amado_23-2149505244-768x511.webp",640,426,true],"large":["https:\/\/noticiasbahia360.com.br\/wp-content\/uploads\/2025\/05\/45WjpgZw-mae-passando-tempo-com-seu-filho-amado_23-2149505244-1024x682.webp",640,426,true],"1536x1536":["https:\/\/noticiasbahia360.com.br\/wp-content\/uploads\/2025\/05\/45WjpgZw-mae-passando-tempo-com-seu-filho-amado_23-2149505244.webp",1200,799,false],"2048x2048":["https:\/\/noticiasbahia360.com.br\/wp-content\/uploads\/2025\/05\/45WjpgZw-mae-passando-tempo-com-seu-filho-amado_23-2149505244.webp",1200,799,false],"chromenews-featured":["https:\/\/noticiasbahia360.com.br\/wp-content\/uploads\/2025\/05\/45WjpgZw-mae-passando-tempo-com-seu-filho-amado_23-2149505244-1024x682.webp",1024,682,true],"chromenews-large":["https:\/\/noticiasbahia360.com.br\/wp-content\/uploads\/2025\/05\/45WjpgZw-mae-passando-tempo-com-seu-filho-amado_23-2149505244-825x575.webp",825,575,true],"chromenews-medium":["https:\/\/noticiasbahia360.com.br\/wp-content\/uploads\/2025\/05\/45WjpgZw-mae-passando-tempo-com-seu-filho-amado_23-2149505244-590x410.webp",590,410,true]},"author_info":{"display_name":"noticiasbahia360.com.br","author_link":"https:\/\/noticiasbahia360.com.br\/?author=1"},"category_info":"<a href=\"https:\/\/noticiasbahia360.com.br\/?cat=8\" rel=\"category\">Bahia<\/a> <a href=\"https:\/\/noticiasbahia360.com.br\/?cat=9\" rel=\"category\">Brasil<\/a> <a href=\"https:\/\/noticiasbahia360.com.br\/?cat=6\" rel=\"category\">Feira de Santana<\/a> <a href=\"https:\/\/noticiasbahia360.com.br\/?cat=57\" rel=\"category\">Mundo<\/a> <a href=\"https:\/\/noticiasbahia360.com.br\/?cat=56\" rel=\"category\">Pol\u00edcia<\/a> <a href=\"https:\/\/noticiasbahia360.com.br\/?cat=10\" rel=\"category\">Pol\u00edtica<\/a>","tag_info":"Pol\u00edtica","comment_count":"0","_links":{"self":[{"href":"https:\/\/noticiasbahia360.com.br\/index.php?rest_route=\/wp\/v2\/posts\/85678","targetHints":{"allow":["GET"]}}],"collection":[{"href":"https:\/\/noticiasbahia360.com.br\/index.php?rest_route=\/wp\/v2\/posts"}],"about":[{"href":"https:\/\/noticiasbahia360.com.br\/index.php?rest_route=\/wp\/v2\/types\/post"}],"author":[{"embeddable":true,"href":"https:\/\/noticiasbahia360.com.br\/index.php?rest_route=\/wp\/v2\/users\/1"}],"replies":[{"embeddable":true,"href":"https:\/\/noticiasbahia360.com.br\/index.php?rest_route=%2Fwp%2Fv2%2Fcomments&post=85678"}],"version-history":[{"count":0,"href":"https:\/\/noticiasbahia360.com.br\/index.php?rest_route=\/wp\/v2\/posts\/85678\/revisions"}],"wp:featuredmedia":[{"embeddable":true,"href":"https:\/\/noticiasbahia360.com.br\/index.php?rest_route=\/wp\/v2\/media\/85679"}],"wp:attachment":[{"href":"https:\/\/noticiasbahia360.com.br\/index.php?rest_route=%2Fwp%2Fv2%2Fmedia&parent=85678"}],"wp:term":[{"taxonomy":"category","embeddable":true,"href":"https:\/\/noticiasbahia360.com.br\/index.php?rest_route=%2Fwp%2Fv2%2Fcategories&post=85678"},{"taxonomy":"post_tag","embeddable":true,"href":"https:\/\/noticiasbahia360.com.br\/index.php?rest_route=%2Fwp%2Fv2%2Ftags&post=85678"}],"curies":[{"name":"wp","href":"https:\/\/api.w.org\/{rel}","templated":true}]}}