{"id":85680,"date":"2025-05-11T09:44:22","date_gmt":"2025-05-11T12:44:22","guid":{"rendered":"https:\/\/noticiasbahia360.com.br\/?p=85680"},"modified":"2025-05-11T09:44:22","modified_gmt":"2025-05-11T12:44:22","slug":"maternidade-consciente-como-o-amor-prepara-os-filhos-para-a-autonomia","status":"publish","type":"post","link":"https:\/\/noticiasbahia360.com.br\/?p=85680","title":{"rendered":"Maternidade consciente: como o amor prepara os filhos para a autonomia"},"content":{"rendered":"<div>\n<div>\n<figure><img decoding=\"async\" src=\"http:\/\/noticiasbahia360.com.br\/wp-content\/uploads\/2025\/05\/como-o-amor-prepara-os-filhos-para-a-autonomia.jpg\" alt=\"Maternidade consciente: como o amor prepara os filhos para a autonomia\"><figcaption>Foto: Freepik <\/figcaption><\/figure>\n<\/div>\n<p>A <strong>maternidade<\/strong> \u00e9 um dos primeiros e mais importantes v\u00ednculos formados na vida de uma crian\u00e7a. Desde o nascimento, a m\u00e3e \u00e9 quem acolhe, protege e apresenta o mundo ao filho, oferecendo amor e seguran\u00e7a. No entanto, segundo a psic\u00f3loga e docente da Est\u00e1cio, Ana Cristina Fabbri, o maior desafio da maternidade \u00e9 preparar os filhos para a autonomia.<\/p>\n<p>\u201cO papel da m\u00e3e n\u00e3o \u00e9 ser necess\u00e1ria para sempre, mas sim construir uma base emocional s\u00f3lida para que o filho possa crescer e, um dia, seguir seu pr\u00f3prio caminho com seguran\u00e7a\u201d, afirma Ana Cristina.<\/p>\n<p>De acordo com a especialista, o desenvolvimento emocional da crian\u00e7a deve ser incentivado desde cedo, e o afeto \u00e9 a principal ferramenta para isso. \u201cO amor materno, manifestado no olhar, no toque, nas palavras e na presen\u00e7a, cria uma seguran\u00e7a interna que permite \u00e0 crian\u00e7a explorar o mundo sem medo\u201d, explica.<\/p>\n<p>Segundo a especialista, o v\u00ednculo afetivo constante e coerente \u00e9 fundamental para a forma\u00e7\u00e3o da <strong>intelig\u00eancia emocional<\/strong>. Ela acredita que crian\u00e7as que se desenvolvem em ambientes amorosos aprendem a confiar em si mesmas e nos outros, o que se reflete em uma vida adulta mais saud\u00e1vel e independente.<\/p>\n<h2 class=\"wp-block-heading\" id=\"h-a-importancia-da-mae-suficientemente-boa\">A Import\u00e2ncia da \u201cM\u00e3e Suficientemente Boa\u201d<\/h2>\n<p>A teoria do pediatra e psicanalista <strong>Donald Winnicott<\/strong> tamb\u00e9m \u00e9 uma refer\u00eancia para entender essa din\u00e2mica. Ele prop\u00f4s o conceito da \u201cm\u00e3e suficientemente boa\u201d, que inicialmente atende \u00e0s necessidades do beb\u00ea de forma responsiva, mas que, com o tempo, permite pequenas frustra\u00e7\u00f5es e desafios, essenciais para o amadurecimento emocional.<\/p>\n<p>\u201cAo oferecer frustra\u00e7\u00f5es moderadas, a m\u00e3e ensina o filho a lidar com a realidade e a desenvolver <strong>autoconfian\u00e7a<\/strong>\u201c, explica Ana Cristina. \u201c\u00c9 preciso permitir que ele enfrente dificuldades, erre e aprenda com suas pr\u00f3prias experi\u00eancias.\u201d<\/p>\n<p>Esse processo de transi\u00e7\u00e3o \u00e9 gradual. Nos primeiros anos de vida, a presen\u00e7a constante \u00e9 fundamental. Com o crescimento, v\u00eam pequenas doses de independ\u00eancia: deixar que a crian\u00e7a se vista sozinha, tome decis\u00f5es simples ou resolva pequenos conflitos. Na adolesc\u00eancia, a busca por identidade pr\u00f3pria exige ainda mais espa\u00e7o e compreens\u00e3o.<\/p>\n<h2 class=\"wp-block-heading\">Os Desafios do Equil\u00edbrio entre Prote\u00e7\u00e3o e Liberdade<\/h2>\n<p>\u201cO grande desafio \u00e9 encontrar o <strong>equil\u00edbrio entre prote\u00e7\u00e3o e liberdade<\/strong>\u201c, alerta a psic\u00f3loga. \u201cO excesso de prote\u00e7\u00e3o pode gerar adultos inseguros e dependentes, enquanto a aus\u00eancia de suporte pode resultar em adultos carentes e inseguros em suas rela\u00e7\u00f5es.\u201d<\/p>\n<p>Para <strong>Ana Cristina<\/strong>, ser uma m\u00e3e \u201cdesnecess\u00e1ria\u201d ao longo do tempo \u00e9, na verdade, um sinal de sucesso. \u201cSignifica que o filho aprendeu a caminhar com as pr\u00f3prias pernas, a lidar com os desafios da vida e a construir sua pr\u00f3pria hist\u00f3ria. O amor materno permanece, mas se transforma: de porto seguro para impulso ao voo\u201d, conclui.<\/p>\n<p>Ana diz que a miss\u00e3o da <strong>maternidade consciente<\/strong> \u00e9 formar indiv\u00edduos capazes de viver e amar com autonomia, sabendo que os la\u00e7os constru\u00eddos com amor verdadeiro n\u00e3o se rompem \u2014 apenas se transformam.<\/p>\n<p><em>Siga o Acorda Cidade no<\/em><a href=\"https:\/\/news.google.com\/search?q=acorda%20cidade&amp;hl=pt-BR&amp;gl=BR&amp;ceid=BR%3Apt-419\"><strong><em>\u00a0Google Not\u00edcias<\/em><\/strong><\/a><em>\u00a0e receba os principais destaques do dia. Participe tamb\u00e9m dos nossos canais no\u00a0<\/em><a href=\"https:\/\/www.whatsapp.com\/channel\/0029Va6Rb4v3WHTNnsh8WI3N\"><strong><em>WhatsApp<\/em><\/strong><\/a><em>\u00a0e\u00a0<\/em><a href=\"https:\/\/www.youtube.com\/@acordacidadenoticias\/videos\"><strong>YouTube<\/strong><\/a><em>\u00a0e do grupo no\u00a0<\/em><a href=\"https:\/\/t.me\/+sSz0khrgARA0ZmRh\"><strong><em>Telegram<\/em><\/strong><\/a><em>.<\/em><\/p>\n<\/div>\n","protected":false},"excerpt":{"rendered":"<div>\n<div>\n<figure><img decoding=\"async\" src=\"https:\/\/uploads.acordacidade.com.br\/2025\/05\/como-o-amor-prepara-os-filhos-para-a-autonomia.jpg\" alt=\"Maternidade consciente: como o amor prepara os filhos para a autonomia\"><figcaption>Foto: Freepik <\/figcaption><\/figure>\n<\/div>\n<p>Especialista explica como o v\u00ednculo afetivo fortalece o desenvolvimento emocional e a independ\u00eancia dos filhos<\/p><\/div>\n","protected":false},"author":1,"featured_media":85681,"comment_status":"closed","ping_status":"closed","sticky":false,"template":"","format":"gallery","meta":{"footnotes":""},"categories":[8,9,6,57,56,10],"tags":[],"class_list":["post-85680","post","type-post","status-publish","format-gallery","has-post-thumbnail","hentry","category-bahia","category-brasil","category-feira-de-santana","category-mundo","category-policia","category-politica","post_format-post-format-gallery"],"featured_image_urls":{"full":["https:\/\/noticiasbahia360.com.br\/wp-content\/uploads\/2025\/05\/como-o-amor-prepara-os-filhos-para-a-autonomia.jpg",1200,798,false],"thumbnail":["https:\/\/noticiasbahia360.com.br\/wp-content\/uploads\/2025\/05\/como-o-amor-prepara-os-filhos-para-a-autonomia-150x150.jpg",150,150,true],"medium":["https:\/\/noticiasbahia360.com.br\/wp-content\/uploads\/2025\/05\/como-o-amor-prepara-os-filhos-para-a-autonomia-300x200.jpg",300,200,true],"medium_large":["https:\/\/noticiasbahia360.com.br\/wp-content\/uploads\/2025\/05\/como-o-amor-prepara-os-filhos-para-a-autonomia-768x511.jpg",640,426,true],"large":["https:\/\/noticiasbahia360.com.br\/wp-content\/uploads\/2025\/05\/como-o-amor-prepara-os-filhos-para-a-autonomia-1024x681.jpg",640,426,true],"1536x1536":["https:\/\/noticiasbahia360.com.br\/wp-content\/uploads\/2025\/05\/como-o-amor-prepara-os-filhos-para-a-autonomia.jpg",1200,798,false],"2048x2048":["https:\/\/noticiasbahia360.com.br\/wp-content\/uploads\/2025\/05\/como-o-amor-prepara-os-filhos-para-a-autonomia.jpg",1200,798,false],"chromenews-featured":["https:\/\/noticiasbahia360.com.br\/wp-content\/uploads\/2025\/05\/como-o-amor-prepara-os-filhos-para-a-autonomia-1024x681.jpg",1024,681,true],"chromenews-large":["https:\/\/noticiasbahia360.com.br\/wp-content\/uploads\/2025\/05\/como-o-amor-prepara-os-filhos-para-a-autonomia-825x575.jpg",825,575,true],"chromenews-medium":["https:\/\/noticiasbahia360.com.br\/wp-content\/uploads\/2025\/05\/como-o-amor-prepara-os-filhos-para-a-autonomia-590x410.jpg",590,410,true]},"author_info":{"display_name":"noticiasbahia360.com.br","author_link":"https:\/\/noticiasbahia360.com.br\/?author=1"},"category_info":"<a href=\"https:\/\/noticiasbahia360.com.br\/?cat=8\" rel=\"category\">Bahia<\/a> <a href=\"https:\/\/noticiasbahia360.com.br\/?cat=9\" rel=\"category\">Brasil<\/a> <a href=\"https:\/\/noticiasbahia360.com.br\/?cat=6\" rel=\"category\">Feira de Santana<\/a> <a href=\"https:\/\/noticiasbahia360.com.br\/?cat=57\" rel=\"category\">Mundo<\/a> <a href=\"https:\/\/noticiasbahia360.com.br\/?cat=56\" rel=\"category\">Pol\u00edcia<\/a> <a href=\"https:\/\/noticiasbahia360.com.br\/?cat=10\" rel=\"category\">Pol\u00edtica<\/a>","tag_info":"Pol\u00edtica","comment_count":"0","_links":{"self":[{"href":"https:\/\/noticiasbahia360.com.br\/index.php?rest_route=\/wp\/v2\/posts\/85680","targetHints":{"allow":["GET"]}}],"collection":[{"href":"https:\/\/noticiasbahia360.com.br\/index.php?rest_route=\/wp\/v2\/posts"}],"about":[{"href":"https:\/\/noticiasbahia360.com.br\/index.php?rest_route=\/wp\/v2\/types\/post"}],"author":[{"embeddable":true,"href":"https:\/\/noticiasbahia360.com.br\/index.php?rest_route=\/wp\/v2\/users\/1"}],"replies":[{"embeddable":true,"href":"https:\/\/noticiasbahia360.com.br\/index.php?rest_route=%2Fwp%2Fv2%2Fcomments&post=85680"}],"version-history":[{"count":0,"href":"https:\/\/noticiasbahia360.com.br\/index.php?rest_route=\/wp\/v2\/posts\/85680\/revisions"}],"wp:featuredmedia":[{"embeddable":true,"href":"https:\/\/noticiasbahia360.com.br\/index.php?rest_route=\/wp\/v2\/media\/85681"}],"wp:attachment":[{"href":"https:\/\/noticiasbahia360.com.br\/index.php?rest_route=%2Fwp%2Fv2%2Fmedia&parent=85680"}],"wp:term":[{"taxonomy":"category","embeddable":true,"href":"https:\/\/noticiasbahia360.com.br\/index.php?rest_route=%2Fwp%2Fv2%2Fcategories&post=85680"},{"taxonomy":"post_tag","embeddable":true,"href":"https:\/\/noticiasbahia360.com.br\/index.php?rest_route=%2Fwp%2Fv2%2Ftags&post=85680"}],"curies":[{"name":"wp","href":"https:\/\/api.w.org\/{rel}","templated":true}]}}