{"id":85682,"date":"2025-05-11T09:52:35","date_gmt":"2025-05-11T12:52:35","guid":{"rendered":"https:\/\/noticiasbahia360.com.br\/?p=85682"},"modified":"2025-05-11T09:52:35","modified_gmt":"2025-05-11T12:52:35","slug":"conheca-dona-neguinha-mae-que-teve-dois-partos-em-casa-catou-latinhas-e-papelao-para-criar-7-filhos","status":"publish","type":"post","link":"https:\/\/noticiasbahia360.com.br\/?p=85682","title":{"rendered":"Conhe\u00e7a Dona Neguinha: m\u00e3e que teve dois partos em casa, catou latinhas e papel\u00e3o para criar 7 filhos"},"content":{"rendered":"<div>\n<div>\n<figure><img decoding=\"async\" src=\"http:\/\/noticiasbahia360.com.br\/wp-content\/uploads\/2025\/05\/Dona-Neguinha-Dia-das-Maes-mae-de-sete-filhos-.jpg\" alt=\"-Dona-Neguinha-Dia-das-Maes-mae-de-sete-filhos\"><figcaption>Dona Neguinha | Foto: Ed Santos\/Acorda Cidade <\/figcaption><\/figure>\n<\/div>\n<p>Neste <a href=\"https:\/\/www.acordacidade.com.br\/tag\/dia-das-maes\/\"><strong>Dia das M\u00e3es<\/strong><\/a>, conhe\u00e7a a emocionante e inspiradora <a href=\"https:\/\/www.acordacidade.com.br\/tag\/historia\/\"><strong>hist\u00f3ria<\/strong><\/a> de uma mulher que carrega no peito o s\u00edmbolo de coragem e amor. Dona <strong>Luciana de Jesus Santos<\/strong>, conhecida como Dona Neguinha, de 50 anos, \u00e9 <strong>m\u00e3e solo<\/strong> de sete filhos, enfrentou a <strong>maternidade<\/strong> pela primeira vez aos 17 anos, praticamente sozinha, contando com o apoio da sua m\u00e3e quando ela ainda era viva. Alheia aos privil\u00e9gios, Luciana contou ao Acorda Cidade que se considera <strong>analfabeta<\/strong>, j\u00e1 catou <strong>latinhas<\/strong> e <strong>papel\u00e3o<\/strong> para ajudar na cria\u00e7\u00e3o de seus filhos.<\/p>\n<p>Dona Neguinha enfrentou longas <strong>jornadas de trabalho<\/strong> exaustivas para manter os filhos ao seu lado. Entre suas dores, a maior de todas foi <strong>perder a m\u00e3e<\/strong>, sua grande refer\u00eancia e principal apoio. Moradora do<strong> Condom\u00ednio Iguatemi 3<\/strong>, no bairro Mangabeira, Dona Neguinha \u00e9 natural do bairro <a href=\"https:\/\/www.acordacidade.com.br\/tag\/jardim-cruzeiro\/\"><strong>Jardim Cruzeiro<\/strong><\/a> e passou por experi\u00eancias marcantes, como ter dois de seus filhos em casa.<\/p>\n<p>\u201cEu tive o meu segundo filho, <strong>J\u00fanior<\/strong>, e o meu \u00faltimo filho, <strong>Thiago<\/strong>, em casa. Com J\u00fanior, eu estava sozinha. Ele nasceu de sete meses, minha m\u00e3e tinha sa\u00eddo para trabalhar e eu comecei a sentir c\u00f3licas. Quando deitei na cama, ele nasceu. J\u00e1 Thiago, de 13 anos, eu decidi ter em casa, n\u00e3o queria ir para o hospital. Estavam comigo minha sobrinha e minha filha mais nova, minha sobrinha me deu a m\u00e3o pra apertar na hora da dor\u201d, relembrou.<\/p>\n<figure class=\"wp-block-image size-full\"><img fetchpriority=\"high\" data-dominant-color=\"83ad9e\" data-has-transparency=\"false\" style=\"--dominant-color: #83ad9e;\" fetchpriority=\"high\" decoding=\"async\" width=\"882\" height=\"714\" sizes=\"(max-width: 882px) 100vw, 882px\" src=\"http:\/\/noticiasbahia360.com.br\/wp-content\/uploads\/2025\/05\/0KqUBSCR-Filho-mais-novo-Thiago-Foto-arquivo-Pessoal.webp\" alt=\"Na imagem Thiago, o filho mais novo de dona Neguinha | Foto: Arquivo Pessoal\" class=\"wp-image-551665 not-transparent\" srcset=\"https:\/\/uploads.acordacidade.com.br\/2025\/05\/0KqUBSCR-Filho-mais-novo-Thiago-Foto-arquivo-Pessoal-300x243.webp 300w, https:\/\/uploads.acordacidade.com.br\/2025\/05\/0KqUBSCR-Filho-mais-novo-Thiago-Foto-arquivo-Pessoal-768x622.webp 768w, https:\/\/uploads.acordacidade.com.br\/2025\/05\/0KqUBSCR-Filho-mais-novo-Thiago-Foto-arquivo-Pessoal-150x121.webp 150w, http:\/\/noticiasbahia360.com.br\/wp-content\/uploads\/2025\/05\/0KqUBSCR-Filho-mais-novo-Thiago-Foto-arquivo-Pessoal.webp 882w\"><figcaption class=\"wp-element-caption\">Na imagem Thiago, o filho mais novo de dona Neguinha | Foto: Arquivo Pessoal<\/figcaption><\/figure>\n<p>Dona Neguinha \u00e9 m\u00e3e de quatro homens e tr\u00eas mulheres. A filha mais velha tem 32 anos, \u00e9 casada e j\u00e1 \u00e9 m\u00e3e. J\u00fanior tamb\u00e9m est\u00e1 casado e tem dois filhos. Atualmente, Dona Neguinha vive com tr\u00eas dos filhos: Eduardo, Maria Eduarda e Thiago.<\/p>\n<h2 class=\"wp-block-heading\" id=\"h-a-luta-e-a-superacao-de-dona-neguinha\">A Luta e a supera\u00e7\u00e3o de Dona Neguinha<\/h2>\n<p>Mesmo com todos os <a href=\"https:\/\/www.acordacidade.com.br\/tag\/desafios\/\"><strong>desafios<\/strong><\/a>, ela sempre se recusou a entregar os filhos para outras pessoas criarem.<\/p>\n<p>\u201cEu sa\u00eda do <strong>Jardim Cruzeiro<\/strong> a p\u00e9 para trabalhar numa empresa na estrada para Salvador. Sa\u00eda de casa \u00e0s 5h da manh\u00e3 para conseguir chegar \u00e0s 7h. Limpava, e voltava s\u00f3 \u00e0 noite. Foi dif\u00edcil, porque nunca quis abrir m\u00e3o deles, mesmo quando parentes pediam para criar\u201d, contou.<\/p>\n<figure class=\"wp-block-image size-large\"><img data-dominant-color=\"66688d\" data-has-transparency=\"false\" style=\"--dominant-color: #66688d;\" decoding=\"async\" width=\"1024\" height=\"768\" sizes=\"(max-width: 1024px) 100vw, 1024px\" src=\"http:\/\/noticiasbahia360.com.br\/wp-content\/uploads\/2025\/05\/Yj6sRs9e-Tres-filhas-de-dona-Neguinha-ao-lado-de-seu-netinho-Isaias-Foto-Arquivo-Pessoal-1024x768-1.webp\" alt=\"Tr\u00eas filhas de dona Neguinha ao lado de seu netinho Isa\u00edas | Foto:  Arquivo Pessoal\" class=\"wp-image-551662 not-transparent\" srcset=\"https:\/\/uploads.acordacidade.com.br\/2025\/05\/Yj6sRs9e-Tres-filhas-de-dona-Neguinha-ao-lado-de-seu-netinho-Isaias-Foto-Arquivo-Pessoal--300x225.webp 300w, http:\/\/noticiasbahia360.com.br\/wp-content\/uploads\/2025\/05\/Yj6sRs9e-Tres-filhas-de-dona-Neguinha-ao-lado-de-seu-netinho-Isaias-Foto-Arquivo-Pessoal-1024x768-1.webp 1024w, https:\/\/uploads.acordacidade.com.br\/2025\/05\/Yj6sRs9e-Tres-filhas-de-dona-Neguinha-ao-lado-de-seu-netinho-Isaias-Foto-Arquivo-Pessoal--768x576.webp 768w, https:\/\/uploads.acordacidade.com.br\/2025\/05\/Yj6sRs9e-Tres-filhas-de-dona-Neguinha-ao-lado-de-seu-netinho-Isaias-Foto-Arquivo-Pessoal--150x113.webp 150w, https:\/\/uploads.acordacidade.com.br\/2025\/05\/Yj6sRs9e-Tres-filhas-de-dona-Neguinha-ao-lado-de-seu-netinho-Isaias-Foto-Arquivo-Pessoal-.webp 1200w\"><figcaption class=\"wp-element-caption\">Tr\u00eas filhas de dona Neguinha ao lado de seu netinho Isa\u00edas | Foto:  Arquivo Pessoal<\/figcaption><\/figure>\n<p>A <strong>maternidade<\/strong> foi enfrentada na ra\u00e7a. <strong>Dona Luciana<\/strong> catava <strong>latinhas<\/strong> em festas, recolhia <strong>papel\u00e3o<\/strong>, buscava livros velhos em escolas para revender, fazia faxinas, cuidava de idosos, tudo para colocar comida em casa.<\/p>\n<p>\u201cEu fiz de tudo um pouco. At\u00e9 hoje trabalho como posso, limpo casa, quintal, tomo conta de menino. S\u00f3 n\u00e3o roubo, mas de tudo fa\u00e7o\u201d, diz com firmeza.<\/p>\n<p>Ela revelou ainda que n\u00e3o recebe nenhum tipo de ajuda dos pais das crian\u00e7as. \u201cTive tr\u00eas companheiros, s\u00e3o os pais dos meus filhos, mas hoje nenhum ajuda. Eu que me viro.\u201d<\/p>\n<figure class=\"wp-block-image size-full\"><img data-dominant-color=\"665a5c\" data-has-transparency=\"false\" style=\"--dominant-color: #665a5c;\" decoding=\"async\" width=\"900\" height=\"874\" sizes=\"(max-width: 900px) 100vw, 900px\" src=\"http:\/\/noticiasbahia360.com.br\/wp-content\/uploads\/2025\/05\/8SVnu2Tl-Segundo-neto-de-dona-Neguinha-Isaias-de-4-anos-Foto-arquivo-Pessoal.webp\" alt=\"Segundo neto de dona Neguinha, Isa\u00edas, de 4 anos - Foto - arquivo Pessoal\" class=\"wp-image-551666 not-transparent\" srcset=\"https:\/\/uploads.acordacidade.com.br\/2025\/05\/8SVnu2Tl-Segundo-neto-de-dona-Neguinha-Isaias-de-4-anos-Foto-arquivo-Pessoal-300x291.webp 300w, https:\/\/uploads.acordacidade.com.br\/2025\/05\/8SVnu2Tl-Segundo-neto-de-dona-Neguinha-Isaias-de-4-anos-Foto-arquivo-Pessoal-768x746.webp 768w, https:\/\/uploads.acordacidade.com.br\/2025\/05\/8SVnu2Tl-Segundo-neto-de-dona-Neguinha-Isaias-de-4-anos-Foto-arquivo-Pessoal-150x146.webp 150w, http:\/\/noticiasbahia360.com.br\/wp-content\/uploads\/2025\/05\/8SVnu2Tl-Segundo-neto-de-dona-Neguinha-Isaias-de-4-anos-Foto-arquivo-Pessoal.webp 900w\"><figcaption class=\"wp-element-caption\">Segundo neto de dona Neguinha, Isa\u00edas, de 4 anos | Foto: Arquivo Pessoal<\/figcaption><\/figure>\n<h3 class=\"wp-block-heading\" id=\"h-desafios-e-dores\">Desafios e dores<\/h3>\n<p>Al\u00e9m disso, Dona Neguinha pontuou que enfrenta o desafio de criar Thiago, o filho ca\u00e7ula, que tem <strong>Transtorno do D\u00e9ficit de Aten\u00e7\u00e3o com Hiperatividade (TDAH)<\/strong> e est\u00e1 sem <strong>acompanhamento psicol\u00f3gico<\/strong> h\u00e1 dois anos. \u201cEle faz acompanhamento no <strong>Assis<\/strong>, mas est\u00e1 sem psic\u00f3logo l\u00e1. A gente n\u00e3o conseguiu mais\u201d, lamentou.<\/p>\n<p>Dona Neguinha tamb\u00e9m carrega uma dor profunda: a <strong>perda da m\u00e3e<\/strong> h\u00e1 6 anos, sua maior refer\u00eancia.<\/p>\n<figure class=\"wp-block-image size-large\"><img data-dominant-color=\"76695d\" data-has-transparency=\"false\" style=\"--dominant-color: #76695d;\" decoding=\"async\" width=\"1024\" height=\"576\" sizes=\"(max-width: 1024px) 100vw, 1024px\" src=\"http:\/\/noticiasbahia360.com.br\/wp-content\/uploads\/2025\/05\/SnxfHz0J-Filhos-e-sobrinhos-e-primeiro-e-segundo-grau-que-dona-Neguinha-ajudou-a-criar-Foto-arquivo-Pessoal-1024x576-1.webp\" alt=\"Filhos e sobrinhos de primeiro e segundo grau que dona Neguinha ajudou a criar | Foto: Arquivo Pessoal\" class=\"wp-image-551664 not-transparent\" srcset=\"https:\/\/uploads.acordacidade.com.br\/2025\/05\/SnxfHz0J-Filhos-e-sobrinhos-e-primeiro-e-segundo-grau-que-dona-Neguinha-ajudou-a-criar-Foto-arquivo-Pessoal-300x169.webp 300w, http:\/\/noticiasbahia360.com.br\/wp-content\/uploads\/2025\/05\/SnxfHz0J-Filhos-e-sobrinhos-e-primeiro-e-segundo-grau-que-dona-Neguinha-ajudou-a-criar-Foto-arquivo-Pessoal-1024x576-1.webp 1024w, https:\/\/uploads.acordacidade.com.br\/2025\/05\/SnxfHz0J-Filhos-e-sobrinhos-e-primeiro-e-segundo-grau-que-dona-Neguinha-ajudou-a-criar-Foto-arquivo-Pessoal-768x432.webp 768w, https:\/\/uploads.acordacidade.com.br\/2025\/05\/SnxfHz0J-Filhos-e-sobrinhos-e-primeiro-e-segundo-grau-que-dona-Neguinha-ajudou-a-criar-Foto-arquivo-Pessoal-150x84.webp 150w, https:\/\/uploads.acordacidade.com.br\/2025\/05\/SnxfHz0J-Filhos-e-sobrinhos-e-primeiro-e-segundo-grau-que-dona-Neguinha-ajudou-a-criar-Foto-arquivo-Pessoal.webp 1200w\"><figcaption class=\"wp-element-caption\">Filhos e sobrinhos de primeiro e segundo grau que dona Neguinha ajudou a criar | Foto: Arquivo Pessoal<\/figcaption><\/figure>\n<p>\u201cQuando eu <strong>perdi minha m\u00e3e<\/strong>, perdi tudo. Agora voltei a fazer <strong>acompanhamento psicol\u00f3gico<\/strong> em uma cl\u00ednica na <strong>Get\u00falio Vargas<\/strong>, mas a dor ainda \u00e9 grande\u201d, compartilhou emocionada.<\/p>\n<h2 class=\"wp-block-heading\" id=\"h-orgulho-e-mensagem-de-esperanca\">Orgulho e mensagem de esperan\u00e7a<\/h2>\n<p>Mesmo sendo <strong>analfabeta<\/strong>, ela tem orgulho dos filhos. Duas filhas estudam na <strong>Universidade Estadual de Feira de Santana (Uefs)<\/strong> e uma cursou faculdade particular.<\/p>\n<figure class=\"wp-block-image size-large\"><img loading=\"lazy\" data-dominant-color=\"8c7256\" data-has-transparency=\"false\" style=\"--dominant-color: #8c7256;\" decoding=\"async\" width=\"1024\" height=\"768\" sizes=\"(max-width: 1024px) 100vw, 1024px\" src=\"http:\/\/noticiasbahia360.com.br\/wp-content\/uploads\/2025\/05\/okpVmdz6-Dona-Neguinha-no-centro-ao-lado-das-tres-filhas-e-seu-genro-foto-arquivo-pessoal-1024x768-1.webp\" alt=\"Dona Neguinha no centro ao lado das tr\u00eas filhas e seu genro - foto -arquivo pessoal\" class=\"wp-image-551663 not-transparent\" srcset=\"https:\/\/uploads.acordacidade.com.br\/2025\/05\/okpVmdz6-Dona-Neguinha-no-centro-ao-lado-das-tres-filhas-e-seu-genro-foto-arquivo-pessoal-300x225.webp 300w, http:\/\/noticiasbahia360.com.br\/wp-content\/uploads\/2025\/05\/okpVmdz6-Dona-Neguinha-no-centro-ao-lado-das-tres-filhas-e-seu-genro-foto-arquivo-pessoal-1024x768-1.webp 1024w, https:\/\/uploads.acordacidade.com.br\/2025\/05\/okpVmdz6-Dona-Neguinha-no-centro-ao-lado-das-tres-filhas-e-seu-genro-foto-arquivo-pessoal-768x576.webp 768w, https:\/\/uploads.acordacidade.com.br\/2025\/05\/okpVmdz6-Dona-Neguinha-no-centro-ao-lado-das-tres-filhas-e-seu-genro-foto-arquivo-pessoal-150x113.webp 150w, https:\/\/uploads.acordacidade.com.br\/2025\/05\/okpVmdz6-Dona-Neguinha-no-centro-ao-lado-das-tres-filhas-e-seu-genro-foto-arquivo-pessoal.webp 1200w\"><figcaption class=\"wp-element-caption\">Dona Neguinha no centro ao lado das tr\u00eas filhas, o filho Thiago e seu genro | Foto: Arquivo Pessoal<\/figcaption><\/figure>\n<p>\u201cEu s\u00f3 sei assinar meu nome. N\u00e3o consegui acompanhar os estudos deles. Mas meus filhos e meus irm\u00e3os me ajudam, principalmente com o Thiago, que precisa de aten\u00e7\u00e3o com as atividades da escola\u201d, contou.<\/p>\n<figure class=\"wp-block-image size-full\"><img loading=\"lazy\" data-dominant-color=\"9d9a93\" data-has-transparency=\"false\" style=\"--dominant-color: #9d9a93;\" decoding=\"async\" width=\"900\" height=\"1011\" sizes=\"(max-width: 900px) 100vw, 900px\" src=\"http:\/\/noticiasbahia360.com.br\/wp-content\/uploads\/2025\/05\/Zqn26hUA-Neto-mais-velho-de-dona-Neguinha-Bernardo-de-7-anos-Foto-arquivo-pessoal.webp\" alt=\"Neto mais velho de dona Neguinha, Bernardo, de 7 anos - Foto - arquivo pessoal\" class=\"wp-image-551667 not-transparent\" srcset=\"https:\/\/uploads.acordacidade.com.br\/2025\/05\/Zqn26hUA-Neto-mais-velho-de-dona-Neguinha-Bernardo-de-7-anos-Foto-arquivo-pessoal-267x300.webp 267w, https:\/\/uploads.acordacidade.com.br\/2025\/05\/Zqn26hUA-Neto-mais-velho-de-dona-Neguinha-Bernardo-de-7-anos-Foto-arquivo-pessoal-768x863.webp 768w, https:\/\/uploads.acordacidade.com.br\/2025\/05\/Zqn26hUA-Neto-mais-velho-de-dona-Neguinha-Bernardo-de-7-anos-Foto-arquivo-pessoal-150x169.webp 150w, http:\/\/noticiasbahia360.com.br\/wp-content\/uploads\/2025\/05\/Zqn26hUA-Neto-mais-velho-de-dona-Neguinha-Bernardo-de-7-anos-Foto-arquivo-pessoal.webp 900w\"><figcaption class=\"wp-element-caption\">Neto mais velho de dona Neguinha, Bernardo, de 7 anos | Foto: Arquivo pessoal<\/figcaption><\/figure>\n<p>Com emo\u00e7\u00e3o, ela deixa uma mensagem especial a todas as m\u00e3es, especialmente as que, como ela, enfrentam a vida sozinhas.<\/p>\n<p>\u201cQuero deixar um abra\u00e7o grande a todas as m\u00e3es, especialmente \u00e0s <strong>m\u00e3es solos<\/strong>. S\u00f3 a gente sabe o que a gente passa quando chega a noite. Mas Deus n\u00e3o nos abandona. Tenham f\u00e9 que a vida melhora\u201d, frisou.<\/p>\n<p><em>Siga o Acorda Cidade no<\/em><a href=\"https:\/\/news.google.com\/search?q=acorda%20cidade&amp;hl=pt-BR&amp;gl=BR&amp;ceid=BR%3Apt-419\"><strong><em>\u00a0Google Not\u00edcias<\/em><\/strong><\/a><em>\u00a0e receba os principais destaques do dia. Participe tamb\u00e9m dos nossos canais no\u00a0<\/em><a href=\"https:\/\/www.whatsapp.com\/channel\/0029Va6Rb4v3WHTNnsh8WI3N\"><strong><em>WhatsApp<\/em><\/strong><\/a><em>\u00a0e\u00a0<\/em><a href=\"https:\/\/www.youtube.com\/@acordacidadenoticias\/videos\"><strong>YouTube<\/strong><\/a><em>\u00a0e do grupo no\u00a0<\/em><a href=\"https:\/\/t.me\/+sSz0khrgARA0ZmRh\"><strong><em>Telegram<\/em><\/strong><\/a><\/p>\n<\/div>\n","protected":false},"excerpt":{"rendered":"<div>\n<div>\n<figure><img decoding=\"async\" src=\"https:\/\/uploads.acordacidade.com.br\/2025\/05\/Dona-Neguinha-Dia-das-Maes-mae-de-sete-filhos-.jpg\" alt=\"-Dona-Neguinha-Dia-das-Maes-mae-de-sete-filhos\"><figcaption>Dona Neguinha | Foto: Ed Santos\/Acorda Cidade <\/figcaption><\/figure>\n<\/div>\n<p>Mesmo sendo analfabeta, ela tem orgulho dos filhos. Duas filhas estudam na Universidade Estadual de Feira de Santana (Uefs) e uma cursou faculdade particular.<\/p><\/div>\n","protected":false},"author":1,"featured_media":85683,"comment_status":"closed","ping_status":"closed","sticky":false,"template":"","format":"gallery","meta":{"footnotes":""},"categories":[8,9,6,57,56,10],"tags":[],"class_list":["post-85682","post","type-post","status-publish","format-gallery","has-post-thumbnail","hentry","category-bahia","category-brasil","category-feira-de-santana","category-mundo","category-policia","category-politica","post_format-post-format-gallery"],"featured_image_urls":{"full":["https:\/\/noticiasbahia360.com.br\/wp-content\/uploads\/2025\/05\/Dona-Neguinha-Dia-das-Maes-mae-de-sete-filhos-.jpg",1600,1200,false],"thumbnail":["https:\/\/noticiasbahia360.com.br\/wp-content\/uploads\/2025\/05\/Dona-Neguinha-Dia-das-Maes-mae-de-sete-filhos--150x150.jpg",150,150,true],"medium":["https:\/\/noticiasbahia360.com.br\/wp-content\/uploads\/2025\/05\/Dona-Neguinha-Dia-das-Maes-mae-de-sete-filhos--300x225.jpg",300,225,true],"medium_large":["https:\/\/noticiasbahia360.com.br\/wp-content\/uploads\/2025\/05\/Dona-Neguinha-Dia-das-Maes-mae-de-sete-filhos--768x576.jpg",640,480,true],"large":["https:\/\/noticiasbahia360.com.br\/wp-content\/uploads\/2025\/05\/Dona-Neguinha-Dia-das-Maes-mae-de-sete-filhos--1024x768.jpg",640,480,true],"1536x1536":["https:\/\/noticiasbahia360.com.br\/wp-content\/uploads\/2025\/05\/Dona-Neguinha-Dia-das-Maes-mae-de-sete-filhos--1536x1152.jpg",1536,1152,true],"2048x2048":["https:\/\/noticiasbahia360.com.br\/wp-content\/uploads\/2025\/05\/Dona-Neguinha-Dia-das-Maes-mae-de-sete-filhos-.jpg",1600,1200,false],"chromenews-featured":["https:\/\/noticiasbahia360.com.br\/wp-content\/uploads\/2025\/05\/Dona-Neguinha-Dia-das-Maes-mae-de-sete-filhos--1024x768.jpg",1024,768,true],"chromenews-large":["https:\/\/noticiasbahia360.com.br\/wp-content\/uploads\/2025\/05\/Dona-Neguinha-Dia-das-Maes-mae-de-sete-filhos--825x575.jpg",825,575,true],"chromenews-medium":["https:\/\/noticiasbahia360.com.br\/wp-content\/uploads\/2025\/05\/Dona-Neguinha-Dia-das-Maes-mae-de-sete-filhos--590x410.jpg",590,410,true]},"author_info":{"display_name":"noticiasbahia360.com.br","author_link":"https:\/\/noticiasbahia360.com.br\/?author=1"},"category_info":"<a href=\"https:\/\/noticiasbahia360.com.br\/?cat=8\" rel=\"category\">Bahia<\/a> <a href=\"https:\/\/noticiasbahia360.com.br\/?cat=9\" rel=\"category\">Brasil<\/a> <a href=\"https:\/\/noticiasbahia360.com.br\/?cat=6\" rel=\"category\">Feira de Santana<\/a> <a href=\"https:\/\/noticiasbahia360.com.br\/?cat=57\" rel=\"category\">Mundo<\/a> <a href=\"https:\/\/noticiasbahia360.com.br\/?cat=56\" rel=\"category\">Pol\u00edcia<\/a> <a href=\"https:\/\/noticiasbahia360.com.br\/?cat=10\" rel=\"category\">Pol\u00edtica<\/a>","tag_info":"Pol\u00edtica","comment_count":"0","_links":{"self":[{"href":"https:\/\/noticiasbahia360.com.br\/index.php?rest_route=\/wp\/v2\/posts\/85682","targetHints":{"allow":["GET"]}}],"collection":[{"href":"https:\/\/noticiasbahia360.com.br\/index.php?rest_route=\/wp\/v2\/posts"}],"about":[{"href":"https:\/\/noticiasbahia360.com.br\/index.php?rest_route=\/wp\/v2\/types\/post"}],"author":[{"embeddable":true,"href":"https:\/\/noticiasbahia360.com.br\/index.php?rest_route=\/wp\/v2\/users\/1"}],"replies":[{"embeddable":true,"href":"https:\/\/noticiasbahia360.com.br\/index.php?rest_route=%2Fwp%2Fv2%2Fcomments&post=85682"}],"version-history":[{"count":0,"href":"https:\/\/noticiasbahia360.com.br\/index.php?rest_route=\/wp\/v2\/posts\/85682\/revisions"}],"wp:featuredmedia":[{"embeddable":true,"href":"https:\/\/noticiasbahia360.com.br\/index.php?rest_route=\/wp\/v2\/media\/85683"}],"wp:attachment":[{"href":"https:\/\/noticiasbahia360.com.br\/index.php?rest_route=%2Fwp%2Fv2%2Fmedia&parent=85682"}],"wp:term":[{"taxonomy":"category","embeddable":true,"href":"https:\/\/noticiasbahia360.com.br\/index.php?rest_route=%2Fwp%2Fv2%2Fcategories&post=85682"},{"taxonomy":"post_tag","embeddable":true,"href":"https:\/\/noticiasbahia360.com.br\/index.php?rest_route=%2Fwp%2Fv2%2Ftags&post=85682"}],"curies":[{"name":"wp","href":"https:\/\/api.w.org\/{rel}","templated":true}]}} 