{"id":85690,"date":"2025-05-11T10:05:32","date_gmt":"2025-05-11T13:05:32","guid":{"rendered":"https:\/\/noticiasbahia360.com.br\/?p=85690"},"modified":"2025-05-11T10:05:32","modified_gmt":"2025-05-11T13:05:32","slug":"do-coracao-para-a-pele-a-tatuagem-vem-conquistando-espaco-no-dia-das-maes","status":"publish","type":"post","link":"https:\/\/noticiasbahia360.com.br\/?p=85690","title":{"rendered":"Do cora\u00e7\u00e3o para a pele: A tatuagem vem conquistando espa\u00e7o no Dia das M\u00e3es"},"content":{"rendered":"<div>\n<div>\n<figure><img decoding=\"async\" src=\"http:\/\/noticiasbahia360.com.br\/wp-content\/uploads\/2025\/05\/A-tatuagem-vem-conquistando-espaco-no-Dia-das-Maes1.jpg\" alt=\"A tatuagem vem conquistando espa\u00e7o no Dia das M\u00e3es\"><figcaption>Foto: Divulga\u00e7\u00e3o<\/figcaption><\/figure>\n<\/div>\n<p>Nesse m\u00eas das M\u00e3es, um tipo de presente diferente tem se destacado entre as <a href=\"https:\/\/www.acordacidade.com.br\/tag\/flores\/\">Flores<\/a>, chocolates e perfumes: a tatuagem. Ao inv\u00e9s de uma coisa passageira, m\u00e3es e filhos t\u00eam apostado em homenagens eternizadas na pele, criando assim uma tradi\u00e7\u00e3o nova que \u00e9 carregada de muito afeto e significado. No Studio Petersen, hist\u00f3rias como a da professora Samira Jorge t\u00eam ganhado espa\u00e7o e mostrado o quanto esse tipo de presente tem conquistado o cora\u00e7\u00e3o e a pele das fam\u00edlias.<\/p>\n<p>Samira resolveu eternizar o amor da sua filha Samara, de 15 anos, e tatuou no bra\u00e7o a sua data de nascimento. A escolha da tatuagem veio com muita emo\u00e7\u00e3o: \u201cEu queria homenagear a vida da minha filha\u201d. A ideia veio como uma maneira de celebrar um marco \u00fanico e transformador: \u201cCom o nascimento dela, eu me tornei m\u00e3e e essa tatuagem representa isso, nascimento e vida\u201d.<\/p>\n<figure class=\"wp-block-image size-full\"><img fetchpriority=\"high\" data-dominant-color=\"817c7a\" data-has-transparency=\"false\" style=\"--dominant-color: #817c7a;\" fetchpriority=\"high\" decoding=\"async\" width=\"828\" height=\"741\" sizes=\"(max-width: 828px) 100vw, 828px\" src=\"http:\/\/noticiasbahia360.com.br\/wp-content\/uploads\/2025\/05\/IkJcG7ic-A-tatuagem-vem-conquistando-espaco-no-Dia-das-Maes.webp\" alt=\"A tatuagem vem conquistando espa\u00e7o no Dia das M\u00e3es\" class=\"wp-image-551579 not-transparent\" srcset=\"https:\/\/uploads.acordacidade.com.br\/2025\/05\/IkJcG7ic-A-tatuagem-vem-conquistando-espaco-no-Dia-das-Maes-300x268.webp 300w, https:\/\/uploads.acordacidade.com.br\/2025\/05\/IkJcG7ic-A-tatuagem-vem-conquistando-espaco-no-Dia-das-Maes-768x687.webp 768w, https:\/\/uploads.acordacidade.com.br\/2025\/05\/IkJcG7ic-A-tatuagem-vem-conquistando-espaco-no-Dia-das-Maes-150x134.webp 150w, http:\/\/noticiasbahia360.com.br\/wp-content\/uploads\/2025\/05\/IkJcG7ic-A-tatuagem-vem-conquistando-espaco-no-Dia-das-Maes.webp 828w\"><figcaption class=\"wp-element-caption\">Foto: Divulga\u00e7\u00e3o<\/figcaption><\/figure>\n<p>A <a href=\"https:\/\/www.acordacidade.com.br\/tag\/homenagem\/\">homenagem <\/a>se tornou ainda mais especial pela experi\u00eancia que teve no est\u00fadio, que ela escolheu com muito cuidado: \u201cFui muito acolhida e respeitada por todos. Amei mesmo! Escolhi a Petersen por conta da organiza\u00e7\u00e3o, limpeza e \u00e9tica. J\u00e1 fazia um ano que eu estudava eles antes de decidir\u201d.<\/p>\n<p>De acordo com Dudu Petersen, tatuador e dono do studio, nesse per\u00edodo a procura por tatuagens entre m\u00e3es e filhos cresce de forma significativa. \u201cMuitos filhos pedem esse presente para as m\u00e3es. \u00c9 o mundo moderno\u201d, afirma. \u201cEu diria que 70% das tatuagens s\u00e3o para homenagear familiares. As pessoas costumam fazer frases ou imagens que simbolizam algo que tenha a ver com a fam\u00edlia\u201d.<\/p>\n<p>Ainda segundo ele, os estilos mais buscados v\u00e3o desde nomes e datas de nascimento dos filhos, at\u00e9 retratos realistas ou representa\u00e7\u00f5es simb\u00f3licas, como animais. \u201cM\u00e3es e filhos costumam fazer algum desenho em comum para simbolizar o v\u00ednculo. \u00c0s vezes \u00e9 uma leoa com os filhotes, por exemplo\u201d.<\/p>\n<p>A tatuagem tem se tornado um gesto que ultrapassa o lado comercial e se torna uma oportunidade de gravar na pele um sentimento que j\u00e1 est\u00e1 no cora\u00e7\u00e3o.<\/p>\n<p><em>Siga o Acorda Cidade no<\/em><a href=\"https:\/\/news.google.com\/search?q=acorda%20cidade&amp;hl=pt-BR&amp;gl=BR&amp;ceid=BR%3Apt-419\"><strong><em>\u00a0Google Not\u00edcias<\/em><\/strong><\/a><em>\u00a0e receba os principais destaques do dia. Participe tamb\u00e9m dos nossos canais no\u00a0<\/em><a href=\"https:\/\/www.whatsapp.com\/channel\/0029Va6Rb4v3WHTNnsh8WI3N\"><strong><em>WhatsApp<\/em><\/strong><\/a><em>\u00a0e\u00a0<\/em><a href=\"https:\/\/www.youtube.com\/@acordacidadenoticias\/videos\"><strong>Youtube<\/strong><\/a><em>\u00a0e grupo de\u00a0<\/em><a href=\"https:\/\/t.me\/+sSz0khrgARA0ZmRh\"><strong><em>Telegram<\/em><\/strong><\/a><em>.<\/em><\/p>\n<\/div>\n","protected":false},"excerpt":{"rendered":"<div>\n<div>\n<figure><img decoding=\"async\" src=\"https:\/\/uploads.acordacidade.com.br\/2025\/05\/A-tatuagem-vem-conquistando-espaco-no-Dia-das-Maes1.jpg\" alt=\"A tatuagem vem conquistando espa\u00e7o no Dia das M\u00e3es\"><figcaption>Foto: Divulga\u00e7\u00e3o<\/figcaption><\/figure>\n<\/div>\n<p>Ao inv\u00e9s de flores e chocolates, filhos escolhem homenagens eternizadas com tinta.<\/p><\/div>\n","protected":false},"author":1,"featured_media":85691,"comment_status":"closed","ping_status":"closed","sticky":false,"template":"","format":"gallery","meta":{"footnotes":""},"categories":[8,9,6,57,56,10],"tags":[],"class_list":["post-85690","post","type-post","status-publish","format-gallery","has-post-thumbnail","hentry","category-bahia","category-brasil","category-feira-de-santana","category-mundo","category-policia","category-politica","post_format-post-format-gallery"],"featured_image_urls":{"full":["https:\/\/noticiasbahia360.com.br\/wp-content\/uploads\/2025\/05\/A-tatuagem-vem-conquistando-espaco-no-Dia-das-Maes1-rotated.jpg",1200,675,false],"thumbnail":["https:\/\/noticiasbahia360.com.br\/wp-content\/uploads\/2025\/05\/A-tatuagem-vem-conquistando-espaco-no-Dia-das-Maes1-150x150.jpg",150,150,true],"medium":["https:\/\/noticiasbahia360.com.br\/wp-content\/uploads\/2025\/05\/A-tatuagem-vem-conquistando-espaco-no-Dia-das-Maes1-300x169.jpg",300,169,true],"medium_large":["https:\/\/noticiasbahia360.com.br\/wp-content\/uploads\/2025\/05\/A-tatuagem-vem-conquistando-espaco-no-Dia-das-Maes1-768x432.jpg",640,360,true],"large":["https:\/\/noticiasbahia360.com.br\/wp-content\/uploads\/2025\/05\/A-tatuagem-vem-conquistando-espaco-no-Dia-das-Maes1-1024x576.jpg",640,360,true],"1536x1536":["https:\/\/noticiasbahia360.com.br\/wp-content\/uploads\/2025\/05\/A-tatuagem-vem-conquistando-espaco-no-Dia-das-Maes1-rotated.jpg",1200,675,false],"2048x2048":["https:\/\/noticiasbahia360.com.br\/wp-content\/uploads\/2025\/05\/A-tatuagem-vem-conquistando-espaco-no-Dia-das-Maes1-rotated.jpg",1200,675,false],"chromenews-featured":["https:\/\/noticiasbahia360.com.br\/wp-content\/uploads\/2025\/05\/A-tatuagem-vem-conquistando-espaco-no-Dia-das-Maes1-1024x576.jpg",1024,576,true],"chromenews-large":["https:\/\/noticiasbahia360.com.br\/wp-content\/uploads\/2025\/05\/A-tatuagem-vem-conquistando-espaco-no-Dia-das-Maes1-825x575.jpg",825,575,true],"chromenews-medium":["https:\/\/noticiasbahia360.com.br\/wp-content\/uploads\/2025\/05\/A-tatuagem-vem-conquistando-espaco-no-Dia-das-Maes1-590x410.jpg",590,410,true]},"author_info":{"display_name":"noticiasbahia360.com.br","author_link":"https:\/\/noticiasbahia360.com.br\/?author=1"},"category_info":"<a href=\"https:\/\/noticiasbahia360.com.br\/?cat=8\" rel=\"category\">Bahia<\/a> <a href=\"https:\/\/noticiasbahia360.com.br\/?cat=9\" rel=\"category\">Brasil<\/a> <a href=\"https:\/\/noticiasbahia360.com.br\/?cat=6\" rel=\"category\">Feira de Santana<\/a> <a href=\"https:\/\/noticiasbahia360.com.br\/?cat=57\" rel=\"category\">Mundo<\/a> <a href=\"https:\/\/noticiasbahia360.com.br\/?cat=56\" rel=\"category\">Pol\u00edcia<\/a> <a href=\"https:\/\/noticiasbahia360.com.br\/?cat=10\" rel=\"category\">Pol\u00edtica<\/a>","tag_info":"Pol\u00edtica","comment_count":"0","_links":{"self":[{"href":"https:\/\/noticiasbahia360.com.br\/index.php?rest_route=\/wp\/v2\/posts\/85690","targetHints":{"allow":["GET"]}}],"collection":[{"href":"https:\/\/noticiasbahia360.com.br\/index.php?rest_route=\/wp\/v2\/posts"}],"about":[{"href":"https:\/\/noticiasbahia360.com.br\/index.php?rest_route=\/wp\/v2\/types\/post"}],"author":[{"embeddable":true,"href":"https:\/\/noticiasbahia360.com.br\/index.php?rest_route=\/wp\/v2\/users\/1"}],"replies":[{"embeddable":true,"href":"https:\/\/noticiasbahia360.com.br\/index.php?rest_route=%2Fwp%2Fv2%2Fcomments&post=85690"}],"version-history":[{"count":0,"href":"https:\/\/noticiasbahia360.com.br\/index.php?rest_route=\/wp\/v2\/posts\/85690\/revisions"}],"wp:featuredmedia":[{"embeddable":true,"href":"https:\/\/noticiasbahia360.com.br\/index.php?rest_route=\/wp\/v2\/media\/85691"}],"wp:attachment":[{"href":"https:\/\/noticiasbahia360.com.br\/index.php?rest_route=%2Fwp%2Fv2%2Fmedia&parent=85690"}],"wp:term":[{"taxonomy":"category","embeddable":true,"href":"https:\/\/noticiasbahia360.com.br\/index.php?rest_route=%2Fwp%2Fv2%2Fcategories&post=85690"},{"taxonomy":"post_tag","embeddable":true,"href":"https:\/\/noticiasbahia360.com.br\/index.php?rest_route=%2Fwp%2Fv2%2Ftags&post=85690"}],"curies":[{"name":"wp","href":"https:\/\/api.w.org\/{rel}","templated":true}]}}