{"id":85693,"date":"2025-05-11T10:35:12","date_gmt":"2025-05-11T13:35:12","guid":{"rendered":"https:\/\/noticiasbahia360.com.br\/?p=85693"},"modified":"2025-05-11T10:35:12","modified_gmt":"2025-05-11T13:35:12","slug":"dia-das-maes-origem-impacto-economico-e-transformacoes-sociais-no-brasil","status":"publish","type":"post","link":"https:\/\/noticiasbahia360.com.br\/?p=85693","title":{"rendered":"Dia das M\u00e3es: origem, impacto econ\u00f4mico e transforma\u00e7\u00f5es sociais no Brasil"},"content":{"rendered":"<div>\n<div>\n<figure><img decoding=\"async\" src=\"http:\/\/noticiasbahia360.com.br\/wp-content\/uploads\/2025\/05\/dia-das-maes-.jpg\" alt=\"dia das m\u00e3es\"><figcaption>Foto: Freepik <\/figcaption><\/figure>\n<\/div>\n<p>O <strong>Dia das M\u00e3es<\/strong>, celebrado no segundo domingo de maio no <strong><a href=\"https:\/\/www.acordacidade.com.br\/tag\/brasil\/\">Brasil<\/a><\/strong>, tem origem nos Estados Unidos, onde Anna Jarvis criou a data em 1908 para homenagear sua m\u00e3e falecida. A campanha dela levou o Congresso estadunidense a oficializar a comemora\u00e7\u00e3o em 1914. No Brasil, a data foi institu\u00edda em 1932 por Get\u00falio Vargas, visando tanto o aspecto afetivo quanto o est\u00edmulo ao com\u00e9rcio.<\/p>\n<p>No mercado, o Dia das M\u00e3es \u00e9 uma das datas mais importantes para o <strong><a href=\"https:\/\/www.acordacidade.com.br\/tag\/varejo\/\">varejo<\/a><\/strong>, perdendo apenas para o Natal. Setores como floricultura, moda, cosm\u00e9ticos e eletr\u00f4nicos movimentam bilh\u00f5es de reais anualmente. Em 2023, por exemplo, as vendas superaram R$ 30 bilh\u00f5es, segundo a <strong>ABComm<\/strong> (Associa\u00e7\u00e3o Brasileira de Com\u00e9rcio Eletr\u00f4nico). Presentes tradicionais como perfumes e chocolates dividem espa\u00e7o com itens tecnol\u00f3gicos, refletindo mudan\u00e7as nos h\u00e1bitos de consumo.<\/p>\n<h2 class=\"wp-block-heading\" id=\"h-novas-relacoes\">Novas rela\u00e7\u00f5es<\/h2>\n<p>Al\u00e9m do impacto econ\u00f4mico, a data tamb\u00e9m evidencia transforma\u00e7\u00f5es nas rela\u00e7\u00f5es sociais e econ\u00f4micas das mulheres. Com a crescente inser\u00e7\u00e3o feminina no <strong><a href=\"https:\/\/www.acordacidade.com.br\/tag\/mercado-de-trabalho\/\">mercado de trabalho<\/a><\/strong> (elas representam, hoje, cerca de 45% da for\u00e7a laboral no Brasil), muitas m\u00e3es assumem duplas ou triplas jornadas, equilibrando carreira, cuidados familiares e vida pessoal. A data, portanto, tornou-se tamb\u00e9m um momento para discutir desigualdades, como a diferen\u00e7a salarial e a sobrecarga dom\u00e9stica.<\/p>\n<p>Nos \u00faltimos anos, presentear no Dia das M\u00e3es ganhou novos significados. Viagens ou jantares s\u00e3o experi\u00eancias cada vez mais valorizadas. Al\u00e9m disso, a diversidade de estruturas familiares, com m\u00e3es solo, casais homoafetivos com filhos e av\u00f3s que assumem o papel materno, desafia os tradicionais modelos de celebra\u00e7\u00e3o.<\/p>\n<p>Professora de psicologia da Est\u00e1cio, Ana Cl\u00e1udia Carvalho destaca que, para al\u00e9m dessa data, \u00e9 preciso oferecer condi\u00e7\u00f5es para que as m\u00e3es tenham a oportunidade de cuidarem de si mesmas. \u201cEssa sobrecarga de tarefas traz consigo a culpa materna. \u00c0s vezes a gente n\u00e3o se permite esse autocuidado, que seja uma atividade f\u00edsica, uma terapia, um momento para si\u201d, comenta. Ao constatar que, no dia a dia, muitas m\u00e3es acabam priorizando os outros \u2013 filhos, marido, casa, elas acabam se deixando em segundo plano. \u201cEnt\u00e3o que seja um dia para a gente refletir que essas m\u00e3es precisam se cuidar para poderem cuidar tamb\u00e9m: \u00e9 cuidado para quem cuida\u201d, finaliza.<\/p>\n<p>Com todas essas transforma\u00e7\u00f5es, o Dia das M\u00e3es no Brasil vai al\u00e9m do afeto e do consumo: \u00e9 um reflexo das mudan\u00e7as na sociedade, no poder econ\u00f4mico feminino e na necessidade de avan\u00e7os em igualdade de g\u00eanero.<\/p>\n<p><em>Siga o Acorda Cidade no<\/em><a href=\"https:\/\/news.google.com\/search?q=acorda%20cidade&amp;hl=pt-BR&amp;gl=BR&amp;ceid=BR%3Apt-419\"><strong><em>\u00a0Google Not\u00edcias<\/em><\/strong><\/a><em>\u00a0e receba os principais destaques do dia. Participe tamb\u00e9m dos nossos canais no\u00a0<\/em><a href=\"https:\/\/www.whatsapp.com\/channel\/0029Va6Rb4v3WHTNnsh8WI3N\"><strong><em>WhatsApp<\/em><\/strong><\/a><em>\u00a0e\u00a0<\/em><a href=\"https:\/\/www.youtube.com\/@acordacidadenoticias\/videos\"><strong>YouTube<\/strong><\/a><em>\u00a0e do grupo no\u00a0<\/em><a href=\"https:\/\/t.me\/+sSz0khrgARA0ZmRh\"><strong><em>Telegram<\/em><\/strong><\/a><em>.<\/em><\/p>\n<\/div>\n","protected":false},"excerpt":{"rendered":"<div>\n<div>\n<figure><img decoding=\"async\" src=\"https:\/\/uploads.acordacidade.com.br\/2025\/05\/dia-das-maes-.jpg\" alt=\"dia das m\u00e3es\"><figcaption>Foto: Freepik <\/figcaption><\/figure>\n<\/div>\n<p>Data celebra a import\u00e2ncia dos v\u00ednculos familiares e movimenta mais de R$ 30 bilh\u00f5es no com\u00e9rcio<\/p><\/div>\n","protected":false},"author":1,"featured_media":85694,"comment_status":"closed","ping_status":"closed","sticky":false,"template":"","format":"gallery","meta":{"footnotes":""},"categories":[8,9,6,57,56,10],"tags":[],"class_list":["post-85693","post","type-post","status-publish","format-gallery","has-post-thumbnail","hentry","category-bahia","category-brasil","category-feira-de-santana","category-mundo","category-policia","category-politica","post_format-post-format-gallery"],"featured_image_urls":{"full":["https:\/\/noticiasbahia360.com.br\/wp-content\/uploads\/2025\/05\/dia-das-maes-.jpg",1200,820,false],"thumbnail":["https:\/\/noticiasbahia360.com.br\/wp-content\/uploads\/2025\/05\/dia-das-maes--150x150.jpg",150,150,true],"medium":["https:\/\/noticiasbahia360.com.br\/wp-content\/uploads\/2025\/05\/dia-das-maes--300x205.jpg",300,205,true],"medium_large":["https:\/\/noticiasbahia360.com.br\/wp-content\/uploads\/2025\/05\/dia-das-maes--768x525.jpg",640,438,true],"large":["https:\/\/noticiasbahia360.com.br\/wp-content\/uploads\/2025\/05\/dia-das-maes--1024x700.jpg",640,438,true],"1536x1536":["https:\/\/noticiasbahia360.com.br\/wp-content\/uploads\/2025\/05\/dia-das-maes-.jpg",1200,820,false],"2048x2048":["https:\/\/noticiasbahia360.com.br\/wp-content\/uploads\/2025\/05\/dia-das-maes-.jpg",1200,820,false],"chromenews-featured":["https:\/\/noticiasbahia360.com.br\/wp-content\/uploads\/2025\/05\/dia-das-maes--1024x700.jpg",1024,700,true],"chromenews-large":["https:\/\/noticiasbahia360.com.br\/wp-content\/uploads\/2025\/05\/dia-das-maes--825x575.jpg",825,575,true],"chromenews-medium":["https:\/\/noticiasbahia360.com.br\/wp-content\/uploads\/2025\/05\/dia-das-maes--590x410.jpg",590,410,true]},"author_info":{"display_name":"noticiasbahia360.com.br","author_link":"https:\/\/noticiasbahia360.com.br\/?author=1"},"category_info":"<a href=\"https:\/\/noticiasbahia360.com.br\/?cat=8\" rel=\"category\">Bahia<\/a> <a href=\"https:\/\/noticiasbahia360.com.br\/?cat=9\" rel=\"category\">Brasil<\/a> <a href=\"https:\/\/noticiasbahia360.com.br\/?cat=6\" rel=\"category\">Feira de Santana<\/a> <a href=\"https:\/\/noticiasbahia360.com.br\/?cat=57\" rel=\"category\">Mundo<\/a> <a href=\"https:\/\/noticiasbahia360.com.br\/?cat=56\" rel=\"category\">Pol\u00edcia<\/a> <a href=\"https:\/\/noticiasbahia360.com.br\/?cat=10\" rel=\"category\">Pol\u00edtica<\/a>","tag_info":"Pol\u00edtica","comment_count":"0","_links":{"self":[{"href":"https:\/\/noticiasbahia360.com.br\/index.php?rest_route=\/wp\/v2\/posts\/85693","targetHints":{"allow":["GET"]}}],"collection":[{"href":"https:\/\/noticiasbahia360.com.br\/index.php?rest_route=\/wp\/v2\/posts"}],"about":[{"href":"https:\/\/noticiasbahia360.com.br\/index.php?rest_route=\/wp\/v2\/types\/post"}],"author":[{"embeddable":true,"href":"https:\/\/noticiasbahia360.com.br\/index.php?rest_route=\/wp\/v2\/users\/1"}],"replies":[{"embeddable":true,"href":"https:\/\/noticiasbahia360.com.br\/index.php?rest_route=%2Fwp%2Fv2%2Fcomments&post=85693"}],"version-history":[{"count":0,"href":"https:\/\/noticiasbahia360.com.br\/index.php?rest_route=\/wp\/v2\/posts\/85693\/revisions"}],"wp:featuredmedia":[{"embeddable":true,"href":"https:\/\/noticiasbahia360.com.br\/index.php?rest_route=\/wp\/v2\/media\/85694"}],"wp:attachment":[{"href":"https:\/\/noticiasbahia360.com.br\/index.php?rest_route=%2Fwp%2Fv2%2Fmedia&parent=85693"}],"wp:term":[{"taxonomy":"category","embeddable":true,"href":"https:\/\/noticiasbahia360.com.br\/index.php?rest_route=%2Fwp%2Fv2%2Fcategories&post=85693"},{"taxonomy":"post_tag","embeddable":true,"href":"https:\/\/noticiasbahia360.com.br\/index.php?rest_route=%2Fwp%2Fv2%2Ftags&post=85693"}],"curies":[{"name":"wp","href":"https:\/\/api.w.org\/{rel}","templated":true}]}}