{"id":85695,"date":"2025-05-11T12:14:15","date_gmt":"2025-05-11T15:14:15","guid":{"rendered":"https:\/\/noticiasbahia360.com.br\/?p=85695"},"modified":"2025-05-11T12:14:15","modified_gmt":"2025-05-11T15:14:15","slug":"pesquisa-revela-que-adolescentes-enfrentam-redes-sociais-sem-suporte-adequado","status":"publish","type":"post","link":"https:\/\/noticiasbahia360.com.br\/?p=85695","title":{"rendered":"Pesquisa revela que adolescentes enfrentam redes sociais sem suporte adequado"},"content":{"rendered":"<div>\n<div>\n<figure><img decoding=\"async\" src=\"http:\/\/noticiasbahia360.com.br\/wp-content\/uploads\/2025\/05\/celular-escola.jpg\" alt=\"celular escola\"><figcaption>Foto: Arquivo\/EBC<\/figcaption><\/figure>\n<\/div>\n<p>Ag\u00eancia Brasil \u2013 <strong>Para o <a href=\"https:\/\/www.acordacidade.com.br\/tag\/professor\/\">professor<\/a> adjunto de psicologia da Universidade Federal de Pernambuco, Luciano Meira, tal decis\u00e3o parece priorizar interesses comerciais e pol\u00edticos dos propriet\u00e1rios das redes.<\/strong><\/p>\n<blockquote class=\"wp-block-quote is-layout-flow wp-block-quote-is-layout-flow\">\n<p>\u201cEssa decis\u00e3o diminui a responsabilidade social das big techs, das corpora\u00e7\u00f5es, das organiza\u00e7\u00f5es controladoras das plataformas. Isso tem um impacto direto na prolifera\u00e7\u00e3o de \u00f3dio, desinforma\u00e7\u00e3o, conte\u00fados prejudiciais em diversas camadas,\u00a0 especialmente, entre popula\u00e7\u00f5es vulner\u00e1veis. Muito jovens ficam mais expostos a conte\u00fados inadequados sem essa modera\u00e7\u00e3o e, claro, quando se trata de desinforma\u00e7\u00e3o, isso ataca institui\u00e7\u00f5es e a pr\u00f3pria democracia\u201d, avaliou.<\/p>\n<\/blockquote>\n<p>Na outra ponta,\u00a0<a href=\"https:\/\/agenciabrasil.ebc.com.br\/justica\/noticia\/2025-03\/marco-civil-da-internet-precisa-ser-revisto-defende-dino\">o Supremo Tribunal Federal (STF) est\u00e1 julgando a constitucionalidade do Artigo 19<\/a>\u00a0do Marco Civil da Internet (Lei 12.965\/2014), segundo o qual, provedores,\u00a0<em>websites<\/em>\u00a0e redes sociais s\u00f3 podem ser responsabilizados por conte\u00fado ofensivo ou danoso postado por usu\u00e1rios caso descumpram uma ordem judicial de remo\u00e7\u00e3o.<\/p>\n<p>Ph.D. em educa\u00e7\u00e3o matem\u00e1tica pela Universidade da Calif\u00f3rnia e mestre em psicologia cognitiva, Meira pontua que a aus\u00eancia de uma decis\u00e3o sobre o tema pode levar a uma potencial sobrecarga judicial.<\/p>\n<blockquote class=\"wp-block-quote is-layout-flow wp-block-quote-is-layout-flow\">\n<p>\u201cPode haver um aumento consider\u00e1vel de casos judiciais justamente pela falta dessas a\u00e7\u00f5es preventivas. Ent\u00e3o, \u00e9 poss\u00edvel preservar a liberdade de express\u00e3o com modera\u00e7\u00e3o respons\u00e1vel. A meu ver, o posicionamento \u00e9 uma rediscuss\u00e3o do Artigo 19 do Marco Civil da Internet para fortalecer o que seria a prote\u00e7\u00e3o social, n\u00e3o s\u00f3 de crian\u00e7as e jovens, mas de avaliar o que se faz com o grupo de idosos hoje, vulnerabilizados por todo um conjunto de ataques, de coopta\u00e7\u00e3o a determinados tipos de ideologia\u201d, acrescentou.<\/p>\n<\/blockquote>\n<p>Al\u00e9m disso, tramita no Congresso Nacional o Projeto de Lei 2.630 de 2020,\u00a0conhecido como PL das\u00a0<em>Fake News<\/em>, principal proposta de regula\u00e7\u00e3o das plataformas digitais.\u00a0<a href=\"https:\/\/agenciabrasil.ebc.com.br\/direitos-humanos\/noticia\/2025-04\/governo-buscara-retomar-pauta-de-regulacao-das-plataformas-digitais\" target=\"_blank\" rel=\"noreferrer noopener\">O texto j\u00e1 foi aprovado pelo Senado e est\u00e1 travado na C\u00e2mara dos Deputados<\/a>. A proposta trata da responsabilidade civil das plataformas e tamb\u00e9m tem elementos de preven\u00e7\u00e3o \u00e0 dissemina\u00e7\u00e3o de conte\u00fados ilegais e danosos a indiv\u00edduos ou a coletividades.<\/p>\n<blockquote class=\"wp-block-quote is-layout-flow wp-block-quote-is-layout-flow\">\n<p>\u201cRegular essas plataformas \u00e9 vital para que tenhamos a manuten\u00e7\u00e3o de um espa\u00e7o social online, produtivo e saud\u00e1vel para todas as pessoas \u2013 principalmente jovens e crian\u00e7as que t\u00eam menos mecanismos individuais de prote\u00e7\u00e3o\u201d, afirmou. \u201cAqueles que defendem a desregulamenta\u00e7\u00e3o total das redes certamente t\u00eam uma uma ideia fr\u00e1gil e inconsistente do que \u00e9 liberdade. Uma liberdade restrita sem controle social destr\u00f3i, degenera as bases da nossa capacidade de construir e de fazer evoluir uma civiliza\u00e7\u00e3o. Ent\u00e3o, claramente, a autorregula\u00e7\u00e3o \u00e9 insuficiente, especialmente em se tratando de empresas que buscam lucro atrav\u00e9s, por exemplo, da publicidade, do com\u00e9rcio, enfim, as grandes plataformas, as big techs\u201d, alertou.<\/p>\n<\/blockquote>\n<p><strong>Enquanto n\u00e3o h\u00e1 uma decis\u00e3o sobre o tema, o professor considera necess\u00e1rio construir um ambiente de confian\u00e7a, na escola, na fam\u00edlia e nos demais espa\u00e7os onde crian\u00e7as e jovens s\u00e3o acolhidos para evitar que crian\u00e7as e adolescentes acabem sendo submetidos a situa\u00e7\u00f5es de dissemina\u00e7\u00e3o de \u00f3dio e\u00a0<em>bullying<\/em>, entre outras.<\/strong><\/p>\n<p>\u201cO principal \u00e9 a constru\u00e7\u00e3o da confian\u00e7a entre as pessoas. Sem a constru\u00e7\u00e3o desses la\u00e7os, desse relacionamento baseado na confian\u00e7a, qualquer dessas estrat\u00e9gias n\u00e3o ter\u00e1 os efeitos desejados. A primeira orienta\u00e7\u00e3o \u00e9 estabelecer um di\u00e1logo aberto. Ent\u00e3o, pais, m\u00e3es, filhos e filhas, eles t\u00eam que, de alguma forma, estabelecer, manter, ou evoluir essa interlocu\u00e7\u00e3o confiante.<\/p>\n<p>De acordo com Meira, esse ambiente propicia a realiza\u00e7\u00e3o de conversas sobre os riscos\u00a0<em>online<\/em>\u00a0e tamb\u00e9m sobre a forma como se d\u00e3o os relacionamentos com e nas redes sociais. \u201cEu entendo que essas s\u00e3o conversas \u00edntimas que, baseadas na confian\u00e7a, podem progredir de forma saud\u00e1vel\u201d, afirmou.<\/p>\n<p><strong>Outro ponto defendido pelo professor \u00e9 o estabelecimento de limites claros sobre o uso da internet e de redes sociais como, por exemplo, de tempo e de tipos de relacionamento.<\/strong><\/p>\n<blockquote class=\"wp-block-quote is-layout-flow wp-block-quote-is-layout-flow\">\n<p>\u201cIsso n\u00e3o vai ser realizado, n\u00e3o vai ser cumprido se n\u00e3o existir um di\u00e1logo aberto em que crian\u00e7as e adolescentes entendam que existem conte\u00fados inadequados e que precisam ter senso cr\u00edtico, ter seu pensamento e formas de racioc\u00ednio. No entanto, nessa faixa et\u00e1ria, eles simplesmente ainda n\u00e3o conseguem capturar os riscos. Por isso, precisam de um adulto que tenha pelo menos uma intui\u00e7\u00e3o mais apurada para identificar formas de cyberbullying, de exposi\u00e7\u00e3o excessiva, de conte\u00fados inadequados, de contato com estranhos entre outros tipos de relacionamentos\u201d, disse.<\/p>\n<\/blockquote>\n<p>Luciano Meira ressalta que pais e respons\u00e1veis tendem a simplesmente restringir ou proibir o uso de redes sociais, sem um di\u00e1logo consistente sobre o porqu\u00ea da decis\u00e3o.<\/p>\n<blockquote class=\"wp-block-quote is-layout-flow wp-block-quote-is-layout-flow\">\n<p>\u201cSinto dizer que os respons\u00e1veis o pro\u00edbem de uma forma muito autocr\u00e1tica e que talvez n\u00e3o surta efeito, porque n\u00e3o se tem controle absoluto sobre o que acontece na vida de absolutamente ningu\u00e9m. Voc\u00ea pode estabelecer uma forma de monitoramento participativo, em que busca conhecer, e esse monitoramento pode ser apoiado, do ponto de vista t\u00e9cnico, inclusive por softwares, com aplica\u00e7\u00f5es computacionais que voc\u00ea instala no notebook, no computador de mesa ou no dispositivo m\u00f3vel dessa crian\u00e7a ou jovem para ter acesso ao que est\u00e1 acontecendo nesses dispositivos\u201d, sugeriu.<\/p>\n<\/blockquote>\n<p><strong>Por fim, o professor afirma\u00a0 defende que n\u00e3o se deve deixar de lado o mundo real e exemplifica com a legisla\u00e7\u00e3o que pro\u00edbe o uso de celulares nas escolas.<\/strong><\/p>\n<p>\u201cMais recentemente, as escolas t\u00eam visto alguma movimenta\u00e7\u00e3o em torno das crian\u00e7as voltarem a construir rela\u00e7\u00f5es no mundo f\u00edsico. Por exemplo, ao proibir o uso de dispositivos nas escolas, convidam as crian\u00e7as para uma exist\u00eancia que \u00e9 tamb\u00e9m offline. No final das contas, um equil\u00edbrio \u00e9 necess\u00e1rio entre esses mundos para que no final a gente tenha a constru\u00e7\u00e3o de relacionamentos sociais mais duradouros e que ganhe sustenta\u00e7\u00e3o na confian\u00e7a entre as pessoas e n\u00e3o apenas em algoritmos\u201d, concluiu.<\/p>\n<p><em>Siga o Acorda Cidade no<\/em><a href=\"https:\/\/news.google.com\/search?q=acorda%20cidade&amp;hl=pt-BR&amp;gl=BR&amp;ceid=BR%3Apt-419\"><strong><em> Google Not\u00edcias<\/em><\/strong><\/a><em> e receba os principais destaques do dia. Participe tamb\u00e9m dos nossos canais no <\/em><a href=\"https:\/\/whatsapp.com\/channel\/0029Va6Rb4v3WHTNnsh8WI3N\"><strong><em>WhatsApp<\/em><\/strong><\/a><em> e <\/em><a href=\"https:\/\/www.youtube.com\/@acordacidadenoticias\/videos\"><strong>Youtube<\/strong><\/a><em> e grupo de <\/em><a href=\"https:\/\/t.me\/+sSz0khrgARA0ZmRh\"><strong><em>Telegram<\/em><\/strong><\/a><em>.<\/em><\/p>\n<\/div>\n","protected":false},"excerpt":{"rendered":"<div>\n<div>\n<figure><img decoding=\"async\" src=\"https:\/\/uploads.acordacidade.com.br\/2025\/02\/celular-escola.jpg\" alt=\"celular escola\"><figcaption>Foto: Arquivo\/EBC<\/figcaption><\/figure>\n<\/div>\n<p>Entrevistados querem psic\u00f3logos nas escolas para mudar cen\u00e1rio.<\/p><\/div>\n","protected":false},"author":1,"featured_media":85696,"comment_status":"closed","ping_status":"closed","sticky":false,"template":"","format":"gallery","meta":{"footnotes":""},"categories":[8,9,6,57,56,10],"tags":[],"class_list":["post-85695","post","type-post","status-publish","format-gallery","has-post-thumbnail","hentry","category-bahia","category-brasil","category-feira-de-santana","category-mundo","category-policia","category-politica","post_format-post-format-gallery"],"featured_image_urls":{"full":["https:\/\/noticiasbahia360.com.br\/wp-content\/uploads\/2025\/05\/celular-escola.jpg",640,383,false],"thumbnail":["https:\/\/noticiasbahia360.com.br\/wp-content\/uploads\/2025\/05\/celular-escola-150x150.jpg",150,150,true],"medium":["https:\/\/noticiasbahia360.com.br\/wp-content\/uploads\/2025\/05\/celular-escola-300x180.jpg",300,180,true],"medium_large":["https:\/\/noticiasbahia360.com.br\/wp-content\/uploads\/2025\/05\/celular-escola.jpg",640,383,false],"large":["https:\/\/noticiasbahia360.com.br\/wp-content\/uploads\/2025\/05\/celular-escola.jpg",640,383,false],"1536x1536":["https:\/\/noticiasbahia360.com.br\/wp-content\/uploads\/2025\/05\/celular-escola.jpg",640,383,false],"2048x2048":["https:\/\/noticiasbahia360.com.br\/wp-content\/uploads\/2025\/05\/celular-escola.jpg",640,383,false],"chromenews-featured":["https:\/\/noticiasbahia360.com.br\/wp-content\/uploads\/2025\/05\/celular-escola.jpg",640,383,false],"chromenews-large":["https:\/\/noticiasbahia360.com.br\/wp-content\/uploads\/2025\/05\/celular-escola.jpg",640,383,false],"chromenews-medium":["https:\/\/noticiasbahia360.com.br\/wp-content\/uploads\/2025\/05\/celular-escola-590x383.jpg",590,383,true]},"author_info":{"display_name":"noticiasbahia360.com.br","author_link":"https:\/\/noticiasbahia360.com.br\/?author=1"},"category_info":"<a href=\"https:\/\/noticiasbahia360.com.br\/?cat=8\" rel=\"category\">Bahia<\/a> <a href=\"https:\/\/noticiasbahia360.com.br\/?cat=9\" rel=\"category\">Brasil<\/a> <a href=\"https:\/\/noticiasbahia360.com.br\/?cat=6\" rel=\"category\">Feira de Santana<\/a> <a href=\"https:\/\/noticiasbahia360.com.br\/?cat=57\" rel=\"category\">Mundo<\/a> <a href=\"https:\/\/noticiasbahia360.com.br\/?cat=56\" rel=\"category\">Pol\u00edcia<\/a> <a href=\"https:\/\/noticiasbahia360.com.br\/?cat=10\" rel=\"category\">Pol\u00edtica<\/a>","tag_info":"Pol\u00edtica","comment_count":"0","_links":{"self":[{"href":"https:\/\/noticiasbahia360.com.br\/index.php?rest_route=\/wp\/v2\/posts\/85695","targetHints":{"allow":["GET"]}}],"collection":[{"href":"https:\/\/noticiasbahia360.com.br\/index.php?rest_route=\/wp\/v2\/posts"}],"about":[{"href":"https:\/\/noticiasbahia360.com.br\/index.php?rest_route=\/wp\/v2\/types\/post"}],"author":[{"embeddable":true,"href":"https:\/\/noticiasbahia360.com.br\/index.php?rest_route=\/wp\/v2\/users\/1"}],"replies":[{"embeddable":true,"href":"https:\/\/noticiasbahia360.com.br\/index.php?rest_route=%2Fwp%2Fv2%2Fcomments&post=85695"}],"version-history":[{"count":0,"href":"https:\/\/noticiasbahia360.com.br\/index.php?rest_route=\/wp\/v2\/posts\/85695\/revisions"}],"wp:featuredmedia":[{"embeddable":true,"href":"https:\/\/noticiasbahia360.com.br\/index.php?rest_route=\/wp\/v2\/media\/85696"}],"wp:attachment":[{"href":"https:\/\/noticiasbahia360.com.br\/index.php?rest_route=%2Fwp%2Fv2%2Fmedia&parent=85695"}],"wp:term":[{"taxonomy":"category","embeddable":true,"href":"https:\/\/noticiasbahia360.com.br\/index.php?rest_route=%2Fwp%2Fv2%2Fcategories&post=85695"},{"taxonomy":"post_tag","embeddable":true,"href":"https:\/\/noticiasbahia360.com.br\/index.php?rest_route=%2Fwp%2Fv2%2Ftags&post=85695"}],"curies":[{"name":"wp","href":"https:\/\/api.w.org\/{rel}","templated":true}]}}