{"id":85699,"date":"2025-05-11T12:27:18","date_gmt":"2025-05-11T15:27:18","guid":{"rendered":"https:\/\/noticiasbahia360.com.br\/?p=85699"},"modified":"2025-05-11T12:27:18","modified_gmt":"2025-05-11T15:27:18","slug":"marrone-sofre-queda-no-palco-durante-apresentacao-em-goiania","status":"publish","type":"post","link":"https:\/\/noticiasbahia360.com.br\/?p=85699","title":{"rendered":"Marrone sofre queda no palco durante apresenta\u00e7\u00e3o em Goi\u00e2nia"},"content":{"rendered":"<div>\n<div>\n<figure><img decoding=\"async\" src=\"http:\/\/noticiasbahia360.com.br\/wp-content\/uploads\/2025\/05\/quedademarrone_redessociais.jpg\" alt=\"Marrone\"><figcaption>Marrone cai do palco durante show em Goi\u00e2nia, Goi\u00e1s \u2014 Foto: Reprodu\u00e7\u00e3o\/Redes Sociais<\/figcaption><\/figure>\n<\/div>\n<p>O cantor Marrone, da dupla com Bruno, caiu no palco durante um <a href=\"https:\/\/www.acordacidade.com.br\/tag\/show\/\">show<\/a> em Goi\u00e2nia na noite do \u00faltimo s\u00e1bado (10). O parceiro de dupla tranquilizou os f\u00e3s nas redes sociais e disse que ele est\u00e1 bem e s\u00f3 levou alguns pontos na testa.<\/p>\n<p>\u201cT\u00e1 tudo certo com o Marrone. Ele caiu do palco e quase me matou do cora\u00e7\u00e3o. S\u00f3 deu uns pontinhos na testa. Conversou comigo aqui j\u00e1, t\u00e1 tudo bem, mas meu Deus, eu assutei muito, mas gra\u00e7as a Deus \u2018t\u00e1\u2019 tudo certo. O Marrone \u2018t\u00e1\u2019 \u00f3timo\u201d, disse Bruno.<\/p>\n<p>Um v\u00eddeo mostra quando a equipe de produ\u00e7\u00e3o da dupla se aglomera para ajudar o cantor. O p\u00fablico chega a fazer coro com o nome do cantor. O Corpo de Bombeiros n\u00e3o foi acionado.<\/p>\n<p>Segundo a assessoria da dupla, Marrone foi prontamente socorrido e levado para o hospital Albert Einstein em Goi\u00e2nia. De acordo com familiares, Marrone est\u00e1 com ferimentos leves e foi submetido a exames. Ele passa bem, e seguir\u00e1 em observa\u00e7\u00e3o nas pr\u00f3ximas 48 horas.<\/p>\n<p>O show \u201cInevit\u00e1vel \u2013 A Festa\u201d aconteceu no Centro Cultural Oscar Niemeyer. Al\u00e9m de Bruno e Marrone, tamb\u00e9m se apresentaram Dino Fonseca e Enzo Rabelo. Segundo a organiza\u00e7\u00e3o do evento, a dupla sertaneja cantou seus maiores cl\u00e1ssicos e sucessos da carreira.<\/p>\n<p><em>Fonte: g1<\/em><\/p>\n<p><em>Siga o Acorda Cidade no<\/em><a href=\"https:\/\/news.google.com\/search?q=acorda%20cidade&amp;hl=pt-BR&amp;gl=BR&amp;ceid=BR%3Apt-419\"><strong><em> Google Not\u00edcias<\/em><\/strong><\/a><em> e receba os principais destaques do dia. Participe tamb\u00e9m dos nossos canais no <\/em><a href=\"https:\/\/whatsapp.com\/channel\/0029Va6Rb4v3WHTNnsh8WI3N\"><strong><em>WhatsApp<\/em><\/strong><\/a><em> e <\/em><a href=\"https:\/\/www.youtube.com\/@acordacidadenoticias\/videos\"><strong>Youtube<\/strong><\/a><em> e grupo de <\/em><a href=\"https:\/\/t.me\/+sSz0khrgARA0ZmRh\"><strong><em>Telegram<\/em><\/strong><\/a><em>.<\/em><\/p>\n<\/div>\n","protected":false},"excerpt":{"rendered":"<div>\n<div>\n<figure><img decoding=\"async\" src=\"https:\/\/uploads.acordacidade.com.br\/2025\/05\/quedademarrone_redessociais.jpg\" alt=\"Marrone\"><figcaption>Marrone cai do palco durante show em Goi\u00e2nia, Goi\u00e1s \u2014 Foto: Reprodu\u00e7\u00e3o\/Redes Sociais<\/figcaption><\/figure>\n<\/div>\n<p>Queda aconteceu na noite do \u00faltimo s\u00e1bado na capital.<\/p><\/div>\n","protected":false},"author":1,"featured_media":85700,"comment_status":"closed","ping_status":"closed","sticky":false,"template":"","format":"gallery","meta":{"footnotes":""},"categories":[8,9,6,57,56,10],"tags":[],"class_list":["post-85699","post","type-post","status-publish","format-gallery","has-post-thumbnail","hentry","category-bahia","category-brasil","category-feira-de-santana","category-mundo","category-policia","category-politica","post_format-post-format-gallery"],"featured_image_urls":{"full":["https:\/\/noticiasbahia360.com.br\/wp-content\/uploads\/2025\/05\/quedademarrone_redessociais.jpg",1200,751,false],"thumbnail":["https:\/\/noticiasbahia360.com.br\/wp-content\/uploads\/2025\/05\/quedademarrone_redessociais-150x150.jpg",150,150,true],"medium":["https:\/\/noticiasbahia360.com.br\/wp-content\/uploads\/2025\/05\/quedademarrone_redessociais-300x188.jpg",300,188,true],"medium_large":["https:\/\/noticiasbahia360.com.br\/wp-content\/uploads\/2025\/05\/quedademarrone_redessociais-768x481.jpg",640,401,true],"large":["https:\/\/noticiasbahia360.com.br\/wp-content\/uploads\/2025\/05\/quedademarrone_redessociais-1024x641.jpg",640,401,true],"1536x1536":["https:\/\/noticiasbahia360.com.br\/wp-content\/uploads\/2025\/05\/quedademarrone_redessociais.jpg",1200,751,false],"2048x2048":["https:\/\/noticiasbahia360.com.br\/wp-content\/uploads\/2025\/05\/quedademarrone_redessociais.jpg",1200,751,false],"chromenews-featured":["https:\/\/noticiasbahia360.com.br\/wp-content\/uploads\/2025\/05\/quedademarrone_redessociais-1024x641.jpg",1024,641,true],"chromenews-large":["https:\/\/noticiasbahia360.com.br\/wp-content\/uploads\/2025\/05\/quedademarrone_redessociais-825x575.jpg",825,575,true],"chromenews-medium":["https:\/\/noticiasbahia360.com.br\/wp-content\/uploads\/2025\/05\/quedademarrone_redessociais-590x410.jpg",590,410,true]},"author_info":{"display_name":"noticiasbahia360.com.br","author_link":"https:\/\/noticiasbahia360.com.br\/?author=1"},"category_info":"<a href=\"https:\/\/noticiasbahia360.com.br\/?cat=8\" rel=\"category\">Bahia<\/a> <a href=\"https:\/\/noticiasbahia360.com.br\/?cat=9\" rel=\"category\">Brasil<\/a> <a href=\"https:\/\/noticiasbahia360.com.br\/?cat=6\" rel=\"category\">Feira de Santana<\/a> <a href=\"https:\/\/noticiasbahia360.com.br\/?cat=57\" rel=\"category\">Mundo<\/a> <a href=\"https:\/\/noticiasbahia360.com.br\/?cat=56\" rel=\"category\">Pol\u00edcia<\/a> <a href=\"https:\/\/noticiasbahia360.com.br\/?cat=10\" rel=\"category\">Pol\u00edtica<\/a>","tag_info":"Pol\u00edtica","comment_count":"0","_links":{"self":[{"href":"https:\/\/noticiasbahia360.com.br\/index.php?rest_route=\/wp\/v2\/posts\/85699","targetHints":{"allow":["GET"]}}],"collection":[{"href":"https:\/\/noticiasbahia360.com.br\/index.php?rest_route=\/wp\/v2\/posts"}],"about":[{"href":"https:\/\/noticiasbahia360.com.br\/index.php?rest_route=\/wp\/v2\/types\/post"}],"author":[{"embeddable":true,"href":"https:\/\/noticiasbahia360.com.br\/index.php?rest_route=\/wp\/v2\/users\/1"}],"replies":[{"embeddable":true,"href":"https:\/\/noticiasbahia360.com.br\/index.php?rest_route=%2Fwp%2Fv2%2Fcomments&post=85699"}],"version-history":[{"count":0,"href":"https:\/\/noticiasbahia360.com.br\/index.php?rest_route=\/wp\/v2\/posts\/85699\/revisions"}],"wp:featuredmedia":[{"embeddable":true,"href":"https:\/\/noticiasbahia360.com.br\/index.php?rest_route=\/wp\/v2\/media\/85700"}],"wp:attachment":[{"href":"https:\/\/noticiasbahia360.com.br\/index.php?rest_route=%2Fwp%2Fv2%2Fmedia&parent=85699"}],"wp:term":[{"taxonomy":"category","embeddable":true,"href":"https:\/\/noticiasbahia360.com.br\/index.php?rest_route=%2Fwp%2Fv2%2Fcategories&post=85699"},{"taxonomy":"post_tag","embeddable":true,"href":"https:\/\/noticiasbahia360.com.br\/index.php?rest_route=%2Fwp%2Fv2%2Ftags&post=85699"}],"curies":[{"name":"wp","href":"https:\/\/api.w.org\/{rel}","templated":true}]}}