{"id":85701,"date":"2025-05-11T12:27:21","date_gmt":"2025-05-11T15:27:21","guid":{"rendered":"https:\/\/noticiasbahia360.com.br\/?p=85701"},"modified":"2025-05-11T12:27:21","modified_gmt":"2025-05-11T15:27:21","slug":"policia-civil-prende-lider-religioso-por-suspeita-de-estupro-de-vulneravel","status":"publish","type":"post","link":"https:\/\/noticiasbahia360.com.br\/?p=85701","title":{"rendered":"Pol\u00edcia Civil prende l\u00edder religioso por suspeita de estupro de vulner\u00e1vel"},"content":{"rendered":"<div>\n<div>\n<figure><img decoding=\"async\" src=\"http:\/\/noticiasbahia360.com.br\/wp-content\/uploads\/2025\/05\/policiacivil_ascom.jpg\" alt=\"Pol\u00edcia Civil\"><figcaption>Foto: Ascom<\/figcaption><\/figure>\n<\/div>\n<p>Um homem de 60 anos teve o mandado de pris\u00e3o preventiva cumprido neste s\u00e1bado (10), no bairro Pau Mi\u00fado, em Salvador. De acordo com as investiga\u00e7\u00f5es, ele atuava como l\u00edder de uma igreja evang\u00e9lica do munic\u00edpio de <a href=\"https:\/\/www.acordacidade.com.br\/tag\/santo-antonio-de-jesus\/\">Santo Ant\u00f4nio de Jesus<\/a>, onde se aproveitou da confian\u00e7a da fam\u00edlia de uma adolescente com defici\u00eancia intelectual e cometeu o crime de estupro de vulner\u00e1vel, tendo engravidado a v\u00edtima.<\/p>\n<p>O acusado ia com a adolescente pregar no munic\u00edpio de Valen\u00e7a e se aproveitava da defici\u00eancia da garota para cometer os atos sexuais. O crime foi descoberto pela fam\u00edlia da v\u00edtima ap\u00f3s verificarem mudan\u00e7as no corpo da jovem e identificarem que ela estava gr\u00e1vida de quatro meses. O caso ent\u00e3o foi denunciado \u00e0 Delegacia do N\u00facleo de Atendimento \u00e0 Mulher (NEAM) de Santo Ant\u00f4nio de Jesus, e o mandado de pris\u00e3o preventiva foi emitido pela Vara Criminal do munic\u00edpio.<\/p>\n<p>Ap\u00f3s o crime ser descoberto e ele ser interrogado pela pol\u00edcia, o acusado fugiu e mudou de cidade. Por meio do processo de investiga\u00e7\u00e3o e levantamento de campo, uma a\u00e7\u00e3o conjunta entre a NEAM de Santo Ant\u00f4nio de Jesus e a Delegacia Especial de Atendimento \u00e0 Mulher da Casa da Mulher Brasileira (DEAM \/ CMB) localizou o homem, e seu mandado de pris\u00e3o foi cumprido.<\/p>\n<p>O suspeito est\u00e1 preso, \u00e0 disposi\u00e7\u00e3o do Poder Judici\u00e1rio. Em respeito aos estatutos da Crian\u00e7a e do Adolescente (ECA) e da Pessoa com Defici\u00eancia, al\u00e9m da Lei de Abuso de Autoridade, mais detalhes sobre a v\u00edtima e o suspeito n\u00e3o ser\u00e3o divulgados.<\/p>\n<p><em>Siga o Acorda Cidade no<\/em><a href=\"https:\/\/news.google.com\/search?q=acorda%20cidade&amp;hl=pt-BR&amp;gl=BR&amp;ceid=BR%3Apt-419\"><strong><em> Google Not\u00edcias<\/em><\/strong><\/a><em> e receba os principais destaques do dia. Participe tamb\u00e9m dos nossos canais no <\/em><a href=\"https:\/\/whatsapp.com\/channel\/0029Va6Rb4v3WHTNnsh8WI3N\"><strong><em>WhatsApp<\/em><\/strong><\/a><em> e <\/em><a href=\"https:\/\/www.youtube.com\/@acordacidadenoticias\/videos\"><strong>Youtube<\/strong><\/a><em> e grupo de <\/em><a href=\"https:\/\/t.me\/+sSz0khrgARA0ZmRh\"><strong><em>Telegram<\/em><\/strong><\/a><em>.<\/em><\/p>\n<\/div>\n","protected":false},"excerpt":{"rendered":"<div>\n<div>\n<figure><img decoding=\"async\" src=\"https:\/\/uploads.acordacidade.com.br\/2025\/05\/policiacivil_ascom.jpg\" alt=\"Pol\u00edcia Civil\"><figcaption>Foto: Ascom<\/figcaption><\/figure>\n<\/div>\n<p>O pastor de uma igreja em Santo Ant\u00f4nio de Jesus \u00e9 acusado de ter engravidado uma fiel com defici\u00eancia intelectual.<\/p><\/div>\n","protected":false},"author":1,"featured_media":85702,"comment_status":"closed","ping_status":"closed","sticky":false,"template":"","format":"gallery","meta":{"footnotes":""},"categories":[8,9,6,57,56,10],"tags":[],"class_list":["post-85701","post","type-post","status-publish","format-gallery","has-post-thumbnail","hentry","category-bahia","category-brasil","category-feira-de-santana","category-mundo","category-policia","category-politica","post_format-post-format-gallery"],"featured_image_urls":{"full":["https:\/\/noticiasbahia360.com.br\/wp-content\/uploads\/2025\/05\/policiacivil_ascom.jpg",1200,900,false],"thumbnail":["https:\/\/noticiasbahia360.com.br\/wp-content\/uploads\/2025\/05\/policiacivil_ascom-150x150.jpg",150,150,true],"medium":["https:\/\/noticiasbahia360.com.br\/wp-content\/uploads\/2025\/05\/policiacivil_ascom-300x225.jpg",300,225,true],"medium_large":["https:\/\/noticiasbahia360.com.br\/wp-content\/uploads\/2025\/05\/policiacivil_ascom-768x576.jpg",640,480,true],"large":["https:\/\/noticiasbahia360.com.br\/wp-content\/uploads\/2025\/05\/policiacivil_ascom-1024x768.jpg",640,480,true],"1536x1536":["https:\/\/noticiasbahia360.com.br\/wp-content\/uploads\/2025\/05\/policiacivil_ascom.jpg",1200,900,false],"2048x2048":["https:\/\/noticiasbahia360.com.br\/wp-content\/uploads\/2025\/05\/policiacivil_ascom.jpg",1200,900,false],"chromenews-featured":["https:\/\/noticiasbahia360.com.br\/wp-content\/uploads\/2025\/05\/policiacivil_ascom-1024x768.jpg",1024,768,true],"chromenews-large":["https:\/\/noticiasbahia360.com.br\/wp-content\/uploads\/2025\/05\/policiacivil_ascom-825x575.jpg",825,575,true],"chromenews-medium":["https:\/\/noticiasbahia360.com.br\/wp-content\/uploads\/2025\/05\/policiacivil_ascom-590x410.jpg",590,410,true]},"author_info":{"display_name":"noticiasbahia360.com.br","author_link":"https:\/\/noticiasbahia360.com.br\/?author=1"},"category_info":"<a href=\"https:\/\/noticiasbahia360.com.br\/?cat=8\" rel=\"category\">Bahia<\/a> <a href=\"https:\/\/noticiasbahia360.com.br\/?cat=9\" rel=\"category\">Brasil<\/a> <a href=\"https:\/\/noticiasbahia360.com.br\/?cat=6\" rel=\"category\">Feira de Santana<\/a> <a href=\"https:\/\/noticiasbahia360.com.br\/?cat=57\" rel=\"category\">Mundo<\/a> <a href=\"https:\/\/noticiasbahia360.com.br\/?cat=56\" rel=\"category\">Pol\u00edcia<\/a> <a href=\"https:\/\/noticiasbahia360.com.br\/?cat=10\" rel=\"category\">Pol\u00edtica<\/a>","tag_info":"Pol\u00edtica","comment_count":"0","_links":{"self":[{"href":"https:\/\/noticiasbahia360.com.br\/index.php?rest_route=\/wp\/v2\/posts\/85701","targetHints":{"allow":["GET"]}}],"collection":[{"href":"https:\/\/noticiasbahia360.com.br\/index.php?rest_route=\/wp\/v2\/posts"}],"about":[{"href":"https:\/\/noticiasbahia360.com.br\/index.php?rest_route=\/wp\/v2\/types\/post"}],"author":[{"embeddable":true,"href":"https:\/\/noticiasbahia360.com.br\/index.php?rest_route=\/wp\/v2\/users\/1"}],"replies":[{"embeddable":true,"href":"https:\/\/noticiasbahia360.com.br\/index.php?rest_route=%2Fwp%2Fv2%2Fcomments&post=85701"}],"version-history":[{"count":0,"href":"https:\/\/noticiasbahia360.com.br\/index.php?rest_route=\/wp\/v2\/posts\/85701\/revisions"}],"wp:featuredmedia":[{"embeddable":true,"href":"https:\/\/noticiasbahia360.com.br\/index.php?rest_route=\/wp\/v2\/media\/85702"}],"wp:attachment":[{"href":"https:\/\/noticiasbahia360.com.br\/index.php?rest_route=%2Fwp%2Fv2%2Fmedia&parent=85701"}],"wp:term":[{"taxonomy":"category","embeddable":true,"href":"https:\/\/noticiasbahia360.com.br\/index.php?rest_route=%2Fwp%2Fv2%2Fcategories&post=85701"},{"taxonomy":"post_tag","embeddable":true,"href":"https:\/\/noticiasbahia360.com.br\/index.php?rest_route=%2Fwp%2Fv2%2Ftags&post=85701"}],"curies":[{"name":"wp","href":"https:\/\/api.w.org\/{rel}","templated":true}]}}