{"id":85703,"date":"2025-05-11T12:38:30","date_gmt":"2025-05-11T15:38:30","guid":{"rendered":"https:\/\/noticiasbahia360.com.br\/?p=85703"},"modified":"2025-05-11T12:38:30","modified_gmt":"2025-05-11T15:38:30","slug":"prf-prende-em-santo-antonio-de-jesus-homicida-procurado-pelo-tribunal-de-justica-do-df","status":"publish","type":"post","link":"https:\/\/noticiasbahia360.com.br\/?p=85703","title":{"rendered":"PRF prende em Santo Ant\u00f4nio de Jesus homicida procurado pelo Tribunal de Justi\u00e7a do DF"},"content":{"rendered":"<div>\n<div>\n<figure><img decoding=\"async\" src=\"http:\/\/noticiasbahia360.com.br\/wp-content\/uploads\/2025\/05\/prf_mandadodeprisao.jpg\" alt=\"PRF\"><figcaption>Foto: PRF<\/figcaption><\/figure>\n<\/div>\n<p>A Pol\u00edcia Rodovi\u00e1ria Federal (PRF) cumpriu, neste s\u00e1bado (10), um mandado de pris\u00e3o pelo crime de homic\u00eddio qualificado, em desfavor de um homem de 48 anos. O flagrante foi realizado em uma abordagem na BR-101, em <a href=\"https:\/\/www.acordacidade.com.br\/tag\/santo-antonio-de-jesus\/\">Santo Ant\u00f4nio de Jesus<\/a> (BA).<\/p>\n<p>Durante uma fiscaliza\u00e7\u00e3o em frente ao posto da PRF no Km 265 da rodovia, foi dada a ordem de parada a uma camioneta EcoSport. No decorrer da identifica\u00e7\u00e3o pessoal, os policiais verificaram a exist\u00eancia de um mandado de pris\u00e3o em aberto, expedido em 2018 pelo Tribunal do J\u00fari de Planaltina (DF). O documento de pris\u00e3o preventiva tem validade at\u00e9 o ano de 2039.<\/p>\n<p>A equipe, o homem que trabalha como pedreiro afirmou que nunca havia adentrado nas depend\u00eancias de uma delegacia.<\/p>\n<p>Diante dos fatos, o homem foi encaminhado \u00e0 Pol\u00edcia Civil, para ser apresentado \u00e0 justi\u00e7a.<\/p>\n<p><em>Siga o Acorda Cidade no<\/em><a href=\"https:\/\/news.google.com\/search?q=acorda%20cidade&amp;hl=pt-BR&amp;gl=BR&amp;ceid=BR%3Apt-419\"><strong><em> Google Not\u00edcias<\/em><\/strong><\/a><em> e receba os principais destaques do dia. Participe tamb\u00e9m dos nossos canais no <\/em><a href=\"https:\/\/whatsapp.com\/channel\/0029Va6Rb4v3WHTNnsh8WI3N\"><strong><em>WhatsApp<\/em><\/strong><\/a><em> e <\/em><a href=\"https:\/\/www.youtube.com\/@acordacidadenoticias\/videos\"><strong>Youtube<\/strong><\/a><em> e grupo de <\/em><a href=\"https:\/\/t.me\/+sSz0khrgARA0ZmRh\"><strong><em>Telegram<\/em><\/strong><\/a><em>.<\/em><\/p>\n<\/div>\n","protected":false},"excerpt":{"rendered":"<div>\n<div>\n<figure><img decoding=\"async\" src=\"https:\/\/uploads.acordacidade.com.br\/2025\/05\/prf_mandadodeprisao.jpg\" alt=\"PRF\"><figcaption>Foto: PRF<\/figcaption><\/figure>\n<\/div>\n<p>At\u00e9 sexta-feira (9), a PRF na Bahia j\u00e1 capturou 89 pessoas procuradas pela justi\u00e7a por crimes diversos.<\/p><\/div>\n","protected":false},"author":1,"featured_media":85704,"comment_status":"closed","ping_status":"closed","sticky":false,"template":"","format":"gallery","meta":{"footnotes":""},"categories":[8,9,6,57,56,10],"tags":[],"class_list":["post-85703","post","type-post","status-publish","format-gallery","has-post-thumbnail","hentry","category-bahia","category-brasil","category-feira-de-santana","category-mundo","category-policia","category-politica","post_format-post-format-gallery"],"featured_image_urls":{"full":["https:\/\/noticiasbahia360.com.br\/wp-content\/uploads\/2025\/05\/prf_mandadodeprisao.jpg",1200,673,false],"thumbnail":["https:\/\/noticiasbahia360.com.br\/wp-content\/uploads\/2025\/05\/prf_mandadodeprisao-150x150.jpg",150,150,true],"medium":["https:\/\/noticiasbahia360.com.br\/wp-content\/uploads\/2025\/05\/prf_mandadodeprisao-300x168.jpg",300,168,true],"medium_large":["https:\/\/noticiasbahia360.com.br\/wp-content\/uploads\/2025\/05\/prf_mandadodeprisao-768x431.jpg",640,359,true],"large":["https:\/\/noticiasbahia360.com.br\/wp-content\/uploads\/2025\/05\/prf_mandadodeprisao-1024x574.jpg",640,359,true],"1536x1536":["https:\/\/noticiasbahia360.com.br\/wp-content\/uploads\/2025\/05\/prf_mandadodeprisao.jpg",1200,673,false],"2048x2048":["https:\/\/noticiasbahia360.com.br\/wp-content\/uploads\/2025\/05\/prf_mandadodeprisao.jpg",1200,673,false],"chromenews-featured":["https:\/\/noticiasbahia360.com.br\/wp-content\/uploads\/2025\/05\/prf_mandadodeprisao-1024x574.jpg",1024,574,true],"chromenews-large":["https:\/\/noticiasbahia360.com.br\/wp-content\/uploads\/2025\/05\/prf_mandadodeprisao-825x575.jpg",825,575,true],"chromenews-medium":["https:\/\/noticiasbahia360.com.br\/wp-content\/uploads\/2025\/05\/prf_mandadodeprisao-590x410.jpg",590,410,true]},"author_info":{"display_name":"noticiasbahia360.com.br","author_link":"https:\/\/noticiasbahia360.com.br\/?author=1"},"category_info":"<a href=\"https:\/\/noticiasbahia360.com.br\/?cat=8\" rel=\"category\">Bahia<\/a> <a href=\"https:\/\/noticiasbahia360.com.br\/?cat=9\" rel=\"category\">Brasil<\/a> <a href=\"https:\/\/noticiasbahia360.com.br\/?cat=6\" rel=\"category\">Feira de Santana<\/a> <a href=\"https:\/\/noticiasbahia360.com.br\/?cat=57\" rel=\"category\">Mundo<\/a> <a href=\"https:\/\/noticiasbahia360.com.br\/?cat=56\" rel=\"category\">Pol\u00edcia<\/a> <a href=\"https:\/\/noticiasbahia360.com.br\/?cat=10\" rel=\"category\">Pol\u00edtica<\/a>","tag_info":"Pol\u00edtica","comment_count":"0","_links":{"self":[{"href":"https:\/\/noticiasbahia360.com.br\/index.php?rest_route=\/wp\/v2\/posts\/85703","targetHints":{"allow":["GET"]}}],"collection":[{"href":"https:\/\/noticiasbahia360.com.br\/index.php?rest_route=\/wp\/v2\/posts"}],"about":[{"href":"https:\/\/noticiasbahia360.com.br\/index.php?rest_route=\/wp\/v2\/types\/post"}],"author":[{"embeddable":true,"href":"https:\/\/noticiasbahia360.com.br\/index.php?rest_route=\/wp\/v2\/users\/1"}],"replies":[{"embeddable":true,"href":"https:\/\/noticiasbahia360.com.br\/index.php?rest_route=%2Fwp%2Fv2%2Fcomments&post=85703"}],"version-history":[{"count":0,"href":"https:\/\/noticiasbahia360.com.br\/index.php?rest_route=\/wp\/v2\/posts\/85703\/revisions"}],"wp:featuredmedia":[{"embeddable":true,"href":"https:\/\/noticiasbahia360.com.br\/index.php?rest_route=\/wp\/v2\/media\/85704"}],"wp:attachment":[{"href":"https:\/\/noticiasbahia360.com.br\/index.php?rest_route=%2Fwp%2Fv2%2Fmedia&parent=85703"}],"wp:term":[{"taxonomy":"category","embeddable":true,"href":"https:\/\/noticiasbahia360.com.br\/index.php?rest_route=%2Fwp%2Fv2%2Fcategories&post=85703"},{"taxonomy":"post_tag","embeddable":true,"href":"https:\/\/noticiasbahia360.com.br\/index.php?rest_route=%2Fwp%2Fv2%2Ftags&post=85703"}],"curies":[{"name":"wp","href":"https:\/\/api.w.org\/{rel}","templated":true}]}}