{"id":85705,"date":"2025-05-11T12:38:33","date_gmt":"2025-05-11T15:38:33","guid":{"rendered":"https:\/\/noticiasbahia360.com.br\/?p=85705"},"modified":"2025-05-11T12:38:33","modified_gmt":"2025-05-11T15:38:33","slug":"avo-mae-e-bebe-sao-achadas-mortas-em-imovel-na-capital-mineira-caso-esta-sob-investigacao","status":"publish","type":"post","link":"https:\/\/noticiasbahia360.com.br\/?p=85705","title":{"rendered":"Av\u00f3, m\u00e3e e beb\u00ea s\u00e3o achadas mortas em im\u00f3vel na capital mineira; caso est\u00e1 sob investiga\u00e7\u00e3o"},"content":{"rendered":"<div>\n<div>\n<figure><img decoding=\"async\" src=\"http:\/\/noticiasbahia360.com.br\/wp-content\/uploads\/2025\/05\/avo_mae_bebe_crime.jpg\" alt=\"Av\u00f3, m\u00e3e e filha\"><figcaption>Cr\u00e9dito: Reprodu\u00e7\u00e3o\/Google Street View<\/figcaption><\/figure>\n<\/div>\n<p>Av\u00f3, m\u00e3e e uma beb\u00ea de apenas 1 ano foram encontradas mortas em um apartamento no 13\u00ba andar de um edif\u00edcio na Rua Mato Grosso, no bairro Barro Preto, Regi\u00e3o Centro-Sul de <a href=\"https:\/\/www.acordacidade.com.br\/tag\/belo-horizonte\/\">Belo Horizonte<\/a>, na \u00faltima sexta-feira (9), segundo informa\u00e7\u00f5es do Correio. Al\u00e9m das tr\u00eas v\u00edtimas, quatro cachorros da fam\u00edlia tamb\u00e9m foram encontrados sem vida.<\/p>\n<p>De acordo com a Pol\u00edcia Militar, os corpos estavam deitados sobre a cama em um ambiente com janelas fechadas. Foram localizadas tr\u00eas bandejas com carv\u00e3o queimado dentro do im\u00f3vel, o que levanta suspeita de intoxica\u00e7\u00e3o, embora a causa oficial das mortes ainda n\u00e3o tenha sido confirmada.<\/p>\n<p>A PM foi acionada ap\u00f3s a s\u00edndica do pr\u00e9dio receber uma liga\u00e7\u00e3o da av\u00f3 paterna da crian\u00e7a, que n\u00e3o conseguia contato com a fam\u00edlia desde o in\u00edcio da semana. Ao chegar ao apartamento, a s\u00edndica notou um forte odor vindo do local e chamou a pol\u00edcia. Os agentes precisaram arrombar a porta para entrar.<\/p>\n<p>Ainda segundo o Correio, a Pol\u00edcia Civil investiga o caso e aguarda os resultados da per\u00edcia t\u00e9cnica para determinar o que aconteceu. A ocorr\u00eancia continua sob apura\u00e7\u00e3o.<\/p>\n<p><em>Siga o Acorda Cidade no<\/em><a href=\"https:\/\/news.google.com\/search?q=acorda%20cidade&amp;hl=pt-BR&amp;gl=BR&amp;ceid=BR%3Apt-419\"><strong><em> Google Not\u00edcias<\/em><\/strong><\/a><em> e receba os principais destaques do dia. Participe tamb\u00e9m dos nossos canais no <\/em><a href=\"https:\/\/whatsapp.com\/channel\/0029Va6Rb4v3WHTNnsh8WI3N\"><strong><em>WhatsApp<\/em><\/strong><\/a><em> e <\/em><a href=\"https:\/\/www.youtube.com\/@acordacidadenoticias\/videos\"><strong>Youtube<\/strong><\/a><em> e grupo de <\/em><a href=\"https:\/\/t.me\/+sSz0khrgARA0ZmRh\"><strong><em>Telegram<\/em><\/strong><\/a><em>.<\/em><\/p>\n<\/div>\n","protected":false},"excerpt":{"rendered":"<div>\n<div>\n<figure><img decoding=\"async\" src=\"https:\/\/uploads.acordacidade.com.br\/2025\/05\/avo_mae_bebe_crime.jpg\" alt=\"Av\u00f3, m\u00e3e e filha\"><figcaption>Cr\u00e9dito: Reprodu\u00e7\u00e3o\/Google Street View<\/figcaption><\/figure>\n<\/div>\n<p>A PM foi acionada ap\u00f3s a s\u00edndica do pr\u00e9dio receber uma liga\u00e7\u00e3o da av\u00f3 paterna da crian\u00e7a.<\/p><\/div>\n","protected":false},"author":1,"featured_media":85706,"comment_status":"closed","ping_status":"closed","sticky":false,"template":"","format":"gallery","meta":{"footnotes":""},"categories":[8,9,6,57,56,10],"tags":[],"class_list":["post-85705","post","type-post","status-publish","format-gallery","has-post-thumbnail","hentry","category-bahia","category-brasil","category-feira-de-santana","category-mundo","category-policia","category-politica","post_format-post-format-gallery"],"featured_image_urls":{"full":["https:\/\/noticiasbahia360.com.br\/wp-content\/uploads\/2025\/05\/avo_mae_bebe_crime.jpg",1200,746,false],"thumbnail":["https:\/\/noticiasbahia360.com.br\/wp-content\/uploads\/2025\/05\/avo_mae_bebe_crime-150x150.jpg",150,150,true],"medium":["https:\/\/noticiasbahia360.com.br\/wp-content\/uploads\/2025\/05\/avo_mae_bebe_crime-300x187.jpg",300,187,true],"medium_large":["https:\/\/noticiasbahia360.com.br\/wp-content\/uploads\/2025\/05\/avo_mae_bebe_crime-768x477.jpg",640,398,true],"large":["https:\/\/noticiasbahia360.com.br\/wp-content\/uploads\/2025\/05\/avo_mae_bebe_crime-1024x637.jpg",640,398,true],"1536x1536":["https:\/\/noticiasbahia360.com.br\/wp-content\/uploads\/2025\/05\/avo_mae_bebe_crime.jpg",1200,746,false],"2048x2048":["https:\/\/noticiasbahia360.com.br\/wp-content\/uploads\/2025\/05\/avo_mae_bebe_crime.jpg",1200,746,false],"chromenews-featured":["https:\/\/noticiasbahia360.com.br\/wp-content\/uploads\/2025\/05\/avo_mae_bebe_crime-1024x637.jpg",1024,637,true],"chromenews-large":["https:\/\/noticiasbahia360.com.br\/wp-content\/uploads\/2025\/05\/avo_mae_bebe_crime-825x575.jpg",825,575,true],"chromenews-medium":["https:\/\/noticiasbahia360.com.br\/wp-content\/uploads\/2025\/05\/avo_mae_bebe_crime-590x410.jpg",590,410,true]},"author_info":{"display_name":"noticiasbahia360.com.br","author_link":"https:\/\/noticiasbahia360.com.br\/?author=1"},"category_info":"<a href=\"https:\/\/noticiasbahia360.com.br\/?cat=8\" rel=\"category\">Bahia<\/a> <a href=\"https:\/\/noticiasbahia360.com.br\/?cat=9\" rel=\"category\">Brasil<\/a> <a href=\"https:\/\/noticiasbahia360.com.br\/?cat=6\" rel=\"category\">Feira de Santana<\/a> <a href=\"https:\/\/noticiasbahia360.com.br\/?cat=57\" rel=\"category\">Mundo<\/a> <a href=\"https:\/\/noticiasbahia360.com.br\/?cat=56\" rel=\"category\">Pol\u00edcia<\/a> <a href=\"https:\/\/noticiasbahia360.com.br\/?cat=10\" rel=\"category\">Pol\u00edtica<\/a>","tag_info":"Pol\u00edtica","comment_count":"0","_links":{"self":[{"href":"https:\/\/noticiasbahia360.com.br\/index.php?rest_route=\/wp\/v2\/posts\/85705","targetHints":{"allow":["GET"]}}],"collection":[{"href":"https:\/\/noticiasbahia360.com.br\/index.php?rest_route=\/wp\/v2\/posts"}],"about":[{"href":"https:\/\/noticiasbahia360.com.br\/index.php?rest_route=\/wp\/v2\/types\/post"}],"author":[{"embeddable":true,"href":"https:\/\/noticiasbahia360.com.br\/index.php?rest_route=\/wp\/v2\/users\/1"}],"replies":[{"embeddable":true,"href":"https:\/\/noticiasbahia360.com.br\/index.php?rest_route=%2Fwp%2Fv2%2Fcomments&post=85705"}],"version-history":[{"count":0,"href":"https:\/\/noticiasbahia360.com.br\/index.php?rest_route=\/wp\/v2\/posts\/85705\/revisions"}],"wp:featuredmedia":[{"embeddable":true,"href":"https:\/\/noticiasbahia360.com.br\/index.php?rest_route=\/wp\/v2\/media\/85706"}],"wp:attachment":[{"href":"https:\/\/noticiasbahia360.com.br\/index.php?rest_route=%2Fwp%2Fv2%2Fmedia&parent=85705"}],"wp:term":[{"taxonomy":"category","embeddable":true,"href":"https:\/\/noticiasbahia360.com.br\/index.php?rest_route=%2Fwp%2Fv2%2Fcategories&post=85705"},{"taxonomy":"post_tag","embeddable":true,"href":"https:\/\/noticiasbahia360.com.br\/index.php?rest_route=%2Fwp%2Fv2%2Ftags&post=85705"}],"curies":[{"name":"wp","href":"https:\/\/api.w.org\/{rel}","templated":true}]}}