{"id":85707,"date":"2025-05-11T13:20:50","date_gmt":"2025-05-11T16:20:50","guid":{"rendered":"https:\/\/noticiasbahia360.com.br\/?p=85707"},"modified":"2025-05-11T13:20:50","modified_gmt":"2025-05-11T16:20:50","slug":"movimento-timido-marca-funcionamento-do-comercio-em-feira-de-santana-no-dia-das-maes","status":"publish","type":"post","link":"https:\/\/noticiasbahia360.com.br\/?p=85707","title":{"rendered":"Movimento t\u00edmido marca funcionamento do com\u00e9rcio em Feira de Santana no Dia das M\u00e3es"},"content":{"rendered":"<div>\n<div>\n<figure><img decoding=\"async\" src=\"http:\/\/noticiasbahia360.com.br\/wp-content\/uploads\/2025\/05\/comercio_neysilva_acordacidade-2.jpg\" alt=\"Com\u00e9rcio\"><figcaption>Foto: Ney Silva\/Acorda Cidade<\/figcaption><\/figure>\n<\/div>\n<p>Apesar da autoriza\u00e7\u00e3o para funcionamento at\u00e9 as 15h, o com\u00e9rcio de <a href=\"https:\/\/www.acordacidade.com.br\/tag\/feira-de-santana\/\">Feira de Santana<\/a> teve um movimento abaixo do esperado neste domingo (11), Dia das M\u00e3es. A chuva e o h\u00e1bito de muitos consumidores deixarem as compras para depois, podem ter influenciado a baixa circula\u00e7\u00e3o de clientes durante a manh\u00e3.<\/p>\n<figure class=\"wp-block-image size-large\"><img fetchpriority=\"high\" data-dominant-color=\"856663\" data-has-transparency=\"false\" style=\"--dominant-color: #856663;\" fetchpriority=\"high\" decoding=\"async\" width=\"1024\" height=\"768\" sizes=\"(max-width: 1024px) 100vw, 1024px\" src=\"http:\/\/noticiasbahia360.com.br\/wp-content\/uploads\/2025\/05\/4RR83Ilv-marasoares_neysilva_acordacidade-1024x768-1.webp\" alt=\"Dia das M\u00e3es\" class=\"wp-image-552033 not-transparent\" srcset=\"https:\/\/uploads.acordacidade.com.br\/2025\/05\/4RR83Ilv-marasoares_neysilva_acordacidade-300x225.webp 300w, http:\/\/noticiasbahia360.com.br\/wp-content\/uploads\/2025\/05\/4RR83Ilv-marasoares_neysilva_acordacidade-1024x768-1.webp 1024w, https:\/\/uploads.acordacidade.com.br\/2025\/05\/4RR83Ilv-marasoares_neysilva_acordacidade-768x576.webp 768w, https:\/\/uploads.acordacidade.com.br\/2025\/05\/4RR83Ilv-marasoares_neysilva_acordacidade-150x113.webp 150w, https:\/\/uploads.acordacidade.com.br\/2025\/05\/4RR83Ilv-marasoares_neysilva_acordacidade.webp 1200w\"><figcaption class=\"wp-element-caption\">Foto: Ney Silva\/Acorda Cidade | Mara Soares<\/figcaption><\/figure>\n<p>Na tradicional Feira da Ol\u00edmpio Vital, Mara Soares, mais conhecida como Mara Flores, est\u00e1 no ramo de comercializa\u00e7\u00e3o de flores h\u00e1 38 anos e relatou que, at\u00e9 o momento, o movimento segue fraco. \u201cEstamos na expectativa de melhorar. A clientela est\u00e1 chegando aos poucos\u201d, disse ela, destacando que a chuva pode ter afastado os consumidores. Entre os produtos mais procurados est\u00e3o os buqu\u00eas de rosas e orqu\u00eddeas, que variam entre R$ 80 (meia d\u00fazia) e R$ 150 (d\u00fazia). Tamb\u00e9m s\u00e3o oferecidos kits com chocolates, cart\u00f5es e ursos de pel\u00facia. Segundo Mara, muitos filhos tamb\u00e9m compram flores para homenagear m\u00e3es falecidas, levando arranjos aos cemit\u00e9rios.<\/p>\n<figure class=\"wp-block-image size-large\"><img data-dominant-color=\"765f5e\" data-has-transparency=\"false\" style=\"--dominant-color: #765f5e;\" decoding=\"async\" width=\"1024\" height=\"768\" sizes=\"(max-width: 1024px) 100vw, 1024px\" src=\"http:\/\/noticiasbahia360.com.br\/wp-content\/uploads\/2025\/05\/hF4FgEu0-simonesilva_neysilva_acordacidade-1024x768-1.webp\" alt=\"Dia das M\u00e3es\" class=\"wp-image-552032 not-transparent\" srcset=\"https:\/\/uploads.acordacidade.com.br\/2025\/05\/hF4FgEu0-simonesilva_neysilva_acordacidade-300x225.webp 300w, http:\/\/noticiasbahia360.com.br\/wp-content\/uploads\/2025\/05\/hF4FgEu0-simonesilva_neysilva_acordacidade-1024x768-1.webp 1024w, https:\/\/uploads.acordacidade.com.br\/2025\/05\/hF4FgEu0-simonesilva_neysilva_acordacidade-768x576.webp 768w, https:\/\/uploads.acordacidade.com.br\/2025\/05\/hF4FgEu0-simonesilva_neysilva_acordacidade-150x113.webp 150w, https:\/\/uploads.acordacidade.com.br\/2025\/05\/hF4FgEu0-simonesilva_neysilva_acordacidade.webp 1200w\"><figcaption class=\"wp-element-caption\">Foto: Ney Silva\/Acorda Cidade | Simone Silva<\/figcaption><\/figure>\n<p>A presidente da Associa\u00e7\u00e3o dos Floristas, Simone Silva, confirmou que o domingo \u00e9 tradicionalmente o dia mais forte de vendas no setor. \u201cApesar da chuva, a movimenta\u00e7\u00e3o est\u00e1 boa. Muita gente deixa para presentear no pr\u00f3prio domingo\u201d, afirmou ao Acorda Cidade.<\/p>\n<figure class=\"wp-block-image size-large\"><img data-dominant-color=\"787270\" data-has-transparency=\"false\" style=\"--dominant-color: #787270;\" decoding=\"async\" width=\"1024\" height=\"768\" sizes=\"(max-width: 1024px) 100vw, 1024px\" src=\"http:\/\/noticiasbahia360.com.br\/wp-content\/uploads\/2025\/05\/znSfkLgf-comercio_neysilva_acordacidade-7-1024x768-1.webp\" alt=\"Com\u00e9rcio\" class=\"wp-image-552041 not-transparent\" srcset=\"https:\/\/uploads.acordacidade.com.br\/2025\/05\/znSfkLgf-comercio_neysilva_acordacidade-7-300x225.webp 300w, http:\/\/noticiasbahia360.com.br\/wp-content\/uploads\/2025\/05\/znSfkLgf-comercio_neysilva_acordacidade-7-1024x768-1.webp 1024w, https:\/\/uploads.acordacidade.com.br\/2025\/05\/znSfkLgf-comercio_neysilva_acordacidade-7-768x576.webp 768w, https:\/\/uploads.acordacidade.com.br\/2025\/05\/znSfkLgf-comercio_neysilva_acordacidade-7-150x113.webp 150w, https:\/\/uploads.acordacidade.com.br\/2025\/05\/znSfkLgf-comercio_neysilva_acordacidade-7.webp 1200w\"><figcaption class=\"wp-element-caption\">Foto: Ney Silva\/Acorda Cidade<\/figcaption><\/figure>\n<p>Ela destacou o aumento de pre\u00e7os repassado pelos fornecedores: o buqu\u00ea de uma d\u00fazia de rosas subiu de R$ 120 para R$ 140, enquanto o de meia d\u00fazia passou de R$ 60 para R$ 80. Mesmo assim, a expectativa da associa\u00e7\u00e3o \u00e9 de um crescimento de at\u00e9 40% nas vendas em rela\u00e7\u00e3o ao ano anterior.<\/p>\n<figure class=\"wp-block-image size-large\"><img data-dominant-color=\"926a6d\" data-has-transparency=\"false\" style=\"--dominant-color: #926a6d;\" decoding=\"async\" width=\"1024\" height=\"768\" sizes=\"(max-width: 1024px) 100vw, 1024px\" src=\"http:\/\/noticiasbahia360.com.br\/wp-content\/uploads\/2025\/05\/aRoY8V44-adelsonmoraes_neysilva_acordacidade-1024x768-1.webp\" alt=\"Dia das M\u00e3es\" class=\"wp-image-552040 not-transparent\" srcset=\"https:\/\/uploads.acordacidade.com.br\/2025\/05\/aRoY8V44-adelsonmoraes_neysilva_acordacidade-300x225.webp 300w, http:\/\/noticiasbahia360.com.br\/wp-content\/uploads\/2025\/05\/aRoY8V44-adelsonmoraes_neysilva_acordacidade-1024x768-1.webp 1024w, https:\/\/uploads.acordacidade.com.br\/2025\/05\/aRoY8V44-adelsonmoraes_neysilva_acordacidade-768x576.webp 768w, https:\/\/uploads.acordacidade.com.br\/2025\/05\/aRoY8V44-adelsonmoraes_neysilva_acordacidade-150x113.webp 150w, https:\/\/uploads.acordacidade.com.br\/2025\/05\/aRoY8V44-adelsonmoraes_neysilva_acordacidade.webp 1200w\"><figcaption class=\"wp-element-caption\">Foto: Ney Silva\/Acorda Cidade | Adelson Moraes<\/figcaption><\/figure>\n<p>No Cal\u00e7ad\u00e3o da Sales Barbosa, o cen\u00e1rio era de ruas quase vazias. Adelson Moraes, gerente de uma loja de cal\u00e7ados, afirmou que o fluxo poderia melhorar a partir das 11h. \u201cSe tiver movimento, a gente fica at\u00e9 as 15h. Se n\u00e3o, encerramos mais cedo\u201d, comentou. Segundo ele, as vendas durante a semana que antecedeu o Dia das M\u00e3es foram boas, com um aumento de cerca de 10% em rela\u00e7\u00e3o ao mesmo per\u00edodo do ano passado.<\/p>\n<figure class=\"wp-block-image size-large\"><img loading=\"lazy\" data-dominant-color=\"74706e\" data-has-transparency=\"false\" style=\"--dominant-color: #74706e;\" decoding=\"async\" width=\"1024\" height=\"768\" sizes=\"(max-width: 1024px) 100vw, 1024px\" src=\"http:\/\/noticiasbahia360.com.br\/wp-content\/uploads\/2025\/05\/EM4Lg4u7-nadjasouza_neysilva_acordacidade-1024x768-1.webp\" alt=\"Dia das M\u00e3es\" class=\"wp-image-552035 not-transparent\" srcset=\"https:\/\/uploads.acordacidade.com.br\/2025\/05\/EM4Lg4u7-nadjasouza_neysilva_acordacidade-300x225.webp 300w, http:\/\/noticiasbahia360.com.br\/wp-content\/uploads\/2025\/05\/EM4Lg4u7-nadjasouza_neysilva_acordacidade-1024x768-1.webp 1024w, https:\/\/uploads.acordacidade.com.br\/2025\/05\/EM4Lg4u7-nadjasouza_neysilva_acordacidade-768x576.webp 768w, https:\/\/uploads.acordacidade.com.br\/2025\/05\/EM4Lg4u7-nadjasouza_neysilva_acordacidade-150x113.webp 150w, https:\/\/uploads.acordacidade.com.br\/2025\/05\/EM4Lg4u7-nadjasouza_neysilva_acordacidade.webp 1200w\"><figcaption class=\"wp-element-caption\">Foto: Ney Silva\/Acorda Cidade | Nadja Souza<\/figcaption><\/figure>\n<p>J\u00e1 Nadja Souza, respons\u00e1vel por uma loja de roupas populares pr\u00f3xima ao Mercado de Arte Popular, relatou que abriu o estabelecimento \u00e0s 9h, mas deve fechar antes das 15h devido ao fraco movimento. \u201cNo domingo n\u00e3o compensa. As pessoas v\u00e3o visitar suas m\u00e3es. A semana foi melhor, parecia Micareta de tanta gente\u201d, disse. Os pre\u00e7os na loja variam entre R$ 5 e R$ 35, com pe\u00e7as como vestidos, croppeds e shorts com pre\u00e7os acess\u00edveis.<\/p>\n<figure class=\"wp-block-image size-large\"><img loading=\"lazy\" data-dominant-color=\"787163\" data-has-transparency=\"false\" style=\"--dominant-color: #787163;\" decoding=\"async\" width=\"1024\" height=\"768\" sizes=\"(max-width: 1024px) 100vw, 1024px\" src=\"http:\/\/noticiasbahia360.com.br\/wp-content\/uploads\/2025\/05\/fc51fk9U-valeriarios_neysilva_acordacidade-1024x768-1.webp\" alt=\"Dia das M\u00e3es\" class=\"wp-image-552031 not-transparent\" srcset=\"https:\/\/uploads.acordacidade.com.br\/2025\/05\/fc51fk9U-valeriarios_neysilva_acordacidade-300x225.webp 300w, http:\/\/noticiasbahia360.com.br\/wp-content\/uploads\/2025\/05\/fc51fk9U-valeriarios_neysilva_acordacidade-1024x768-1.webp 1024w, https:\/\/uploads.acordacidade.com.br\/2025\/05\/fc51fk9U-valeriarios_neysilva_acordacidade-768x576.webp 768w, https:\/\/uploads.acordacidade.com.br\/2025\/05\/fc51fk9U-valeriarios_neysilva_acordacidade-150x113.webp 150w, https:\/\/uploads.acordacidade.com.br\/2025\/05\/fc51fk9U-valeriarios_neysilva_acordacidade.webp 1200w\"><figcaption class=\"wp-element-caption\">Foto: Ney Silva\/Acorda Cidade | Val\u00e9ria Rios<\/figcaption><\/figure>\n<p>Consumidores que foram \u00e0s compras, como Val\u00e9ria Rios, mantiveram a tradi\u00e7\u00e3o de homenagear n\u00e3o apenas a m\u00e3e, mas tamb\u00e9m outras mulheres da fam\u00edlia. \u201cTodo ano presenteio minha m\u00e3e, minha av\u00f3, minhas tias e minha sogra\u201d, contou, enquanto escolhia violetas e begonhas na Ol\u00edmpio Vital. \u201cElas duram bastante\u201d, explicou.<\/p>\n<figure class=\"wp-block-image size-large\"><img loading=\"lazy\" data-dominant-color=\"696c6a\" data-has-transparency=\"false\" style=\"--dominant-color: #696c6a;\" decoding=\"async\" width=\"1024\" height=\"768\" sizes=\"(max-width: 1024px) 100vw, 1024px\" src=\"http:\/\/noticiasbahia360.com.br\/wp-content\/uploads\/2025\/05\/Iv2mNeiq-comercio_neysilva_acordacidade-1-1024x768-1.webp\" alt=\"Com\u00e9rcio\" class=\"wp-image-552039 not-transparent\" srcset=\"https:\/\/uploads.acordacidade.com.br\/2025\/05\/Iv2mNeiq-comercio_neysilva_acordacidade-1-300x225.webp 300w, http:\/\/noticiasbahia360.com.br\/wp-content\/uploads\/2025\/05\/Iv2mNeiq-comercio_neysilva_acordacidade-1-1024x768-1.webp 1024w, https:\/\/uploads.acordacidade.com.br\/2025\/05\/Iv2mNeiq-comercio_neysilva_acordacidade-1-768x576.webp 768w, https:\/\/uploads.acordacidade.com.br\/2025\/05\/Iv2mNeiq-comercio_neysilva_acordacidade-1-150x113.webp 150w, https:\/\/uploads.acordacidade.com.br\/2025\/05\/Iv2mNeiq-comercio_neysilva_acordacidade-1.webp 1200w\"><figcaption class=\"wp-element-caption\">Foto: Ney Silva\/Acorda Cidade<\/figcaption><\/figure>\n<p>Apesar do in\u00edcio de domingo frio, a expectativa de lojistas e floristas era de que o movimento aumentasse ao longo do dia, refor\u00e7ando a import\u00e2ncia da data para o com\u00e9rcio local.<\/p>\n<figure class=\"wp-block-image size-large\"><img loading=\"lazy\" data-dominant-color=\"696665\" data-has-transparency=\"false\" style=\"--dominant-color: #696665;\" decoding=\"async\" width=\"1024\" height=\"768\" sizes=\"(max-width: 1024px) 100vw, 1024px\" src=\"http:\/\/noticiasbahia360.com.br\/wp-content\/uploads\/2025\/05\/qFXwHXSK-comercio_neysilva_acordacidade-3-1024x768-1.webp\" alt=\"Com\u00e9rcio\" class=\"wp-image-552037 not-transparent\" srcset=\"https:\/\/uploads.acordacidade.com.br\/2025\/05\/qFXwHXSK-comercio_neysilva_acordacidade-3-300x225.webp 300w, http:\/\/noticiasbahia360.com.br\/wp-content\/uploads\/2025\/05\/qFXwHXSK-comercio_neysilva_acordacidade-3-1024x768-1.webp 1024w, https:\/\/uploads.acordacidade.com.br\/2025\/05\/qFXwHXSK-comercio_neysilva_acordacidade-3-768x576.webp 768w, https:\/\/uploads.acordacidade.com.br\/2025\/05\/qFXwHXSK-comercio_neysilva_acordacidade-3-150x113.webp 150w, https:\/\/uploads.acordacidade.com.br\/2025\/05\/qFXwHXSK-comercio_neysilva_acordacidade-3.webp 1200w\"><figcaption class=\"wp-element-caption\">Foto: Ney Silva\/Acorda Cidade<\/figcaption><\/figure>\n<figure class=\"wp-block-image size-large\"><img loading=\"lazy\" data-dominant-color=\"737779\" data-has-transparency=\"false\" style=\"--dominant-color: #737779;\" decoding=\"async\" width=\"1024\" height=\"768\" sizes=\"(max-width: 1024px) 100vw, 1024px\" src=\"http:\/\/noticiasbahia360.com.br\/wp-content\/uploads\/2025\/05\/tqzAy7tr-comercio_neysilva_acordacidade-4-1024x768-1.webp\" alt=\"Com\u00e9rcio\" class=\"wp-image-552036 not-transparent\" srcset=\"https:\/\/uploads.acordacidade.com.br\/2025\/05\/tqzAy7tr-comercio_neysilva_acordacidade-4-300x225.webp 300w, http:\/\/noticiasbahia360.com.br\/wp-content\/uploads\/2025\/05\/tqzAy7tr-comercio_neysilva_acordacidade-4-1024x768-1.webp 1024w, https:\/\/uploads.acordacidade.com.br\/2025\/05\/tqzAy7tr-comercio_neysilva_acordacidade-4-768x576.webp 768w, https:\/\/uploads.acordacidade.com.br\/2025\/05\/tqzAy7tr-comercio_neysilva_acordacidade-4-150x113.webp 150w, https:\/\/uploads.acordacidade.com.br\/2025\/05\/tqzAy7tr-comercio_neysilva_acordacidade-4.webp 1200w\"><figcaption class=\"wp-element-caption\">Foto: Ney Silva\/Acorda Cidade<\/figcaption><\/figure>\n<figure class=\"wp-block-image size-large\"><img loading=\"lazy\" data-dominant-color=\"7f7879\" data-has-transparency=\"false\" style=\"--dominant-color: #7f7879;\" decoding=\"async\" width=\"1024\" height=\"768\" sizes=\"(max-width: 1024px) 100vw, 1024px\" src=\"http:\/\/noticiasbahia360.com.br\/wp-content\/uploads\/2025\/05\/Ml1Scox3-comercio_neysilva_acordacidade-5-1024x768-1.webp\" alt=\"Com\u00e9rcio\" class=\"wp-image-552034 not-transparent\" srcset=\"https:\/\/uploads.acordacidade.com.br\/2025\/05\/Ml1Scox3-comercio_neysilva_acordacidade-5-300x225.webp 300w, http:\/\/noticiasbahia360.com.br\/wp-content\/uploads\/2025\/05\/Ml1Scox3-comercio_neysilva_acordacidade-5-1024x768-1.webp 1024w, https:\/\/uploads.acordacidade.com.br\/2025\/05\/Ml1Scox3-comercio_neysilva_acordacidade-5-768x576.webp 768w, https:\/\/uploads.acordacidade.com.br\/2025\/05\/Ml1Scox3-comercio_neysilva_acordacidade-5-150x113.webp 150w, https:\/\/uploads.acordacidade.com.br\/2025\/05\/Ml1Scox3-comercio_neysilva_acordacidade-5.webp 1200w\"><figcaption class=\"wp-element-caption\">Foto: Ney Silva\/Acorda Cidade<\/figcaption><\/figure>\n<figure class=\"wp-block-image size-large\"><img loading=\"lazy\" data-dominant-color=\"734c5b\" data-has-transparency=\"false\" style=\"--dominant-color: #734c5b;\" decoding=\"async\" width=\"1024\" height=\"768\" sizes=\"(max-width: 1024px) 100vw, 1024px\" src=\"http:\/\/noticiasbahia360.com.br\/wp-content\/uploads\/2025\/05\/L6BmgTzA-comercio_neysilva_acordacidade-6-1024x768-1.webp\" alt=\"Dia das M\u00e3es\" class=\"wp-image-552030 not-transparent\" srcset=\"https:\/\/uploads.acordacidade.com.br\/2025\/05\/L6BmgTzA-comercio_neysilva_acordacidade-6-300x225.webp 300w, http:\/\/noticiasbahia360.com.br\/wp-content\/uploads\/2025\/05\/L6BmgTzA-comercio_neysilva_acordacidade-6-1024x768-1.webp 1024w, https:\/\/uploads.acordacidade.com.br\/2025\/05\/L6BmgTzA-comercio_neysilva_acordacidade-6-768x576.webp 768w, https:\/\/uploads.acordacidade.com.br\/2025\/05\/L6BmgTzA-comercio_neysilva_acordacidade-6-150x113.webp 150w, https:\/\/uploads.acordacidade.com.br\/2025\/05\/L6BmgTzA-comercio_neysilva_acordacidade-6.webp 1200w\"><figcaption class=\"wp-element-caption\">Foto: Ney Silva\/Acorda Cidade<\/figcaption><\/figure>\n<p><em>Com informa\u00e7\u00f5es do rep\u00f3rter Ney Silva do Acorda Cidade<\/em><\/p>\n<p><em>Siga o Acorda Cidade no<\/em><a href=\"https:\/\/news.google.com\/search?q=acorda%20cidade&amp;hl=pt-BR&amp;gl=BR&amp;ceid=BR%3Apt-419\"><strong><em> Google Not\u00edcias<\/em><\/strong><\/a><em> e receba os principais destaques do dia. Participe tamb\u00e9m dos nossos canais no <\/em><a href=\"https:\/\/whatsapp.com\/channel\/0029Va6Rb4v3WHTNnsh8WI3N\"><strong><em>WhatsApp<\/em><\/strong><\/a><em> e <\/em><a href=\"https:\/\/www.youtube.com\/@acordacidadenoticias\/videos\"><strong>Youtube<\/strong><\/a><em> e grupo de <\/em><a href=\"https:\/\/t.me\/+sSz0khrgARA0ZmRh\"><strong><em>Telegram<\/em><\/strong><\/a><em>.<\/em><\/p>\n<\/div>\n","protected":false},"excerpt":{"rendered":"<div>\n<div>\n<figure><img decoding=\"async\" src=\"https:\/\/uploads.acordacidade.com.br\/2025\/05\/comercio_neysilva_acordacidade-2.jpg\" alt=\"Com\u00e9rcio\"><figcaption>Foto: Ney Silva\/Acorda Cidade<\/figcaption><\/figure>\n<\/div>\n<p>Segundo um gerente de loja de cal\u00e7ados, as vendas durante a semana que antecedeu o Dia das M\u00e3es foram boas.<\/p><\/div>\n","protected":false},"author":1,"featured_media":85708,"comment_status":"closed","ping_status":"closed","sticky":false,"template":"","format":"gallery","meta":{"footnotes":""},"categories":[8,9,6,57,56,10],"tags":[],"class_list":["post-85707","post","type-post","status-publish","format-gallery","has-post-thumbnail","hentry","category-bahia","category-brasil","category-feira-de-santana","category-mundo","category-policia","category-politica","post_format-post-format-gallery"],"featured_image_urls":{"full":["https:\/\/noticiasbahia360.com.br\/wp-content\/uploads\/2025\/05\/comercio_neysilva_acordacidade-2.jpg",1200,900,false],"thumbnail":["https:\/\/noticiasbahia360.com.br\/wp-content\/uploads\/2025\/05\/comercio_neysilva_acordacidade-2-150x150.jpg",150,150,true],"medium":["https:\/\/noticiasbahia360.com.br\/wp-content\/uploads\/2025\/05\/comercio_neysilva_acordacidade-2-300x225.jpg",300,225,true],"medium_large":["https:\/\/noticiasbahia360.com.br\/wp-content\/uploads\/2025\/05\/comercio_neysilva_acordacidade-2-768x576.jpg",640,480,true],"large":["https:\/\/noticiasbahia360.com.br\/wp-content\/uploads\/2025\/05\/comercio_neysilva_acordacidade-2-1024x768.jpg",640,480,true],"1536x1536":["https:\/\/noticiasbahia360.com.br\/wp-content\/uploads\/2025\/05\/comercio_neysilva_acordacidade-2.jpg",1200,900,false],"2048x2048":["https:\/\/noticiasbahia360.com.br\/wp-content\/uploads\/2025\/05\/comercio_neysilva_acordacidade-2.jpg",1200,900,false],"chromenews-featured":["https:\/\/noticiasbahia360.com.br\/wp-content\/uploads\/2025\/05\/comercio_neysilva_acordacidade-2-1024x768.jpg",1024,768,true],"chromenews-large":["https:\/\/noticiasbahia360.com.br\/wp-content\/uploads\/2025\/05\/comercio_neysilva_acordacidade-2-825x575.jpg",825,575,true],"chromenews-medium":["https:\/\/noticiasbahia360.com.br\/wp-content\/uploads\/2025\/05\/comercio_neysilva_acordacidade-2-590x410.jpg",590,410,true]},"author_info":{"display_name":"noticiasbahia360.com.br","author_link":"https:\/\/noticiasbahia360.com.br\/?author=1"},"category_info":"<a href=\"https:\/\/noticiasbahia360.com.br\/?cat=8\" rel=\"category\">Bahia<\/a> <a href=\"https:\/\/noticiasbahia360.com.br\/?cat=9\" rel=\"category\">Brasil<\/a> <a href=\"https:\/\/noticiasbahia360.com.br\/?cat=6\" rel=\"category\">Feira de Santana<\/a> <a href=\"https:\/\/noticiasbahia360.com.br\/?cat=57\" rel=\"category\">Mundo<\/a> <a href=\"https:\/\/noticiasbahia360.com.br\/?cat=56\" rel=\"category\">Pol\u00edcia<\/a> <a href=\"https:\/\/noticiasbahia360.com.br\/?cat=10\" rel=\"category\">Pol\u00edtica<\/a>","tag_info":"Pol\u00edtica","comment_count":"0","_links":{"self":[{"href":"https:\/\/noticiasbahia360.com.br\/index.php?rest_route=\/wp\/v2\/posts\/85707","targetHints":{"allow":["GET"]}}],"collection":[{"href":"https:\/\/noticiasbahia360.com.br\/index.php?rest_route=\/wp\/v2\/posts"}],"about":[{"href":"https:\/\/noticiasbahia360.com.br\/index.php?rest_route=\/wp\/v2\/types\/post"}],"author":[{"embeddable":true,"href":"https:\/\/noticiasbahia360.com.br\/index.php?rest_route=\/wp\/v2\/users\/1"}],"replies":[{"embeddable":true,"href":"https:\/\/noticiasbahia360.com.br\/index.php?rest_route=%2Fwp%2Fv2%2Fcomments&post=85707"}],"version-history":[{"count":0,"href":"https:\/\/noticiasbahia360.com.br\/index.php?rest_route=\/wp\/v2\/posts\/85707\/revisions"}],"wp:featuredmedia":[{"embeddable":true,"href":"https:\/\/noticiasbahia360.com.br\/index.php?rest_route=\/wp\/v2\/media\/85708"}],"wp:attachment":[{"href":"https:\/\/noticiasbahia360.com.br\/index.php?rest_route=%2Fwp%2Fv2%2Fmedia&parent=85707"}],"wp:term":[{"taxonomy":"category","embeddable":true,"href":"https:\/\/noticiasbahia360.com.br\/index.php?rest_route=%2Fwp%2Fv2%2Fcategories&post=85707"},{"taxonomy":"post_tag","embeddable":true,"href":"https:\/\/noticiasbahia360.com.br\/index.php?rest_route=%2Fwp%2Fv2%2Ftags&post=85707"}],"curies":[{"name":"wp","href":"https:\/\/api.w.org\/{rel}","templated":true}]}}