{"id":85720,"date":"2025-05-11T15:46:17","date_gmt":"2025-05-11T18:46:17","guid":{"rendered":"https:\/\/noticiasbahia360.com.br\/?p=85720"},"modified":"2025-05-11T15:46:17","modified_gmt":"2025-05-11T18:46:17","slug":"artesa-feirense-fala-sobre-seu-trabalho-com-bonecas-terapeuticas-e-ecologicas","status":"publish","type":"post","link":"https:\/\/noticiasbahia360.com.br\/?p=85720","title":{"rendered":"Artes\u00e3 feirense fala sobre seu trabalho com bonecas terap\u00eauticas e ecol\u00f3gicas"},"content":{"rendered":"<div>\n<div>\n<figure><img decoding=\"async\" src=\"http:\/\/noticiasbahia360.com.br\/wp-content\/uploads\/2025\/05\/Artesa-feirense-fala-sobre-seu-trabalho-com-bonecas-terapeuticas-e-ecologicas-1.jpg\" alt=\"Artes\u00e3 feirense fala sobre seu trabalho com bonecas terap\u00eauticas e ecol\u00f3gicas\"><figcaption>Foto: Ney Silva\/Acorda Cidade<\/figcaption><\/figure>\n<\/div>\n<p>A artes\u00e3 feirense Marilene Brito, idealizadora das bonecas terap\u00eauticas, vem ganhando destaque com seu trabalho. Ela j\u00e1 ganhou diversos pr\u00eamios e j\u00e1 apresentou seu trabalho em eventos em v\u00e1rios estados brasileiros e at\u00e9 mesmo em outros pa\u00edses.<\/p>\n<figure class=\"wp-block-image size-large\"><img fetchpriority=\"high\" data-dominant-color=\"717b84\" data-has-transparency=\"false\" style=\"--dominant-color: #717b84;\" fetchpriority=\"high\" decoding=\"async\" width=\"1024\" height=\"768\" sizes=\"(max-width: 1024px) 100vw, 1024px\" src=\"http:\/\/noticiasbahia360.com.br\/wp-content\/uploads\/2025\/05\/DbqKOpFo-Artesa-feirense-fala-sobre-seu-trabalho-com-bonecas-terapeuticas-e-ecologicas-3-1024x768-1.webp\" alt=\"Artes\u00e3 feirense fala sobre seu trabalho com bonecas terap\u00eauticas e ecol\u00f3gicas\" class=\"wp-image-546385 not-transparent\" srcset=\"https:\/\/uploads.acordacidade.com.br\/2025\/04\/DbqKOpFo-Artesa-feirense-fala-sobre-seu-trabalho-com-bonecas-terapeuticas-e-ecologicas-3-300x225.webp 300w, http:\/\/noticiasbahia360.com.br\/wp-content\/uploads\/2025\/05\/DbqKOpFo-Artesa-feirense-fala-sobre-seu-trabalho-com-bonecas-terapeuticas-e-ecologicas-3-1024x768-1.webp 1024w, https:\/\/uploads.acordacidade.com.br\/2025\/04\/DbqKOpFo-Artesa-feirense-fala-sobre-seu-trabalho-com-bonecas-terapeuticas-e-ecologicas-3-768x576.webp 768w, https:\/\/uploads.acordacidade.com.br\/2025\/04\/DbqKOpFo-Artesa-feirense-fala-sobre-seu-trabalho-com-bonecas-terapeuticas-e-ecologicas-3-150x113.webp 150w, https:\/\/uploads.acordacidade.com.br\/2025\/04\/DbqKOpFo-Artesa-feirense-fala-sobre-seu-trabalho-com-bonecas-terapeuticas-e-ecologicas-3.webp 1200w\"><figcaption class=\"wp-element-caption\">Foto: Ney Silva\/Acorda Cidade<\/figcaption><\/figure>\n<p>Ao Acorda Cidade, ela contou que come\u00e7ou a realizar esse trabalho h\u00e1 44 anos. \u201cComecei a fazer ainda menina e venho aperfei\u00e7oando minhas bonecas. Comecei a mostrar para o mundo. Hoje essas bonecas \u00e9 um grande sucesso, j\u00e1 participei de grandes eventos, representei a Bahia com essas bonecas em um evento em Pernambuco e \u00e9 espetacular essa experencia\u201d, afirmou.<\/p>\n<p>Marilene conta que o trabalho desenvolvido por ela, transforma lixo em arte e diz que quer deixar esse legado para a juventude. \u201cEssas bonecas s\u00e3o terap\u00eauticas e ecol\u00f3gicas. \u00c9 uma cria\u00e7\u00e3o minha, a Belgo j\u00e1 me premiou, j\u00e1 ganhei outros pr\u00eamios, participei da Feira do Livro e de v\u00e1rios eventos\u201d.<\/p>\n<figure class=\"wp-block-image size-large\"><img data-dominant-color=\"887d7e\" data-has-transparency=\"false\" style=\"--dominant-color: #887d7e;\" decoding=\"async\" width=\"1024\" height=\"768\" sizes=\"(max-width: 1024px) 100vw, 1024px\" src=\"http:\/\/noticiasbahia360.com.br\/wp-content\/uploads\/2025\/05\/OHDXjDH7-Artesa-feirense-fala-sobre-seu-trabalho-com-bonecas-terapeuticas-e-ecologicas-2-1024x768-1.webp\" alt=\"Artes\u00e3 feirense fala sobre seu trabalho com bonecas terap\u00eauticas e ecol\u00f3gicas\" class=\"wp-image-546386 not-transparent\" srcset=\"https:\/\/uploads.acordacidade.com.br\/2025\/04\/OHDXjDH7-Artesa-feirense-fala-sobre-seu-trabalho-com-bonecas-terapeuticas-e-ecologicas-2-300x225.webp 300w, http:\/\/noticiasbahia360.com.br\/wp-content\/uploads\/2025\/05\/OHDXjDH7-Artesa-feirense-fala-sobre-seu-trabalho-com-bonecas-terapeuticas-e-ecologicas-2-1024x768-1.webp 1024w, https:\/\/uploads.acordacidade.com.br\/2025\/04\/OHDXjDH7-Artesa-feirense-fala-sobre-seu-trabalho-com-bonecas-terapeuticas-e-ecologicas-2-768x576.webp 768w, https:\/\/uploads.acordacidade.com.br\/2025\/04\/OHDXjDH7-Artesa-feirense-fala-sobre-seu-trabalho-com-bonecas-terapeuticas-e-ecologicas-2-150x113.webp 150w, https:\/\/uploads.acordacidade.com.br\/2025\/04\/OHDXjDH7-Artesa-feirense-fala-sobre-seu-trabalho-com-bonecas-terapeuticas-e-ecologicas-2.webp 1200w\"><figcaption class=\"wp-element-caption\">Foto: Ney Silva\/Acorda Cidade<\/figcaption><\/figure>\n<p>A artes\u00e3 aproveitou a oportunidade para agradecer ao radialista Dilton Coutinho do Programa e Portal Acorda Cidade. Ela conta que ele foi uma das pessoas que acreditou e divulgou o trabalho dela. \u201cFoi ele que me descobriu em 1989, em Ipua\u00e7u, e ajudou na divulga\u00e7\u00e3o do meu trabalho. Hoje escolas p\u00fablicas e particulares me chamam para mostrar meu trabalho, tenho bonecas que dan\u00e7am, bonecas em formato de brincos e trato minhas bonecas como pessoas, todas t\u00eam nome\u201d, afirmou.<\/p>\n<p><em>Com informa\u00e7\u00f5es do rep\u00f3rter Ney Silva do Acorda Cidade<\/em><\/p>\n<p><strong>Leia tamb\u00e9m: <\/strong><a href=\"https:\/\/www.acordacidade.com.br\/feira-de-santana\/artesa-de-feira-de-santana-representa-a-bahia-em-seminario-de-arte-em-pernambuco\/\">Artes\u00e3 de Feira de Santana representa a Bahia em Semin\u00e1rio de Arte em Pernambuco<\/a><\/p>\n<p><em>Siga o Acorda Cidade no<\/em><a href=\"https:\/\/news.google.com\/search?q=acorda%20cidade&amp;hl=pt-BR&amp;gl=BR&amp;ceid=BR%3Apt-419\"><strong><em>\u00a0Google Not\u00edcias<\/em><\/strong><\/a><em>\u00a0e receba os principais destaques do dia. Participe tamb\u00e9m dos nossos canais no\u00a0<\/em><a href=\"https:\/\/www.whatsapp.com\/channel\/0029Va6Rb4v3WHTNnsh8WI3N\"><strong><em>WhatsApp<\/em><\/strong><\/a><em>\u00a0e\u00a0<\/em><a href=\"https:\/\/www.youtube.com\/@acordacidadenoticias\/videos\"><strong>Youtube<\/strong><\/a><em>\u00a0e grupo de\u00a0<\/em><a href=\"https:\/\/t.me\/+sSz0khrgARA0ZmRh\"><strong><em>Telegram<\/em><\/strong><\/a><em>.<\/em><\/p>\n<\/div>\n","protected":false},"excerpt":{"rendered":"<div>\n<div>\n<figure><img decoding=\"async\" src=\"https:\/\/uploads.acordacidade.com.br\/2025\/04\/Artesa-feirense-fala-sobre-seu-trabalho-com-bonecas-terapeuticas-e-ecologicas-1.jpg\" alt=\"Artes\u00e3 feirense fala sobre seu trabalho com bonecas terap\u00eauticas e ecol\u00f3gicas\"><figcaption>Foto: Ney Silva\/Acorda Cidade<\/figcaption><\/figure>\n<\/div>\n<p>A artes\u00e3 feirense Marilene Brito, idealizadora das bonecas terap\u00eauticas, vem ganhando destaque com seu trabalho. Ela j\u00e1 ganhou diversos pr\u00eamios e j\u00e1 apresentou seu trabalho em eventos em v\u00e1rios estados brasileiros e at\u00e9 mesmo em outros pa\u00edses. Ao Acorda Cidade, ela contou que come\u00e7ou a realizar esse trabalho h\u00e1 44 anos. \u201cComecei a fazer ainda [\u2026]<\/p><\/div>\n","protected":false},"author":1,"featured_media":85721,"comment_status":"closed","ping_status":"closed","sticky":false,"template":"","format":"gallery","meta":{"footnotes":""},"categories":[8,9,6,57,56,10],"tags":[],"class_list":["post-85720","post","type-post","status-publish","format-gallery","has-post-thumbnail","hentry","category-bahia","category-brasil","category-feira-de-santana","category-mundo","category-policia","category-politica","post_format-post-format-gallery"],"featured_image_urls":{"full":["https:\/\/noticiasbahia360.com.br\/wp-content\/uploads\/2025\/05\/Artesa-feirense-fala-sobre-seu-trabalho-com-bonecas-terapeuticas-e-ecologicas-1.jpg",1200,900,false],"thumbnail":["https:\/\/noticiasbahia360.com.br\/wp-content\/uploads\/2025\/05\/Artesa-feirense-fala-sobre-seu-trabalho-com-bonecas-terapeuticas-e-ecologicas-1-150x150.jpg",150,150,true],"medium":["https:\/\/noticiasbahia360.com.br\/wp-content\/uploads\/2025\/05\/Artesa-feirense-fala-sobre-seu-trabalho-com-bonecas-terapeuticas-e-ecologicas-1-300x225.jpg",300,225,true],"medium_large":["https:\/\/noticiasbahia360.com.br\/wp-content\/uploads\/2025\/05\/Artesa-feirense-fala-sobre-seu-trabalho-com-bonecas-terapeuticas-e-ecologicas-1-768x576.jpg",640,480,true],"large":["https:\/\/noticiasbahia360.com.br\/wp-content\/uploads\/2025\/05\/Artesa-feirense-fala-sobre-seu-trabalho-com-bonecas-terapeuticas-e-ecologicas-1-1024x768.jpg",640,480,true],"1536x1536":["https:\/\/noticiasbahia360.com.br\/wp-content\/uploads\/2025\/05\/Artesa-feirense-fala-sobre-seu-trabalho-com-bonecas-terapeuticas-e-ecologicas-1.jpg",1200,900,false],"2048x2048":["https:\/\/noticiasbahia360.com.br\/wp-content\/uploads\/2025\/05\/Artesa-feirense-fala-sobre-seu-trabalho-com-bonecas-terapeuticas-e-ecologicas-1.jpg",1200,900,false],"chromenews-featured":["https:\/\/noticiasbahia360.com.br\/wp-content\/uploads\/2025\/05\/Artesa-feirense-fala-sobre-seu-trabalho-com-bonecas-terapeuticas-e-ecologicas-1-1024x768.jpg",1024,768,true],"chromenews-large":["https:\/\/noticiasbahia360.com.br\/wp-content\/uploads\/2025\/05\/Artesa-feirense-fala-sobre-seu-trabalho-com-bonecas-terapeuticas-e-ecologicas-1-825x575.jpg",825,575,true],"chromenews-medium":["https:\/\/noticiasbahia360.com.br\/wp-content\/uploads\/2025\/05\/Artesa-feirense-fala-sobre-seu-trabalho-com-bonecas-terapeuticas-e-ecologicas-1-590x410.jpg",590,410,true]},"author_info":{"display_name":"noticiasbahia360.com.br","author_link":"https:\/\/noticiasbahia360.com.br\/?author=1"},"category_info":"<a href=\"https:\/\/noticiasbahia360.com.br\/?cat=8\" rel=\"category\">Bahia<\/a> <a href=\"https:\/\/noticiasbahia360.com.br\/?cat=9\" rel=\"category\">Brasil<\/a> <a href=\"https:\/\/noticiasbahia360.com.br\/?cat=6\" rel=\"category\">Feira de Santana<\/a> <a href=\"https:\/\/noticiasbahia360.com.br\/?cat=57\" rel=\"category\">Mundo<\/a> <a href=\"https:\/\/noticiasbahia360.com.br\/?cat=56\" rel=\"category\">Pol\u00edcia<\/a> <a href=\"https:\/\/noticiasbahia360.com.br\/?cat=10\" rel=\"category\">Pol\u00edtica<\/a>","tag_info":"Pol\u00edtica","comment_count":"0","_links":{"self":[{"href":"https:\/\/noticiasbahia360.com.br\/index.php?rest_route=\/wp\/v2\/posts\/85720","targetHints":{"allow":["GET"]}}],"collection":[{"href":"https:\/\/noticiasbahia360.com.br\/index.php?rest_route=\/wp\/v2\/posts"}],"about":[{"href":"https:\/\/noticiasbahia360.com.br\/index.php?rest_route=\/wp\/v2\/types\/post"}],"author":[{"embeddable":true,"href":"https:\/\/noticiasbahia360.com.br\/index.php?rest_route=\/wp\/v2\/users\/1"}],"replies":[{"embeddable":true,"href":"https:\/\/noticiasbahia360.com.br\/index.php?rest_route=%2Fwp%2Fv2%2Fcomments&post=85720"}],"version-history":[{"count":0,"href":"https:\/\/noticiasbahia360.com.br\/index.php?rest_route=\/wp\/v2\/posts\/85720\/revisions"}],"wp:featuredmedia":[{"embeddable":true,"href":"https:\/\/noticiasbahia360.com.br\/index.php?rest_route=\/wp\/v2\/media\/85721"}],"wp:attachment":[{"href":"https:\/\/noticiasbahia360.com.br\/index.php?rest_route=%2Fwp%2Fv2%2Fmedia&parent=85720"}],"wp:term":[{"taxonomy":"category","embeddable":true,"href":"https:\/\/noticiasbahia360.com.br\/index.php?rest_route=%2Fwp%2Fv2%2Fcategories&post=85720"},{"taxonomy":"post_tag","embeddable":true,"href":"https:\/\/noticiasbahia360.com.br\/index.php?rest_route=%2Fwp%2Fv2%2Ftags&post=85720"}],"curies":[{"name":"wp","href":"https:\/\/api.w.org\/{rel}","templated":true}]}}