{"id":85724,"date":"2025-05-11T16:36:50","date_gmt":"2025-05-11T19:36:50","guid":{"rendered":"https:\/\/noticiasbahia360.com.br\/?p=85724"},"modified":"2025-05-11T16:36:50","modified_gmt":"2025-05-11T19:36:50","slug":"confronto-com-a-policia-durante-festa-paredao-em-salvador-deixa-dois-mortos","status":"publish","type":"post","link":"https:\/\/noticiasbahia360.com.br\/?p=85724","title":{"rendered":"Confronto com a pol\u00edcia durante festa pared\u00e3o em Salvador deixa dois mortos"},"content":{"rendered":"<div>\n<div>\n<figure><img decoding=\"async\" src=\"http:\/\/noticiasbahia360.com.br\/wp-content\/uploads\/2025\/05\/jovens_confronto_redessociais.jpg\" alt=\"Pared\u00e3o em Pernambu\u00e9s\"><figcaption>Foto: Reprodu\u00e7\u00e3o\/Redes Sociais<\/figcaption><\/figure>\n<\/div>\n<p>Na madrugada deste domingo (11), dois jovens morreram ap\u00f3s um confronto com a pol\u00edcia no bairro de Pernambu\u00e9s, em <a href=\"https:\/\/www.acordacidade.com.br\/tag\/salvador-3\/\">Salvador<\/a>. Segundo testemunhas, eles participavam de uma festa do tipo pared\u00e3o na regi\u00e3o conhecida como Manguinho quando houve uma troca de tiros com agentes do Batalh\u00e3o de Patrulhamento T\u00e1tico M\u00f3vel (Bpatamo).<\/p>\n<p>De acordo com o Portal Bnews, a Pol\u00edcia Militar foi acionada para averiguar uma den\u00fancia an\u00f4nima de tr\u00e1fico de drogas e perturba\u00e7\u00e3o do sossego, com relatos de homens armados no local. Segundo a PM, ao chegar \u00e0 festa, a guarni\u00e7\u00e3o foi recebida a tiros e houve confronto, resultando na fuga de parte do grupo suspeito.<\/p>\n<p>Durante o patrulhamento, dois homens identificados apenas como Ruan e Patrick foram encontrados baleados. Eles chegaram a ser socorridos para o Hospital Geral Roberto Santos, mas n\u00e3o resistiram aos ferimentos.<\/p>\n<p>Em nota, a Pol\u00edcia Militar informou que, durante a a\u00e7\u00e3o, foram apreendidas uma submetralhadora artesanal calibre 9mm, duas pistolas do mesmo calibre, cinco carregadores (tr\u00eas alongados), 107 muni\u00e7\u00f5es de calibres diversos, dois rel\u00f3gios e uma corrente dourada.<\/p>\n<p>O caso est\u00e1 sendo investigado pelo Departamento de Homic\u00eddios e Prote\u00e7\u00e3o \u00e0 Pessoa (DHPP), para onde o material apreendido foi encaminhado.<\/p>\n<p><em>Siga o Acorda Cidade no<\/em><a href=\"https:\/\/news.google.com\/search?q=acorda%20cidade&amp;hl=pt-BR&amp;gl=BR&amp;ceid=BR%3Apt-419\"><strong><em> Google Not\u00edcias<\/em><\/strong><\/a><em> e receba os principais destaques do dia. Participe tamb\u00e9m dos nossos canais no <\/em><a href=\"https:\/\/whatsapp.com\/channel\/0029Va6Rb4v3WHTNnsh8WI3N\"><strong><em>WhatsApp<\/em><\/strong><\/a><em> e <\/em><a href=\"https:\/\/www.youtube.com\/@acordacidadenoticias\/videos\"><strong>Youtube<\/strong><\/a><em> e grupo de <\/em><a href=\"https:\/\/t.me\/+sSz0khrgARA0ZmRh\"><strong><em>Telegram<\/em><\/strong><\/a><em>.<\/em><\/p>\n<\/div>\n","protected":false},"excerpt":{"rendered":"<div>\n<div>\n<figure><img decoding=\"async\" src=\"https:\/\/uploads.acordacidade.com.br\/2025\/05\/jovens_confronto_redessociais.jpg\" alt=\"Pared\u00e3o em Pernambu\u00e9s\"><figcaption>Foto: Reprodu\u00e7\u00e3o\/Redes Sociais<\/figcaption><\/figure>\n<\/div>\n<p>Em nota, a Pol\u00edcia Militar informou que, durante a a\u00e7\u00e3o, foram apreendidas uma submetralhadora artesanal calibre 9mm.<\/p><\/div>\n","protected":false},"author":1,"featured_media":85725,"comment_status":"closed","ping_status":"closed","sticky":false,"template":"","format":"gallery","meta":{"footnotes":""},"categories":[8,9,6,57,56,10],"tags":[],"class_list":["post-85724","post","type-post","status-publish","format-gallery","has-post-thumbnail","hentry","category-bahia","category-brasil","category-feira-de-santana","category-mundo","category-policia","category-politica","post_format-post-format-gallery"],"featured_image_urls":{"full":["https:\/\/noticiasbahia360.com.br\/wp-content\/uploads\/2025\/05\/jovens_confronto_redessociais.jpg",1200,676,false],"thumbnail":["https:\/\/noticiasbahia360.com.br\/wp-content\/uploads\/2025\/05\/jovens_confronto_redessociais-150x150.jpg",150,150,true],"medium":["https:\/\/noticiasbahia360.com.br\/wp-content\/uploads\/2025\/05\/jovens_confronto_redessociais-300x169.jpg",300,169,true],"medium_large":["https:\/\/noticiasbahia360.com.br\/wp-content\/uploads\/2025\/05\/jovens_confronto_redessociais-768x433.jpg",640,361,true],"large":["https:\/\/noticiasbahia360.com.br\/wp-content\/uploads\/2025\/05\/jovens_confronto_redessociais-1024x577.jpg",640,361,true],"1536x1536":["https:\/\/noticiasbahia360.com.br\/wp-content\/uploads\/2025\/05\/jovens_confronto_redessociais.jpg",1200,676,false],"2048x2048":["https:\/\/noticiasbahia360.com.br\/wp-content\/uploads\/2025\/05\/jovens_confronto_redessociais.jpg",1200,676,false],"chromenews-featured":["https:\/\/noticiasbahia360.com.br\/wp-content\/uploads\/2025\/05\/jovens_confronto_redessociais-1024x577.jpg",1024,577,true],"chromenews-large":["https:\/\/noticiasbahia360.com.br\/wp-content\/uploads\/2025\/05\/jovens_confronto_redessociais-825x575.jpg",825,575,true],"chromenews-medium":["https:\/\/noticiasbahia360.com.br\/wp-content\/uploads\/2025\/05\/jovens_confronto_redessociais-590x410.jpg",590,410,true]},"author_info":{"display_name":"noticiasbahia360.com.br","author_link":"https:\/\/noticiasbahia360.com.br\/?author=1"},"category_info":"<a href=\"https:\/\/noticiasbahia360.com.br\/?cat=8\" rel=\"category\">Bahia<\/a> <a href=\"https:\/\/noticiasbahia360.com.br\/?cat=9\" rel=\"category\">Brasil<\/a> <a href=\"https:\/\/noticiasbahia360.com.br\/?cat=6\" rel=\"category\">Feira de Santana<\/a> <a href=\"https:\/\/noticiasbahia360.com.br\/?cat=57\" rel=\"category\">Mundo<\/a> <a href=\"https:\/\/noticiasbahia360.com.br\/?cat=56\" rel=\"category\">Pol\u00edcia<\/a> <a href=\"https:\/\/noticiasbahia360.com.br\/?cat=10\" rel=\"category\">Pol\u00edtica<\/a>","tag_info":"Pol\u00edtica","comment_count":"0","_links":{"self":[{"href":"https:\/\/noticiasbahia360.com.br\/index.php?rest_route=\/wp\/v2\/posts\/85724","targetHints":{"allow":["GET"]}}],"collection":[{"href":"https:\/\/noticiasbahia360.com.br\/index.php?rest_route=\/wp\/v2\/posts"}],"about":[{"href":"https:\/\/noticiasbahia360.com.br\/index.php?rest_route=\/wp\/v2\/types\/post"}],"author":[{"embeddable":true,"href":"https:\/\/noticiasbahia360.com.br\/index.php?rest_route=\/wp\/v2\/users\/1"}],"replies":[{"embeddable":true,"href":"https:\/\/noticiasbahia360.com.br\/index.php?rest_route=%2Fwp%2Fv2%2Fcomments&post=85724"}],"version-history":[{"count":0,"href":"https:\/\/noticiasbahia360.com.br\/index.php?rest_route=\/wp\/v2\/posts\/85724\/revisions"}],"wp:featuredmedia":[{"embeddable":true,"href":"https:\/\/noticiasbahia360.com.br\/index.php?rest_route=\/wp\/v2\/media\/85725"}],"wp:attachment":[{"href":"https:\/\/noticiasbahia360.com.br\/index.php?rest_route=%2Fwp%2Fv2%2Fmedia&parent=85724"}],"wp:term":[{"taxonomy":"category","embeddable":true,"href":"https:\/\/noticiasbahia360.com.br\/index.php?rest_route=%2Fwp%2Fv2%2Fcategories&post=85724"},{"taxonomy":"post_tag","embeddable":true,"href":"https:\/\/noticiasbahia360.com.br\/index.php?rest_route=%2Fwp%2Fv2%2Ftags&post=85724"}],"curies":[{"name":"wp","href":"https:\/\/api.w.org\/{rel}","templated":true}]}}