{"id":85726,"date":"2025-05-11T16:40:16","date_gmt":"2025-05-11T19:40:16","guid":{"rendered":"https:\/\/noticiasbahia360.com.br\/?p=85726"},"modified":"2025-05-11T16:40:16","modified_gmt":"2025-05-11T19:40:16","slug":"colisao-entre-mototaxi-e-cavalo-na-ba-001-termina-com-tres-mortos","status":"publish","type":"post","link":"https:\/\/noticiasbahia360.com.br\/?p=85726","title":{"rendered":"Colis\u00e3o entre motot\u00e1xi e cavalo na BA-001 termina com tr\u00eas mortos"},"content":{"rendered":"<div>\n<div>\n<figure><img decoding=\"async\" src=\"http:\/\/noticiasbahia360.com.br\/wp-content\/uploads\/2025\/05\/acidente_veracruz_redessociais.jpg\" alt=\"V\u00edtimas de acidente com cavalo\"><figcaption>Foto: Reprodu\u00e7\u00e3o<\/figcaption><\/figure>\n<\/div>\n<p>Um grave acidente envolvendo um motot\u00e1xi e um cavalo resultou em tr\u00eas mortes na noite de s\u00e1bado (10), na rodovia BA-001, pr\u00f3ximo ao entroncamento de Mar Grande, em <a href=\"https:\/\/www.acordacidade.com.br\/tag\/vera-cruz\/\">Vera Cruz<\/a>. Segundo informa\u00e7\u00f5es do Al\u00f4 Juca, parceiro do Bahia Not\u00edcias, uma das v\u00edtimas foi Clemilson, gerente da empresa Vera Cruz Transporte, que estava na garupa do motot\u00e1xi no momento da colis\u00e3o. Ele n\u00e3o resistiu aos ferimentos e morreu no local.<\/p>\n<p>O propriet\u00e1rio do cavalo, que retornava de uma cavalgada e conduzia o animal pelo acostamento, tamb\u00e9m morreu devido ao forte impacto. O mototaxista, identificado como \u201cMuruim\u201d, foi socorrido em estado grave e levado para a Unidade de Pronto Atendimento (UPA) de Mar Grande, mas n\u00e3o resistiu aos ferimentos e veio a \u00f3bito no domingo (11), elevando o n\u00famero de mortos para tr\u00eas.<\/p>\n<p><em>Fonte: <a href=\"https:\/\/www.bahianoticias.com.br\/municipios\/noticia\/45183-acidente-entre-mototaxi-e-cavalo-deixa-tres-mortos-na-ba-001\" target=\"_blank\" rel=\"noreferrer noopener\">Bahia Not\u00edcias<\/a>, parceiro do Acorda Cidade<\/em><\/p>\n<p><em>Siga o Acorda Cidade no<\/em><a href=\"https:\/\/news.google.com\/search?q=acorda%20cidade&amp;hl=pt-BR&amp;gl=BR&amp;ceid=BR%3Apt-419\"><strong><em> Google Not\u00edcias<\/em><\/strong><\/a><em> e receba os principais destaques do dia. Participe tamb\u00e9m dos nossos canais no <\/em><a href=\"https:\/\/whatsapp.com\/channel\/0029Va6Rb4v3WHTNnsh8WI3N\"><strong><em>WhatsApp<\/em><\/strong><\/a><em> e <\/em><a href=\"https:\/\/www.youtube.com\/@acordacidadenoticias\/videos\"><strong>Youtube<\/strong><\/a><em> e grupo de <\/em><a href=\"https:\/\/t.me\/+sSz0khrgARA0ZmRh\"><strong><em>Telegram<\/em><\/strong><\/a><em>.<\/em><\/p>\n<\/div>\n","protected":false},"excerpt":{"rendered":"<div>\n<div>\n<figure><img decoding=\"async\" src=\"https:\/\/uploads.acordacidade.com.br\/2025\/05\/acidente_veracruz_redessociais.jpg\" alt=\"V\u00edtimas de acidente com cavalo\"><figcaption>Foto: Reprodu\u00e7\u00e3o<\/figcaption><\/figure>\n<\/div>\n<p>O propriet\u00e1rio do cavalo, que retornava de uma cavalgada e conduzia o animal pelo acostamento, tamb\u00e9m morreu devido ao forte impacto.<\/p><\/div>\n","protected":false},"author":1,"featured_media":85727,"comment_status":"closed","ping_status":"closed","sticky":false,"template":"","format":"gallery","meta":{"footnotes":""},"categories":[8,9,6,57,56,10],"tags":[],"class_list":["post-85726","post","type-post","status-publish","format-gallery","has-post-thumbnail","hentry","category-bahia","category-brasil","category-feira-de-santana","category-mundo","category-policia","category-politica","post_format-post-format-gallery"],"featured_image_urls":{"full":["https:\/\/noticiasbahia360.com.br\/wp-content\/uploads\/2025\/05\/acidente_veracruz_redessociais.jpg",1200,630,false],"thumbnail":["https:\/\/noticiasbahia360.com.br\/wp-content\/uploads\/2025\/05\/acidente_veracruz_redessociais-150x150.jpg",150,150,true],"medium":["https:\/\/noticiasbahia360.com.br\/wp-content\/uploads\/2025\/05\/acidente_veracruz_redessociais-300x158.jpg",300,158,true],"medium_large":["https:\/\/noticiasbahia360.com.br\/wp-content\/uploads\/2025\/05\/acidente_veracruz_redessociais-768x403.jpg",640,336,true],"large":["https:\/\/noticiasbahia360.com.br\/wp-content\/uploads\/2025\/05\/acidente_veracruz_redessociais-1024x538.jpg",640,336,true],"1536x1536":["https:\/\/noticiasbahia360.com.br\/wp-content\/uploads\/2025\/05\/acidente_veracruz_redessociais.jpg",1200,630,false],"2048x2048":["https:\/\/noticiasbahia360.com.br\/wp-content\/uploads\/2025\/05\/acidente_veracruz_redessociais.jpg",1200,630,false],"chromenews-featured":["https:\/\/noticiasbahia360.com.br\/wp-content\/uploads\/2025\/05\/acidente_veracruz_redessociais-1024x538.jpg",1024,538,true],"chromenews-large":["https:\/\/noticiasbahia360.com.br\/wp-content\/uploads\/2025\/05\/acidente_veracruz_redessociais-825x575.jpg",825,575,true],"chromenews-medium":["https:\/\/noticiasbahia360.com.br\/wp-content\/uploads\/2025\/05\/acidente_veracruz_redessociais-590x410.jpg",590,410,true]},"author_info":{"display_name":"noticiasbahia360.com.br","author_link":"https:\/\/noticiasbahia360.com.br\/?author=1"},"category_info":"<a href=\"https:\/\/noticiasbahia360.com.br\/?cat=8\" rel=\"category\">Bahia<\/a> <a href=\"https:\/\/noticiasbahia360.com.br\/?cat=9\" rel=\"category\">Brasil<\/a> <a href=\"https:\/\/noticiasbahia360.com.br\/?cat=6\" rel=\"category\">Feira de Santana<\/a> <a href=\"https:\/\/noticiasbahia360.com.br\/?cat=57\" rel=\"category\">Mundo<\/a> <a href=\"https:\/\/noticiasbahia360.com.br\/?cat=56\" rel=\"category\">Pol\u00edcia<\/a> <a href=\"https:\/\/noticiasbahia360.com.br\/?cat=10\" rel=\"category\">Pol\u00edtica<\/a>","tag_info":"Pol\u00edtica","comment_count":"0","_links":{"self":[{"href":"https:\/\/noticiasbahia360.com.br\/index.php?rest_route=\/wp\/v2\/posts\/85726","targetHints":{"allow":["GET"]}}],"collection":[{"href":"https:\/\/noticiasbahia360.com.br\/index.php?rest_route=\/wp\/v2\/posts"}],"about":[{"href":"https:\/\/noticiasbahia360.com.br\/index.php?rest_route=\/wp\/v2\/types\/post"}],"author":[{"embeddable":true,"href":"https:\/\/noticiasbahia360.com.br\/index.php?rest_route=\/wp\/v2\/users\/1"}],"replies":[{"embeddable":true,"href":"https:\/\/noticiasbahia360.com.br\/index.php?rest_route=%2Fwp%2Fv2%2Fcomments&post=85726"}],"version-history":[{"count":0,"href":"https:\/\/noticiasbahia360.com.br\/index.php?rest_route=\/wp\/v2\/posts\/85726\/revisions"}],"wp:featuredmedia":[{"embeddable":true,"href":"https:\/\/noticiasbahia360.com.br\/index.php?rest_route=\/wp\/v2\/media\/85727"}],"wp:attachment":[{"href":"https:\/\/noticiasbahia360.com.br\/index.php?rest_route=%2Fwp%2Fv2%2Fmedia&parent=85726"}],"wp:term":[{"taxonomy":"category","embeddable":true,"href":"https:\/\/noticiasbahia360.com.br\/index.php?rest_route=%2Fwp%2Fv2%2Fcategories&post=85726"},{"taxonomy":"post_tag","embeddable":true,"href":"https:\/\/noticiasbahia360.com.br\/index.php?rest_route=%2Fwp%2Fv2%2Ftags&post=85726"}],"curies":[{"name":"wp","href":"https:\/\/api.w.org\/{rel}","templated":true}]}}