{"id":85728,"date":"2025-05-11T16:51:02","date_gmt":"2025-05-11T19:51:02","guid":{"rendered":"https:\/\/noticiasbahia360.com.br\/?p=85728"},"modified":"2025-05-11T16:51:02","modified_gmt":"2025-05-11T19:51:02","slug":"morte-de-guia-turistico-em-operacao-policial-gera-revolta-em-caraiva-alvo-era-investigado-por-trafico","status":"publish","type":"post","link":"https:\/\/noticiasbahia360.com.br\/?p=85728","title":{"rendered":"Morte de guia tur\u00edstico em opera\u00e7\u00e3o policial gera revolta em Cara\u00edva; alvo era investigado por tr\u00e1fico"},"content":{"rendered":"<div>\n<div>\n<figure><img decoding=\"async\" src=\"http:\/\/noticiasbahia360.com.br\/wp-content\/uploads\/2025\/05\/vitinho_redessociais.jpg\" alt=\"Vitinho\"><figcaption>Foto: Redes Sociais<\/figcaption><\/figure>\n<\/div>\n<p>A morte de Victor Cerqueira Santos Santana, conhecido como Vitinho, durante uma opera\u00e7\u00e3o policial na noite de s\u00e1bado (10), provocou indigna\u00e7\u00e3o entre moradores, empres\u00e1rios e visitantes de Cara\u00edva, distrito do sul da <a href=\"https:\/\/www.acordacidade.com.br\/tag\/bahia\/\">Bahia<\/a>.<\/p>\n<p>Vitinho, que trabalhava como guia tur\u00edstico, foi baleado e n\u00e3o resistiu aos ferimentos. Segundo relatos da comunidade, ele era muito querido e n\u00e3o tinha envolvimento com o crime.<\/p>\n<p>De acordo com o Portal Radar News, parceiro do Acorda Cidade, a a\u00e7\u00e3o foi realizada por equipes da CORE, BOPE, Pol\u00edcia Federal e GAECO, com apoio a\u00e9reo. O principal alvo da opera\u00e7\u00e3o era Davisson Sampaio dos Santos, de 23 anos, apelidado de \u201cAlongado\u201d, que tamb\u00e9m foi morto.<\/p>\n<p>A pol\u00edcia afirma que Alongado era procurado por envolvimento com tr\u00e1fico de armas e drogas, homic\u00eddios, roubo e lavagem de dinheiro. Ainda segundo as autoridades, Vitinho seria seguran\u00e7a de Alongado e teria reagido durante a abordagem.<\/p>\n<p>Essa vers\u00e3o, no entanto, \u00e9 contestada por moradores, que afirmam que Vitinho foi morto por engano. Nas redes sociais, surgiram den\u00fancias de racismo, j\u00e1 que a v\u00edtima era um jovem negro. V\u00eddeos com registros da vida cotidiana de Vitinho t\u00eam circulado, refor\u00e7ando a como\u00e7\u00e3o popular.<\/p>\n<p>At\u00e9 o momento, a pol\u00edcia n\u00e3o se pronunciou sobre as alega\u00e7\u00f5es de que um inocente teria sido morto. Informou apenas que a opera\u00e7\u00e3o teve como objetivo cumprir mandados contra integrantes do crime organizado, e que foram apreendidas armas, muni\u00e7\u00f5es e drogas.<\/p>\n<p><em>Siga o Acorda Cidade no<\/em><a href=\"https:\/\/news.google.com\/search?q=acorda%20cidade&amp;hl=pt-BR&amp;gl=BR&amp;ceid=BR%3Apt-419\"><strong><em> Google Not\u00edcias<\/em><\/strong><\/a><em> e receba os principais destaques do dia. Participe tamb\u00e9m dos nossos canais no <\/em><a href=\"https:\/\/whatsapp.com\/channel\/0029Va6Rb4v3WHTNnsh8WI3N\"><strong><em>WhatsApp<\/em><\/strong><\/a><em> e <\/em><a href=\"https:\/\/www.youtube.com\/@acordacidadenoticias\/videos\"><strong>Youtube<\/strong><\/a><em> e grupo de <\/em><a href=\"https:\/\/t.me\/+sSz0khrgARA0ZmRh\"><strong><em>Telegram<\/em><\/strong><\/a><em>.<\/em><\/p>\n<\/div>\n","protected":false},"excerpt":{"rendered":"<div>\n<div>\n<figure><img decoding=\"async\" src=\"https:\/\/uploads.acordacidade.com.br\/2025\/05\/vitinho_redessociais.jpg\" alt=\"Vitinho\"><figcaption>Foto: Redes Sociais<\/figcaption><\/figure>\n<\/div>\n<p>O principal alvo da opera\u00e7\u00e3o era Davisson Sampaio dos Santos, de 23 anos.<\/p><\/div>\n","protected":false},"author":1,"featured_media":85729,"comment_status":"closed","ping_status":"closed","sticky":false,"template":"","format":"gallery","meta":{"footnotes":""},"categories":[8,9,6,57,56,10],"tags":[],"class_list":["post-85728","post","type-post","status-publish","format-gallery","has-post-thumbnail","hentry","category-bahia","category-brasil","category-feira-de-santana","category-mundo","category-policia","category-politica","post_format-post-format-gallery"],"featured_image_urls":{"full":["https:\/\/noticiasbahia360.com.br\/wp-content\/uploads\/2025\/05\/vitinho_redessociais.jpg",1200,795,false],"thumbnail":["https:\/\/noticiasbahia360.com.br\/wp-content\/uploads\/2025\/05\/vitinho_redessociais-150x150.jpg",150,150,true],"medium":["https:\/\/noticiasbahia360.com.br\/wp-content\/uploads\/2025\/05\/vitinho_redessociais-300x199.jpg",300,199,true],"medium_large":["https:\/\/noticiasbahia360.com.br\/wp-content\/uploads\/2025\/05\/vitinho_redessociais-768x509.jpg",640,424,true],"large":["https:\/\/noticiasbahia360.com.br\/wp-content\/uploads\/2025\/05\/vitinho_redessociais-1024x678.jpg",640,424,true],"1536x1536":["https:\/\/noticiasbahia360.com.br\/wp-content\/uploads\/2025\/05\/vitinho_redessociais.jpg",1200,795,false],"2048x2048":["https:\/\/noticiasbahia360.com.br\/wp-content\/uploads\/2025\/05\/vitinho_redessociais.jpg",1200,795,false],"chromenews-featured":["https:\/\/noticiasbahia360.com.br\/wp-content\/uploads\/2025\/05\/vitinho_redessociais-1024x678.jpg",1024,678,true],"chromenews-large":["https:\/\/noticiasbahia360.com.br\/wp-content\/uploads\/2025\/05\/vitinho_redessociais-825x575.jpg",825,575,true],"chromenews-medium":["https:\/\/noticiasbahia360.com.br\/wp-content\/uploads\/2025\/05\/vitinho_redessociais-590x410.jpg",590,410,true]},"author_info":{"display_name":"noticiasbahia360.com.br","author_link":"https:\/\/noticiasbahia360.com.br\/?author=1"},"category_info":"<a href=\"https:\/\/noticiasbahia360.com.br\/?cat=8\" rel=\"category\">Bahia<\/a> <a href=\"https:\/\/noticiasbahia360.com.br\/?cat=9\" rel=\"category\">Brasil<\/a> <a href=\"https:\/\/noticiasbahia360.com.br\/?cat=6\" rel=\"category\">Feira de Santana<\/a> <a href=\"https:\/\/noticiasbahia360.com.br\/?cat=57\" rel=\"category\">Mundo<\/a> <a href=\"https:\/\/noticiasbahia360.com.br\/?cat=56\" rel=\"category\">Pol\u00edcia<\/a> <a href=\"https:\/\/noticiasbahia360.com.br\/?cat=10\" rel=\"category\">Pol\u00edtica<\/a>","tag_info":"Pol\u00edtica","comment_count":"0","_links":{"self":[{"href":"https:\/\/noticiasbahia360.com.br\/index.php?rest_route=\/wp\/v2\/posts\/85728","targetHints":{"allow":["GET"]}}],"collection":[{"href":"https:\/\/noticiasbahia360.com.br\/index.php?rest_route=\/wp\/v2\/posts"}],"about":[{"href":"https:\/\/noticiasbahia360.com.br\/index.php?rest_route=\/wp\/v2\/types\/post"}],"author":[{"embeddable":true,"href":"https:\/\/noticiasbahia360.com.br\/index.php?rest_route=\/wp\/v2\/users\/1"}],"replies":[{"embeddable":true,"href":"https:\/\/noticiasbahia360.com.br\/index.php?rest_route=%2Fwp%2Fv2%2Fcomments&post=85728"}],"version-history":[{"count":0,"href":"https:\/\/noticiasbahia360.com.br\/index.php?rest_route=\/wp\/v2\/posts\/85728\/revisions"}],"wp:featuredmedia":[{"embeddable":true,"href":"https:\/\/noticiasbahia360.com.br\/index.php?rest_route=\/wp\/v2\/media\/85729"}],"wp:attachment":[{"href":"https:\/\/noticiasbahia360.com.br\/index.php?rest_route=%2Fwp%2Fv2%2Fmedia&parent=85728"}],"wp:term":[{"taxonomy":"category","embeddable":true,"href":"https:\/\/noticiasbahia360.com.br\/index.php?rest_route=%2Fwp%2Fv2%2Fcategories&post=85728"},{"taxonomy":"post_tag","embeddable":true,"href":"https:\/\/noticiasbahia360.com.br\/index.php?rest_route=%2Fwp%2Fv2%2Ftags&post=85728"}],"curies":[{"name":"wp","href":"https:\/\/api.w.org\/{rel}","templated":true}]}}