{"id":85730,"date":"2025-05-11T19:07:46","date_gmt":"2025-05-11T22:07:46","guid":{"rendered":"https:\/\/noticiasbahia360.com.br\/?p=85730"},"modified":"2025-05-11T19:07:46","modified_gmt":"2025-05-11T22:07:46","slug":"campanha-de-vacinacao-para-caes-e-gatos-acontece-a-partir-de-segunda-12-em-feira-de-santana","status":"publish","type":"post","link":"https:\/\/noticiasbahia360.com.br\/?p=85730","title":{"rendered":"Campanha de vacina\u00e7\u00e3o para c\u00e3es e gatos acontece a partir de segunda (12) em Feira de Santana"},"content":{"rendered":"<div>\n<div>\n<figure><img decoding=\"async\" src=\"https:\/\/uploads.acordacidade.com.br\/wp-content\/uploads\/2024\/08\/17120002\/vacinacao-centro-de-zoonoses-foto-ed-santos-acorda-cidade-02.jpg\" alt=\"campanha de vacina\u00e7\u00e3o c\u00e3es e gatos centro de zoonoses\"><figcaption>Foto: Ed Santos \/ Acorda Cidade <\/figcaption><\/figure>\n<\/div>\n<p>A Secretaria Municipal de Sa\u00fade, por meio do Centro de Controle de Zoonoses (CCZ), dar\u00e1 continuidade \u00e0 vacina\u00e7\u00e3o contra a raiva em <a href=\"https:\/\/www.acordacidade.com.br\/tag\/caes-2\/\">c\u00e3es<\/a> e gatos nas unidades de sa\u00fade, na pr\u00f3xima semana.\u00a0<\/p>\n<p>Na segunda-feira (12) a vacina\u00e7\u00e3o vai ocorrer na UBS Cassa, no bairro Santa M\u00f4nica, das 9h \u00e0s 14h. Na ter\u00e7a-feira (13) na unidade de sa\u00fade do Irm\u00e3 Dulce tamb\u00e9m das 9h \u00e0s 14h. Tamb\u00e9m est\u00e1 previsto a vacina\u00e7\u00e3o nos distritos, cuja data ser\u00e1 divulgada dentro em breve.<\/p>\n<p>Podem ser vacinados animais saud\u00e1veis a partir dos tr\u00eas meses de idade. \u00c9 recomendado que os tutores transportem os pets de maneira segura \u2013 os gatos em caixas apropriadas, enquanto os c\u00e3es devem estar em coleiras ou correntes.<\/p>\n<p>O Centro de Controle de Zoonoses alerta que os pets que foram vacinados h\u00e1 12 meses devem ser imunizados novamente. Esta \u00e9 a maneira mais eficaz utilizada no controle da raiva.<\/p>\n<p>Al\u00e9m disso, os donos de animais tamb\u00e9m podem realizar a imuniza\u00e7\u00e3o na sede do CCZ, localizada na avenida Eduardo Fr\u00f3es da Mota, S\/N. O atendimento \u00e9 das 8h \u00e0s 15h.<\/p>\n<p><em>As informa\u00e7\u00f5es s\u00e3o da Secretaria de Comunica\u00e7\u00e3o Social<\/em><\/p>\n<p><em>Siga o Acorda Cidade no<\/em><a href=\"https:\/\/news.google.com\/search?q=acorda%20cidade&amp;hl=pt-BR&amp;gl=BR&amp;ceid=BR%3Apt-419\"><strong><em> Google Not\u00edcias<\/em><\/strong><\/a><em> e receba os principais destaques do dia. Participe tamb\u00e9m dos nossos canais no <\/em><a href=\"https:\/\/whatsapp.com\/channel\/0029Va6Rb4v3WHTNnsh8WI3N\"><strong><em>WhatsApp<\/em><\/strong><\/a><em> e <\/em><a href=\"https:\/\/www.youtube.com\/@acordacidadenoticias\/videos\"><strong>Youtube<\/strong><\/a><em> e grupo de <\/em><a href=\"https:\/\/t.me\/+sSz0khrgARA0ZmRh\"><strong><em>Telegram<\/em><\/strong><\/a><em>.<\/em><\/p>\n<\/div>\n","protected":false},"excerpt":{"rendered":"<div>\n<div>\n<figure><img decoding=\"async\" src=\"https:\/\/uploads.acordacidade.com.br\/wp-content\/uploads\/2024\/08\/17120002\/vacinacao-centro-de-zoonoses-foto-ed-santos-acorda-cidade-02.jpg\" alt=\"campanha de vacina\u00e7\u00e3o c\u00e3es e gatos centro de zoonoses\"><figcaption>Foto: Ed Santos \/ Acorda Cidade <\/figcaption><\/figure>\n<\/div>\n<p>Na segunda-feira (12) a vacina\u00e7\u00e3o vai ocorrer na UBS Cassa, no bairro Santa M\u00f4nica, das 9h \u00e0s 14h.<\/p><\/div>\n","protected":false},"author":1,"featured_media":0,"comment_status":"closed","ping_status":"closed","sticky":false,"template":"","format":"gallery","meta":{"footnotes":""},"categories":[8,9,6,57,56,10],"tags":[],"class_list":["post-85730","post","type-post","status-publish","format-gallery","hentry","category-bahia","category-brasil","category-feira-de-santana","category-mundo","category-policia","category-politica","post_format-post-format-gallery"],"featured_image_urls":{"full":"","thumbnail":"","medium":"","medium_large":"","large":"","1536x1536":"","2048x2048":"","chromenews-featured":"","chromenews-large":"","chromenews-medium":""},"author_info":{"display_name":"noticiasbahia360.com.br","author_link":"https:\/\/noticiasbahia360.com.br\/?author=1"},"category_info":"<a href=\"https:\/\/noticiasbahia360.com.br\/?cat=8\" rel=\"category\">Bahia<\/a> <a href=\"https:\/\/noticiasbahia360.com.br\/?cat=9\" rel=\"category\">Brasil<\/a> <a href=\"https:\/\/noticiasbahia360.com.br\/?cat=6\" rel=\"category\">Feira de Santana<\/a> <a href=\"https:\/\/noticiasbahia360.com.br\/?cat=57\" rel=\"category\">Mundo<\/a> <a href=\"https:\/\/noticiasbahia360.com.br\/?cat=56\" rel=\"category\">Pol\u00edcia<\/a> <a href=\"https:\/\/noticiasbahia360.com.br\/?cat=10\" rel=\"category\">Pol\u00edtica<\/a>","tag_info":"Pol\u00edtica","comment_count":"0","_links":{"self":[{"href":"https:\/\/noticiasbahia360.com.br\/index.php?rest_route=\/wp\/v2\/posts\/85730","targetHints":{"allow":["GET"]}}],"collection":[{"href":"https:\/\/noticiasbahia360.com.br\/index.php?rest_route=\/wp\/v2\/posts"}],"about":[{"href":"https:\/\/noticiasbahia360.com.br\/index.php?rest_route=\/wp\/v2\/types\/post"}],"author":[{"embeddable":true,"href":"https:\/\/noticiasbahia360.com.br\/index.php?rest_route=\/wp\/v2\/users\/1"}],"replies":[{"embeddable":true,"href":"https:\/\/noticiasbahia360.com.br\/index.php?rest_route=%2Fwp%2Fv2%2Fcomments&post=85730"}],"version-history":[{"count":0,"href":"https:\/\/noticiasbahia360.com.br\/index.php?rest_route=\/wp\/v2\/posts\/85730\/revisions"}],"wp:attachment":[{"href":"https:\/\/noticiasbahia360.com.br\/index.php?rest_route=%2Fwp%2Fv2%2Fmedia&parent=85730"}],"wp:term":[{"taxonomy":"category","embeddable":true,"href":"https:\/\/noticiasbahia360.com.br\/index.php?rest_route=%2Fwp%2Fv2%2Fcategories&post=85730"},{"taxonomy":"post_tag","embeddable":true,"href":"https:\/\/noticiasbahia360.com.br\/index.php?rest_route=%2Fwp%2Fv2%2Ftags&post=85730"}],"curies":[{"name":"wp","href":"https:\/\/api.w.org\/{rel}","templated":true}]}}