{"id":85731,"date":"2025-05-11T21:35:05","date_gmt":"2025-05-12T00:35:05","guid":{"rendered":"https:\/\/noticiasbahia360.com.br\/?p=85731"},"modified":"2025-05-11T21:35:05","modified_gmt":"2025-05-12T00:35:05","slug":"novo-sistema-de-marcacao-de-consultas-e-exames-sera-implantado-em-feira-de-santana","status":"publish","type":"post","link":"https:\/\/noticiasbahia360.com.br\/?p=85731","title":{"rendered":"Novo sistema de marca\u00e7\u00e3o de consultas e exames ser\u00e1 implantado em Feira de Santana"},"content":{"rendered":"<div>\n<div>\n<figure><img decoding=\"async\" src=\"http:\/\/noticiasbahia360.com.br\/wp-content\/uploads\/2025\/05\/y9ApOhfg-secretariadesaude_googlestreetview.png\" alt=\"Secretaria de Sa\u00fade\"><figcaption>Foto: Reprodu\u00e7\u00e3o | Google Street View<\/figcaption><\/figure>\n<\/div>\n<p>A partir de junho, <a href=\"https:\/\/www.acordacidade.com.br\/tag\/feira-de-santana\/\">Feira de Santana<\/a> implementa um novo modelo de marca\u00e7\u00e3o de exames e consultas, direto nas unidades de sa\u00fade.<\/p>\n<p>Radiografias, eletrocardiogramas (ECG) e exames laboratoriais solicitados na aten\u00e7\u00e3o b\u00e1sica passar\u00e3o a ser agendados no pr\u00f3prio momento da consulta, diretamente na unidade de sa\u00fade. O paciente j\u00e1 sair\u00e1 com data, hor\u00e1rio e local definidos \u2014 sem filas, sem espera por cotas e sem a necessidade de procurar outra unidade para realizar o agendamento.<\/p>\n<p>Nos casos em que o exame n\u00e3o puder ser marcado na hora, os dados ser\u00e3o registrados na pr\u00f3pria unidade e o paciente receber\u00e1 posteriormente a confirma\u00e7\u00e3o com as informa\u00e7\u00f5es completas, por telefone e\/ou WhatsApp. Ou seja, ele n\u00e3o precisar\u00e1 retornar ao posto nem se deslocar novamente para agendar.<\/p>\n<p>Durante o m\u00eas de maio, o novo sistema passa por uma fase de transi\u00e7\u00e3o e testes.<\/p>\n<p>\u201cSabemos que ajustes podem ser necess\u00e1rios, e estamos preparados para aperfei\u00e7oar os processos com base nas necessidades reais de cada territ\u00f3rio, al\u00e9m das sugest\u00f5es das equipes de sa\u00fade e da popula\u00e7\u00e3o\u201d, disse a nota.<\/p>\n<p>Segundo a Secretaria Municipal de Sa\u00fade, essa mudan\u00e7a \u00e9 resultado de um trabalho t\u00e9cnico s\u00f3lido iniciado pela nova gest\u00e3o em janeiro de 2025. Desde ent\u00e3o, foi feito um mapeamento completo do sistema de regula\u00e7\u00e3o, com identifica\u00e7\u00e3o dos principais gargalos e reestrutura\u00e7\u00e3o da l\u00f3gica de acesso aos exames, fundamentada em tr\u00eas pilares: gest\u00e3o eficiente, tecnologia integrada e cuidado com as pessoas.<\/p>\n<p>O que muda na pr\u00e1tica:<\/p>\n<ul class=\"wp-block-list\">\n<li>O paciente n\u00e3o precisar\u00e1 mais buscar unidades diferentes para encontrar vagas;<\/li>\n<li>Todos os exames passam a ser registrados em uma lista \u00fanica, sob gest\u00e3o da Secretaria de Sa\u00fade;<\/li>\n<li>Radiografias, ECGs e exames laboratoriais ser\u00e3o agendados imediatamente ap\u00f3s a consulta;<\/li>\n<li>Os demais exames ter\u00e3o os dados cadastrados e ser\u00e3o confirmados depois, com contato direto ao paciente;<\/li>\n<li>A Secretaria de Sa\u00fade assume o controle da regula\u00e7\u00e3o, trazendo mais efici\u00eancia e transpar\u00eancia.<\/li>\n<\/ul>\n<p>\u201cEstamos superando um modelo antigo, fragmentado e ineficiente. Feira de Santana est\u00e1 construindo um novo padr\u00e3o de acesso \u00e0 sa\u00fade: mais \u00e1gil, justo, inteligente e humano.\u201d, disse a Secretaria de Sa\u00fade.<\/p>\n<p>\u201c\u00c9 uma transforma\u00e7\u00e3o profunda \u2014 planejada com responsabilidade e alimentada pelo di\u00e1logo e pela melhoria cont\u00ednua. Seguimos firmes no compromisso de oferecer um SUS cada vez mais qualificado para toda a popula\u00e7\u00e3o\u201d.<\/p>\n<p><em>Siga o Acorda Cidade no<\/em><a href=\"https:\/\/news.google.com\/search?q=acorda%20cidade&amp;hl=pt-BR&amp;gl=BR&amp;ceid=BR%3Apt-419\"><strong><em> Google Not\u00edcias<\/em><\/strong><\/a><em> e receba os principais destaques do dia. Participe tamb\u00e9m dos nossos canais no <\/em><a href=\"https:\/\/whatsapp.com\/channel\/0029Va6Rb4v3WHTNnsh8WI3N\"><strong><em>WhatsApp<\/em><\/strong><\/a><em> e <\/em><a href=\"https:\/\/www.youtube.com\/@acordacidadenoticias\/videos\"><strong>Youtube<\/strong><\/a><em> e grupo de <\/em><a href=\"https:\/\/t.me\/+sSz0khrgARA0ZmRh\"><strong><em>Telegram<\/em><\/strong><\/a><em>.<\/em><\/p>\n<\/div>\n","protected":false},"excerpt":{"rendered":"<div>\n<div>\n<figure><img decoding=\"async\" src=\"https:\/\/uploads.acordacidade.com.br\/2024\/12\/y9ApOhfg-secretariadesaude_googlestreetview.png\" alt=\"Secretaria de Sa\u00fade\"><figcaption>Foto: Reprodu\u00e7\u00e3o | Google Street View<\/figcaption><\/figure>\n<\/div>\n<p>Os testes de marca\u00e7\u00e3o est\u00e3o sendo realizados no m\u00eas de maio.<\/p><\/div>\n","protected":false},"author":1,"featured_media":85732,"comment_status":"closed","ping_status":"closed","sticky":false,"template":"","format":"gallery","meta":{"footnotes":""},"categories":[8,9,6,57,56,10],"tags":[],"class_list":["post-85731","post","type-post","status-publish","format-gallery","has-post-thumbnail","hentry","category-bahia","category-brasil","category-feira-de-santana","category-mundo","category-policia","category-politica","post_format-post-format-gallery"],"featured_image_urls":{"full":["https:\/\/noticiasbahia360.com.br\/wp-content\/uploads\/2025\/05\/y9ApOhfg-secretariadesaude_googlestreetview.png",640,392,false],"thumbnail":["https:\/\/noticiasbahia360.com.br\/wp-content\/uploads\/2025\/05\/y9ApOhfg-secretariadesaude_googlestreetview-150x150.png",150,150,true],"medium":["https:\/\/noticiasbahia360.com.br\/wp-content\/uploads\/2025\/05\/y9ApOhfg-secretariadesaude_googlestreetview-300x184.png",300,184,true],"medium_large":["https:\/\/noticiasbahia360.com.br\/wp-content\/uploads\/2025\/05\/y9ApOhfg-secretariadesaude_googlestreetview.png",640,392,false],"large":["https:\/\/noticiasbahia360.com.br\/wp-content\/uploads\/2025\/05\/y9ApOhfg-secretariadesaude_googlestreetview.png",640,392,false],"1536x1536":["https:\/\/noticiasbahia360.com.br\/wp-content\/uploads\/2025\/05\/y9ApOhfg-secretariadesaude_googlestreetview.png",640,392,false],"2048x2048":["https:\/\/noticiasbahia360.com.br\/wp-content\/uploads\/2025\/05\/y9ApOhfg-secretariadesaude_googlestreetview.png",640,392,false],"chromenews-featured":["https:\/\/noticiasbahia360.com.br\/wp-content\/uploads\/2025\/05\/y9ApOhfg-secretariadesaude_googlestreetview.png",640,392,false],"chromenews-large":["https:\/\/noticiasbahia360.com.br\/wp-content\/uploads\/2025\/05\/y9ApOhfg-secretariadesaude_googlestreetview.png",640,392,false],"chromenews-medium":["https:\/\/noticiasbahia360.com.br\/wp-content\/uploads\/2025\/05\/y9ApOhfg-secretariadesaude_googlestreetview-590x392.png",590,392,true]},"author_info":{"display_name":"noticiasbahia360.com.br","author_link":"https:\/\/noticiasbahia360.com.br\/?author=1"},"category_info":"<a href=\"https:\/\/noticiasbahia360.com.br\/?cat=8\" rel=\"category\">Bahia<\/a> <a href=\"https:\/\/noticiasbahia360.com.br\/?cat=9\" rel=\"category\">Brasil<\/a> <a href=\"https:\/\/noticiasbahia360.com.br\/?cat=6\" rel=\"category\">Feira de Santana<\/a> <a href=\"https:\/\/noticiasbahia360.com.br\/?cat=57\" rel=\"category\">Mundo<\/a> <a href=\"https:\/\/noticiasbahia360.com.br\/?cat=56\" rel=\"category\">Pol\u00edcia<\/a> <a href=\"https:\/\/noticiasbahia360.com.br\/?cat=10\" rel=\"category\">Pol\u00edtica<\/a>","tag_info":"Pol\u00edtica","comment_count":"0","_links":{"self":[{"href":"https:\/\/noticiasbahia360.com.br\/index.php?rest_route=\/wp\/v2\/posts\/85731","targetHints":{"allow":["GET"]}}],"collection":[{"href":"https:\/\/noticiasbahia360.com.br\/index.php?rest_route=\/wp\/v2\/posts"}],"about":[{"href":"https:\/\/noticiasbahia360.com.br\/index.php?rest_route=\/wp\/v2\/types\/post"}],"author":[{"embeddable":true,"href":"https:\/\/noticiasbahia360.com.br\/index.php?rest_route=\/wp\/v2\/users\/1"}],"replies":[{"embeddable":true,"href":"https:\/\/noticiasbahia360.com.br\/index.php?rest_route=%2Fwp%2Fv2%2Fcomments&post=85731"}],"version-history":[{"count":0,"href":"https:\/\/noticiasbahia360.com.br\/index.php?rest_route=\/wp\/v2\/posts\/85731\/revisions"}],"wp:featuredmedia":[{"embeddable":true,"href":"https:\/\/noticiasbahia360.com.br\/index.php?rest_route=\/wp\/v2\/media\/85732"}],"wp:attachment":[{"href":"https:\/\/noticiasbahia360.com.br\/index.php?rest_route=%2Fwp%2Fv2%2Fmedia&parent=85731"}],"wp:term":[{"taxonomy":"category","embeddable":true,"href":"https:\/\/noticiasbahia360.com.br\/index.php?rest_route=%2Fwp%2Fv2%2Fcategories&post=85731"},{"taxonomy":"post_tag","embeddable":true,"href":"https:\/\/noticiasbahia360.com.br\/index.php?rest_route=%2Fwp%2Fv2%2Ftags&post=85731"}],"curies":[{"name":"wp","href":"https:\/\/api.w.org\/{rel}","templated":true}]}}