{"id":85733,"date":"2025-05-11T21:45:25","date_gmt":"2025-05-12T00:45:25","guid":{"rendered":"https:\/\/noticiasbahia360.com.br\/?p=85733"},"modified":"2025-05-11T21:45:25","modified_gmt":"2025-05-12T00:45:25","slug":"netinho-anuncia-retorno-aos-palcos-apos-tratamento-contra-cancer-linfatico-com-foco-no-axe-raiz","status":"publish","type":"post","link":"https:\/\/noticiasbahia360.com.br\/?p=85733","title":{"rendered":"Netinho anuncia retorno aos palcos ap\u00f3s tratamento contra c\u00e2ncer linf\u00e1tico com foco no \u2018ax\u00e9 raiz\u2019"},"content":{"rendered":"<div>\n<div>\n<figure><img decoding=\"async\" src=\"http:\/\/noticiasbahia360.com.br\/wp-content\/uploads\/2025\/05\/S0npL7WR-Netinho.webp\" alt=\"Netinho\"><figcaption>Netinho | Foto: Reprodu\u00e7\u00e3o\/Redes Sociais <\/figcaption><\/figure>\n<\/div>\n<p>O cantor Netinho, de 58 anos, anunciou atrav\u00e9s das redes sociais, no s\u00e1bado (10), que planeja voltar aos palcos em um show na cidade de <a href=\"https:\/\/www.acordacidade.com.br\/tag\/aracaju\/\">Aracaju<\/a>, capital de Sergipe, ap\u00f3s finalizar o tratamento contra o c\u00e2ncer no sistema linf\u00e1tico.<\/p>\n<p>O artista explicou que a apresenta\u00e7\u00e3o ainda n\u00e3o tem data para acontecer porque est\u00e1 na metade do tratamento e vai ser submetido a um transplante de medula \u00f3ssea.<\/p>\n<p>\u201cSE DEUS ME PERMITIR: j\u00e1 estamos programando a data para o meu retorno aos shows. Ax\u00e9 raiz PURO, sem qualquer vulgaridade ou baixaria. S\u00f3 muita alegria positiva e muita autoestima elevada. MAS N\u00c3O \u00c9 PARA LOGO. Ainda estou na METADE do meu tratamento de quimioterapia e depois dele ainda farei um Transplante de Medula, sem necessidade de doador, DE MIM PRA MIM MESMO! Mas j\u00e1 aviso: meu show de retorno aos shows SER\u00c1 EM ARACAJU\/SE\u201d, disse o cantor.<\/p>\n<p>O transplante de medula \u00f3ssea \u00e9 um tipo de tratamento proposto para algumas doen\u00e7as que afetam as c\u00e9lulas do sangue, como o linfoma, e consiste na substitui\u00e7\u00e3o de uma medula \u00f3ssea doente ou deficit\u00e1ria por c\u00e9lulas normais, com o objetivo de reconstitui\u00e7\u00e3o de uma medula saud\u00e1vel.<\/p>\n<p>O transplante pode ser autog\u00eanico, quando a medula vem do pr\u00f3prio paciente, conforme dito pelo cantor Netinho. J\u00e1 no transplante alog\u00eanico a medula vem de um doador.<\/p>\n<p>O procedimento ainda pode ser feito a partir de c\u00e9lulas precursoras de medula \u00f3ssea, isto \u00e9, obtidas do sangue circulante de um doador ou do cord\u00e3o umbilical.<\/p>\n<p>No dia 9 de maio, Netinho contou que recebeu alta hospitalar e encerrou a terceira fase do tratamento. O artista estava internado no hospital Alian\u00e7a Star, em Salvador. Ele revelou o diagn\u00f3stico do linfoma em mar\u00e7o e est\u00e1 mostrando as etapas do tratamento, pela internet.<\/p>\n<p>Interna\u00e7\u00e3o<\/p>\n<p>No dia 26 de fevereiro, Netinho relatou, no site oficial dele, que sentiu dor nas costas e dificuldades para andar ap\u00f3s fazer tr\u00eas shows no fim de semana, em cidades de Alagoas e Pernambuco.<\/p>\n<p>A p\u00e1gina detalha que as dores surgiram no momento em que ele se deslocava para cortar os cabelos e pegar os figurinos que vestiria no carnaval.<\/p>\n<p>\u201cMeu m\u00e9dico, Dr. Paran\u00e1, quando me examinou, pediu para me internar porque ele disse que tenho o corpo muito mexido pela medicina por causa de tudo que eu passei em 2013\u201d, disse ele.<\/p>\n<p>Naquele ano, o artista sofreu problemas vasculares no abd\u00f4men, depois teve complica\u00e7\u00f5es por conta de uma bi\u00f3psia hep\u00e1tica, com sangramento no f\u00edgado.<\/p>\n<p>\u201cJ\u00e1 fiz tr\u00eas cirurgias no c\u00e9rebro, tenho quatro stents, uma v\u00e1lvula cerebral. Ele precisa, nesse momento, investigar fundo a dor para saber a causa porque pode ser uma coisa pior ou n\u00e3o. Ent\u00e3o, estou fazendo uma s\u00e9rie de exames, exames criteriosos\u201d.<\/p>\n<p>O que \u00e9 linfoma<\/p>\n<p>Conforme o Instituto Nacional do C\u00e2ncer (Inca), linfoma ou Doen\u00e7a de Hodgkin \u00e9 um tipo de c\u00e2ncer que se origina no sistema linf\u00e1tico, conjunto composto por \u00f3rg\u00e3os (linfonodos ou g\u00e2nglios) e tecidos que produzem as c\u00e9lulas respons\u00e1veis pela imunidade e vasos que conduzem essas c\u00e9lulas atrav\u00e9s do corpo.<\/p>\n<p>A doen\u00e7a surge quando uma c\u00e9lula de defesa do corpo, ou linf\u00f3cito, se transforma em uma c\u00e9lula maligna capaz de se multiplicar descontroladamente. A c\u00e9lula maligna come\u00e7a a produzir, nos linfonodos, c\u00f3pias id\u00eanticas, tamb\u00e9m chamadas de clones. Com o passar do tempo, essas c\u00e9lulas malignas podem se disseminar para tecidos pr\u00f3ximos e atingir outras partes do corpo, se n\u00e3o tratadas.<\/p>\n<p>A doen\u00e7a inicia geralmente no pesco\u00e7o e na regi\u00e3o do t\u00f3rax chamada mediastino. O linfoma pode aparecer em qualquer faixa et\u00e1ria, por\u00e9m \u00e9 mais comum entre adolescentes e adultos jovens (15 a 29 anos), adultos (30 a 39 anos) e idosos (75 anos ou mais). Ainda de acordo com o Inca, homens t\u00eam maior propens\u00e3o a desenvolver a enfermidade, em compara\u00e7\u00e3o com as mulheres.<\/p>\n<p>A incid\u00eancia de casos novos permaneceu est\u00e1vel nas \u00faltimas cinco d\u00e9cadas, enquanto a mortalidade foi reduzida em mais de 60% desde o in\u00edcio dos anos 1970 devido aos avan\u00e7os no tratamento. A maioria dos pacientes com linfoma pode ser curada com o tratamento dispon\u00edvel atualmente.<\/p>\n<p><em>Fonte: g1<\/em><\/p>\n<p><em>Siga o Acorda Cidade no<\/em><a href=\"https:\/\/news.google.com\/search?q=acorda%20cidade&amp;hl=pt-BR&amp;gl=BR&amp;ceid=BR%3Apt-419\"><strong><em> Google Not\u00edcias<\/em><\/strong><\/a><em> e receba os principais destaques do dia. Participe tamb\u00e9m dos nossos canais no <\/em><a href=\"https:\/\/whatsapp.com\/channel\/0029Va6Rb4v3WHTNnsh8WI3N\"><strong><em>WhatsApp<\/em><\/strong><\/a><em> e <\/em><a href=\"https:\/\/www.youtube.com\/@acordacidadenoticias\/videos\"><strong>Youtube<\/strong><\/a><em> e grupo de <\/em><a href=\"https:\/\/t.me\/+sSz0khrgARA0ZmRh\"><strong><em>Telegram<\/em><\/strong><\/a><em>.<\/em><\/p>\n<\/div>\n","protected":false},"excerpt":{"rendered":"<div>\n<div>\n<figure><img decoding=\"async\" src=\"https:\/\/uploads.acordacidade.com.br\/2025\/04\/S0npL7WR-Netinho.webp\" alt=\"Netinho\"><figcaption>Netinho | Foto: Reprodu\u00e7\u00e3o\/Redes Sociais <\/figcaption><\/figure>\n<\/div>\n<p>Netinho explicou que a apresenta\u00e7\u00e3o ainda n\u00e3o tem data para acontecer.<\/p><\/div>\n","protected":false},"author":1,"featured_media":85734,"comment_status":"closed","ping_status":"closed","sticky":false,"template":"","format":"gallery","meta":{"footnotes":""},"categories":[8,9,6,57,56,10],"tags":[],"class_list":["post-85733","post","type-post","status-publish","format-gallery","has-post-thumbnail","hentry","category-bahia","category-brasil","category-feira-de-santana","category-mundo","category-policia","category-politica","post_format-post-format-gallery"],"featured_image_urls":{"full":["https:\/\/noticiasbahia360.com.br\/wp-content\/uploads\/2025\/05\/S0npL7WR-Netinho.webp",1200,930,false],"thumbnail":["https:\/\/noticiasbahia360.com.br\/wp-content\/uploads\/2025\/05\/S0npL7WR-Netinho-150x150.webp",150,150,true],"medium":["https:\/\/noticiasbahia360.com.br\/wp-content\/uploads\/2025\/05\/S0npL7WR-Netinho-300x233.webp",300,233,true],"medium_large":["https:\/\/noticiasbahia360.com.br\/wp-content\/uploads\/2025\/05\/S0npL7WR-Netinho-768x595.webp",640,496,true],"large":["https:\/\/noticiasbahia360.com.br\/wp-content\/uploads\/2025\/05\/S0npL7WR-Netinho-1024x794.webp",640,496,true],"1536x1536":["https:\/\/noticiasbahia360.com.br\/wp-content\/uploads\/2025\/05\/S0npL7WR-Netinho.webp",1200,930,false],"2048x2048":["https:\/\/noticiasbahia360.com.br\/wp-content\/uploads\/2025\/05\/S0npL7WR-Netinho.webp",1200,930,false],"chromenews-featured":["https:\/\/noticiasbahia360.com.br\/wp-content\/uploads\/2025\/05\/S0npL7WR-Netinho-1024x794.webp",1024,794,true],"chromenews-large":["https:\/\/noticiasbahia360.com.br\/wp-content\/uploads\/2025\/05\/S0npL7WR-Netinho-825x575.webp",825,575,true],"chromenews-medium":["https:\/\/noticiasbahia360.com.br\/wp-content\/uploads\/2025\/05\/S0npL7WR-Netinho-590x410.webp",590,410,true]},"author_info":{"display_name":"noticiasbahia360.com.br","author_link":"https:\/\/noticiasbahia360.com.br\/?author=1"},"category_info":"<a href=\"https:\/\/noticiasbahia360.com.br\/?cat=8\" rel=\"category\">Bahia<\/a> <a href=\"https:\/\/noticiasbahia360.com.br\/?cat=9\" rel=\"category\">Brasil<\/a> <a href=\"https:\/\/noticiasbahia360.com.br\/?cat=6\" rel=\"category\">Feira de Santana<\/a> <a href=\"https:\/\/noticiasbahia360.com.br\/?cat=57\" rel=\"category\">Mundo<\/a> <a href=\"https:\/\/noticiasbahia360.com.br\/?cat=56\" rel=\"category\">Pol\u00edcia<\/a> <a href=\"https:\/\/noticiasbahia360.com.br\/?cat=10\" rel=\"category\">Pol\u00edtica<\/a>","tag_info":"Pol\u00edtica","comment_count":"0","_links":{"self":[{"href":"https:\/\/noticiasbahia360.com.br\/index.php?rest_route=\/wp\/v2\/posts\/85733","targetHints":{"allow":["GET"]}}],"collection":[{"href":"https:\/\/noticiasbahia360.com.br\/index.php?rest_route=\/wp\/v2\/posts"}],"about":[{"href":"https:\/\/noticiasbahia360.com.br\/index.php?rest_route=\/wp\/v2\/types\/post"}],"author":[{"embeddable":true,"href":"https:\/\/noticiasbahia360.com.br\/index.php?rest_route=\/wp\/v2\/users\/1"}],"replies":[{"embeddable":true,"href":"https:\/\/noticiasbahia360.com.br\/index.php?rest_route=%2Fwp%2Fv2%2Fcomments&post=85733"}],"version-history":[{"count":0,"href":"https:\/\/noticiasbahia360.com.br\/index.php?rest_route=\/wp\/v2\/posts\/85733\/revisions"}],"wp:featuredmedia":[{"embeddable":true,"href":"https:\/\/noticiasbahia360.com.br\/index.php?rest_route=\/wp\/v2\/media\/85734"}],"wp:attachment":[{"href":"https:\/\/noticiasbahia360.com.br\/index.php?rest_route=%2Fwp%2Fv2%2Fmedia&parent=85733"}],"wp:term":[{"taxonomy":"category","embeddable":true,"href":"https:\/\/noticiasbahia360.com.br\/index.php?rest_route=%2Fwp%2Fv2%2Fcategories&post=85733"},{"taxonomy":"post_tag","embeddable":true,"href":"https:\/\/noticiasbahia360.com.br\/index.php?rest_route=%2Fwp%2Fv2%2Ftags&post=85733"}],"curies":[{"name":"wp","href":"https:\/\/api.w.org\/{rel}","templated":true}]}}